{"id":1214207,"date":"2026-08-04T07:06:24","date_gmt":"2026-08-04T07:06:24","guid":{"rendered":"https:\/\/www.europesays.com\/de\/1214207\/"},"modified":"2026-08-04T07:06:24","modified_gmt":"2026-08-04T07:06:24","slug":"32-haus-und-hof-troedelmarkt-in-der-neustadt","status":"publish","type":"post","link":"https:\/\/www.europesays.com\/de\/1214207\/","title":{"rendered":"32. Haus- und Hof-Tr\u00f6delmarkt in der Neustadt"},"content":{"rendered":"<p>Der Gewerbe- und Kulturverein Dresden Neustadt macht die \u00c4u\u00dfere Neustadt wieder zur riesigen Rumpelkammer mit Publikumsverkehr. Am Sonnabend, dem 22. August, hei\u00dft es von 12 bis 18 Uhr: Keller auf, Dachboden leer und raus mit allem, was zu schade zum Wegwerfen, aber zu lange zum Einstauben war. In zw\u00f6lf H\u00f6fen der Neustadt wird wieder gefeilscht, gest\u00f6bert und mit etwas Gl\u00fcck der lang gesuchte Plattenspieler, die Emaillekanne oder die Schallplatte gefunden, von der niemand mehr wusste, dass es sie \u00fcberhaupt gibt.<br \/>\n<img fetchpriority=\"high\" decoding=\"async\" src=\"https:\/\/www.europesays.com\/de\/wp-content\/uploads\/2026\/08\/2017-05-06-Troedlmarkt.jpg\" alt=\"Tr\u00f6delmarkt auf dem Scheunevorplatz - Foto: Archiv Mai 2017\" width=\"2000\" height=\"1125\" class=\"size-full wp-image-58427\"  \/>Tr\u00f6delmarkt auf dem Scheunevorplatz \u2013 Foto: Archiv Mai 2017\n<\/p>\n<p>Diese H\u00f6fe sind dabei<\/p>\n<ul>\n<li>Magdalenenhof (Alaunstra\u00dfe 85)<\/li>\n<li>Sonnenhof (Alaunstra\u00dfe 66\u201368)<\/li>\n<li>Malwinahof im KJH Luise (Louisenstra\u00dfe 41)<\/li>\n<li>Louisengarten (Louisenstra\u00dfe 43) (ausgebucht)<\/li>\n<li>Theaterhof (Louisenstra\u00dfe 47)<\/li>\n<li>Katys Garage (Alaunstra\u00dfe\/Ecke Louisenstra\u00dfe) (ausgebucht)<\/li>\n<li>Scheunehof (Alaunstra\u00dfe 36\u201340)<\/li>\n<li>Bunte Ecke (Alaunstra\u00dfe\/Ecke B\u00f6hmische)<\/li>\n<li>Panamahof (Eingang \u00fcber Louisenstra\u00dfe &amp; G\u00f6rlitzer Stra\u00dfe)<\/li>\n<li>Nordbadpassage (Louisenstra\u00dfe 48)<\/li>\n<li>Louisenhof (Louisenstra\u00dfe 62\u201364)<\/li>\n<li>Martinshof (Martin-Luther-Platz)<\/li>\n<\/ul>\n<p>Reservierung nur online<\/p>\n<p>Wer selbst verkaufen m\u00f6chte, muss sich seinen Platz online sichern. Reservierungen laufen ausschlie\u00dflich \u00fcber <a target=\"_blank\" href=\"https:\/\/www.01099.info\/\" rel=\"nofollow noopener\">www.01099.info<\/a>. Die Reservierungsgeb\u00fchr betr\u00e4gt 7,44 Euro. Wer nicht in der \u00c4u\u00dferen Neustadt wohnt, kann eine \u201eStandard-Reservierung\u201c zum h\u00f6heren Preis buchen.\n<\/p>\n<p>Vor 16 Jahren fing alles mit neun H\u00f6fen an (<a href=\"https:\/\/www.neustadt-ticker.de\/8273\/aktuell\/nachrichten\/neustadt-wird-zur-flohkiste\" rel=\"nofollow noopener\" target=\"_blank\">Neustadt-Gefl\u00fcster vom 1. Oktober 2010<\/a>). Inzwischen sind es zw\u00f6lf Stationen. Und ja: Der Martin-Luther-Platz, der Scheunevorplatz oder die Bunte Ecke sind streng genommen gar keine H\u00f6fe. Aber dar\u00fcber regt sich an diesem Tag h\u00f6chstens jemand auf, der leer ausgegangen ist.\n<\/p>\n<p>Wer unbedingt einen Platz im Louisengarten oder bei Katys Garage wollte, ist allerdings zu sp\u00e4t dran. Beide Standorte sind bereits ausgebucht. Die begehrtesten Ecken sind jedes Jahr als Erstes weg \u2013 trotz der kleinen Reservierungsgeb\u00fchr, die der Gewerbe- und Kulturverein Dresden Neustadt inzwischen erhebt.<\/p>\n<p>Der Haus- und Hoftr\u00f6delmarkt ist l\u00e4ngst mehr als ein Flohmarkt. Er ist die allj\u00e4hrliche Ausrede, endlich den Keller auszumisten. Dabei wechseln nicht nur alte Sch\u00e4tze den Besitzer, sondern auch allerlei Dinge, bei denen man sich fragt, warum sie \u00fcberhaupt so lange aufgehoben wurden. Und manchmal ziehen sie anschlie\u00dfend einfach in den n\u00e4chsten Neust\u00e4dter Keller um.\n<\/p>\n<p>Bitte nicht schon um elf<\/p>\n<p>Offizieller Start ist um 12 Uhr. In den vergangenen Jahren waren einige besonders eifrige H\u00e4ndler schon eine Stunde fr\u00fcher beim Aufbau. Genau das m\u00f6chte der Veranstalter vermeiden. Wer also p\u00fcnktlich erscheint, hat immer noch genug Zeit, das gute Zeug vor allen anderen zu entdecken.\n<\/p>\n<p>Erfahrungsgem\u00e4\u00df tauchen au\u00dferdem zahlreiche private St\u00e4nde auf, die in keiner \u00dcbersicht stehen. Der sch\u00f6nste Plan f\u00fcr diesen Sonnabend ist deshalb ohnehin: einfach loslaufen, in offene H\u00f6fe schauen und sich treiben lassen. Irgendwo findet sich fast immer etwas, von dem man bis eben noch gar nicht wusste, dass man es unbedingt braucht.<br \/>\n<img loading=\"lazy\" decoding=\"async\" src=\"https:\/\/www.europesays.com\/de\/wp-content\/uploads\/2026\/04\/2026-04-28-Troedelmarkt-Karte.jpg\" alt=\"\u00dcbersichtskarte der Tr\u00f6delm\u00e4rkte\" width=\"1748\" height=\"1240\" class=\"size-full wp-image-237335\"  \/>\u00dcbersichtskarte der Tr\u00f6delm\u00e4rkte<\/p>\n","protected":false},"excerpt":{"rendered":"Der Gewerbe- und Kulturverein Dresden Neustadt macht die \u00c4u\u00dfere Neustadt wieder zur riesigen Rumpelkammer mit Publikumsverkehr. Am Sonnabend,&hellip;\n","protected":false},"author":2,"featured_media":980120,"comment_status":"","ping_status":"","sticky":false,"template":"","format":"standard","meta":{"footnotes":"","_share_on_mastodon":"0"},"categories":[1835],"tags":[3364,29,2386,30,30842,4229,859,27351],"class_list":["post-1214207","post","type-post","status-publish","format-standard","has-post-thumbnail","category-dresden","tag-de","tag-deutschland","tag-dresden","tag-germany","tag-haus-und-hoftroedelmarkt","tag-neustadt","tag-sachsen","tag-troedelmarkt"],"share_on_mastodon":{"url":"https:\/\/pubeurope.com\/@de\/117035979640279967","error":""},"_links":{"self":[{"href":"https:\/\/www.europesays.com\/de\/wp-json\/wp\/v2\/posts\/1214207","targetHints":{"allow":["GET"]}}],"collection":[{"href":"https:\/\/www.europesays.com\/de\/wp-json\/wp\/v2\/posts"}],"about":[{"href":"https:\/\/www.europesays.com\/de\/wp-json\/wp\/v2\/types\/post"}],"author":[{"embeddable":true,"href":"https:\/\/www.europesays.com\/de\/wp-json\/wp\/v2\/users\/2"}],"replies":[{"embeddable":true,"href":"https:\/\/www.europesays.com\/de\/wp-json\/wp\/v2\/comments?post=1214207"}],"version-history":[{"count":0,"href":"https:\/\/www.europesays.com\/de\/wp-json\/wp\/v2\/posts\/1214207\/revisions"}],"wp:featuredmedia":[{"embeddable":true,"href":"https:\/\/www.europesays.com\/de\/wp-json\/wp\/v2\/media\/980120"}],"wp:attachment":[{"href":"https:\/\/www.europesays.com\/de\/wp-json\/wp\/v2\/media?parent=1214207"}],"wp:term":[{"taxonomy":"category","embeddable":true,"href":"https:\/\/www.europesays.com\/de\/wp-json\/wp\/v2\/categories?post=1214207"},{"taxonomy":"post_tag","embeddable":true,"href":"https:\/\/www.europesays.com\/de\/wp-json\/wp\/v2\/tags?post=1214207"}],"curies":[{"name":"wp","href":"https:\/\/api.w.org\/{rel}","templated":true}]}}