{"id":1214208,"date":"2026-08-04T07:07:19","date_gmt":"2026-08-04T07:07:19","guid":{"rendered":"https:\/\/www.europesays.com\/de\/1214208\/"},"modified":"2026-08-04T07:07:19","modified_gmt":"2026-08-04T07:07:19","slug":"fw-dresden-informationen-zum-einsatzgeschehen-von-feuerwehr-und-rettungsdienst-in-der-19","status":"publish","type":"post","link":"https:\/\/www.europesays.com\/de\/1214208\/","title":{"rendered":"FW Dresden: Informationen zum Einsatzgeschehen von Feuerwehr und Rettungsdienst in der &#8230;"},"content":{"rendered":"<p class=\"date\">04.08.2026 \u2013 08:47<\/p>\n<p class=\"customer\">\n                        <a class=\"story-customer\" title=\"weiter zum newsroom von Feuerwehr Dresden\" href=\"https:\/\/www.presseportal.de\/blaulicht\/nr\/154636\" rel=\"nofollow noopener\" target=\"_blank\">Feuerwehr Dresden<\/a>\n                    <\/p>\n<p><a class=\"glightbox event-trigger\" href=\"https:\/\/cache.pressmailing.net\/thumbnail\/story_hires\/c93b5a27-f146-4187-9981-77b58058ec15\/rh26080302rh0007a.jpg.jpg\" data-description=\"\u00a9 Roland Halkasch Unfallfahrzeug auf dem Dach, Rettungswagen dahinter\" data-category=\"medialightbox\" data-action=\"click\" data-label=\"single\" data-value=\"6a718b1c270000fd2c82aa33\" rel=\"nofollow noopener\" target=\"_blank\"><img decoding=\"async\" height=\"540\" with=\"720\" src=\"https:\/\/www.europesays.com\/de\/wp-content\/uploads\/2026\/08\/1785827239_792_fw-dresden-informationen-zum-einsatzgeschehen-von-feuerwehr-und-rettungsdienst-in-der-landeshauptsta.jpeg\"   alt=\"FW Dresden: Informationen zum Einsatzgeschehen von Feuerwehr und Rettungsdienst in der Landeshauptstadt Dresden vom 3. August 2026\" class=\"single\"\/><\/a><\/p>\n<p><a data-category=\"citylink-story-view\" data-action=\"click\" data-label=\"Citylink in Meldungsansicht\" class=\"story-city event-trigger\" href=\"https:\/\/www.presseportal.de\/regional\/Dresden\" title=\"News aus Dresden \" rel=\"nofollow noopener\" target=\"_blank\">Dresden<\/a> (ots)<\/p>\n<p>Rettungsdienst<\/p>\n<p>In den vergangenen 24 Stunden wurde der Rettungsdienst der Landeshauptstadt Dresden insgesamt 266-mal alarmiert. In 68 F\u00e4llen war der Einsatz eines Notarztes erforderlich. Dar\u00fcber hinaus wurden 185 qualifizierte Krankentransporte durchgef\u00fchrt. Der Rettungshubschrauber kam viermal im Leitstellenbereich zum Einsatz.<\/p>\n<p>Feuerwehr<\/p>\n<p>Die Feuerwehr Dresden verzeichnete im Berichtszeitraum insgesamt 33 Eins\u00e4tze. Neben acht Brandeins\u00e4tzen und neun Alarmierungen durch automatische Brandmeldeanlagen r\u00fcckten die Einsatzkr\u00e4fte zu 16 Hilfeleistungseins\u00e4tzen aus.<\/p>\n<p>Das Besondere an dem Tag war, dass f\u00fcnf Eins\u00e4tze an den Brandmeldeanlagen innerhalb von ca. 90 Minuten ereignet haben. Die Feuer- und Rettungswache Altstadt war mit ihrem L\u00f6schzug bei allen Eins\u00e4tzen dabei. Ein L\u00f6schzug wird besetzt von 16 Einsatzkr\u00e4ften und diese sind auf vier Fahrzeuge verteilt, welche als Einheit t\u00e4tig werden.<\/p>\n<p>Verkehrsunfall mit drei leicht verletzten Personen<\/p>\n<p>Zeit: 03. August 2026, 10:48 &#8211; 12:56 Uhr<\/p>\n<p>Ort: Alte Mei\u00dfner Landstra\u00dfe, Briesnitz<\/p>\n<p>Gegen 10:48 Uhr wurden Einsatzkr\u00e4fte der Feuerwehr Dresden zu einem Verkehrsunfall auf der Alten Mei\u00dfner Landstra\u00dfe alarmiert. Ein Pkw war aus bislang ungekl\u00e4rter Ursache von der Fahrbahn abgekommen, mit der Toranlage eines Grundst\u00fccks kollidiert und auf dem Dach zum Liegen gekommen.<br \/>\nBeim Eintreffen der Feuerwehr hatten alle drei Fahrzeuginsassen das Fahrzeug bereits selbstst\u00e4ndig verlassen. Ein zuf\u00e4llig vorbeikommender, arztbesetzter Intensivtransportwagen \u00fcbernahm bis zum Eintreffen weiterer Rettungsmittel die Erstversorgung der Betroffenen. Nach einer ersten medizinischen Einsch\u00e4tzung erlitten alle drei Personen leichte Verletzungen. Sie wurden durch den Rettungsdienst versorgt und zur weiteren Behandlung in ein Krankenhaus transportiert.<br \/>\nDurch den Aufprall wurde au\u00dferdem der Hausanschlusskasten des Grundst\u00fccks erheblich besch\u00e4digt. Die Feuerwehr sicherte zun\u00e4chst die Einsatzstelle und sch\u00fctzte den besch\u00e4digten Stromanschluss vor Witterungseinfl\u00fcssen. Gemeinsam mit einem Entst\u00f6rdienst des Netzbetreibers wurden Teile der besch\u00e4digten Toranlage entfernt, um den sicheren Zugang zum Hausanschluss zu erm\u00f6glichen. Hierf\u00fcr musste der betroffene Stra\u00dfenabschnitt vor\u00fcbergehend stromlos geschaltet werden. Betriebsstoffe traten aus dem Unfallfahrzeug nicht aus. Nach Abschluss der Ma\u00dfnahmen wurde die Einsatzstelle an die Polizei \u00fcbergeben.<br \/>\nIn dem Einsatz waren 27 Einsatzkr\u00e4fte der Feuer- und Rettungswachen \u00dcbigau, Albertsadt, der Rettungswachen Friedrichstadt und Altstadt sowie der B-Dienst.<\/p>\n<p>Zwei Brandeins\u00e4tze in leerstehendem Geb\u00e4ude<\/p>\n<p>Zeit: 03. August 2026, 17:01 &#8211; 17:48 Uhr und 19:46 &#8211; 20:27 Uhr<\/p>\n<p>Ort: Saxoniastra\u00dfe, L\u00f6btau-Nord<\/p>\n<p>Um 17:01 Uhr wurde die Feuerwehr Dresden zu einer gemeldeten Rauchentwicklung aus dem Dachbereich eines leerstehenden Geb\u00e4udes in der Saxoniastra\u00dfe alarmiert. Bei der Erkundung stellten die Einsatzkr\u00e4fte im Dachgeschoss einen Schwelbrand an einem Holzbalken fest. Das Feuer wurde mit einem Kleinl\u00f6schger\u00e4t abgel\u00f6scht. Eine Kontrolle des gesamten Geb\u00e4udes sowie der Brandstelle mit einer W\u00e4rmebildkamera ergab keine weiteren Brandherde oder erh\u00f6hten Temperaturen. Personen befanden sich nicht im Geb\u00e4ude.<br \/>\nNur rund drei Stunden sp\u00e4ter, gegen 19:46 Uhr, wurde die Feuerwehr erneut zu derselben Einsatzstelle gerufen. Erneut war eine Rauchentwicklung aus dem Dachgeschoss wahrnehmbar. Bei der Kontrolle entdeckten die Einsatzkr\u00e4fte einen Kleinbrand an einem Holzbalken sowie brennenden Unrat. Beide Brandstellen konnten schnell mit einem Kleinl\u00f6schger\u00e4t gel\u00f6scht werden. Auch die anschlie\u00dfende Kontrolle mittels W\u00e4rmebildkamera ergab keine weiteren Auff\u00e4lligkeiten.<br \/>\nBei beiden Brandeins\u00e4tzen wurden keine Personen verletzt. Die Einsatzstellen wurden nach Abschluss der Ma\u00dfnahmen an die Polizei \u00fcbergeben. Diese hat die Ermittlungen zur Brandursache aufgenommen.<br \/>\nBei diesen Eins\u00e4tzen waren insgesamt 22 Einsatzkr\u00e4fte der Feuer- und Rettungswachen L\u00f6btau und Altstadt t\u00e4tig.<\/p>\n<p class=\"contact-headline\">R\u00fcckfragen bitte an:<\/p>\n<p class=\"contact-text\">Feuerwehr Dresden<br \/>Pressestelle Feuerwehr Dresden<br \/>Pierre Steffen Bedrich<br \/>Telefon: 0351\/8155-297<br \/>Mobil: 0151 &#8211; 58239907<br \/>E-Mail: <a href=\"https:\/\/www.presseportal.de\/blaulicht\/pm\/154636\/mailto:feuerwehrpressestelle@dresden.de\" class=\"uri-mailto\" rel=\"nofollow noopener\" target=\"_blank\">feuerwehrpressestelle@dresden.de<\/a><br \/><a target=\"_blank\" class=\"uri-ext outbound\" rel=\"noopener nofollow\" href=\"https:\/\/www.dresden.de\/feuerwehr\">https:\/\/www.dresden.de\/feuerwehr<\/a><\/p>\n<p class=\"originator\">Original-Content von: Feuerwehr Dresden, \u00fcbermittelt durch news aktuell<\/p>\n","protected":false},"excerpt":{"rendered":"04.08.2026 \u2013 08:47 Feuerwehr Dresden Dresden (ots) Rettungsdienst In den vergangenen 24 Stunden wurde der Rettungsdienst der Landeshauptstadt&hellip;\n","protected":false},"author":2,"featured_media":1214209,"comment_status":"","ping_status":"","sticky":false,"template":"","format":"standard","meta":{"footnotes":"","_share_on_mastodon":"0"},"categories":[1835],"tags":[2919,3364,29,2386,985,30,3908,178,180,179,181,859,14110,1284],"class_list":["post-1214208","post","type-post","status-publish","format-standard","has-post-thumbnail","category-dresden","tag-brand","tag-de","tag-deutschland","tag-dresden","tag-feuerwehr","tag-germany","tag-notfallrettung","tag-presse","tag-pressemeldung","tag-pressemitteilung","tag-pressemitteilungen","tag-sachsen","tag-sn","tag-unfall"],"share_on_mastodon":{"url":"https:\/\/pubeurope.com\/@de\/117035980914080132","error":""},"_links":{"self":[{"href":"https:\/\/www.europesays.com\/de\/wp-json\/wp\/v2\/posts\/1214208","targetHints":{"allow":["GET"]}}],"collection":[{"href":"https:\/\/www.europesays.com\/de\/wp-json\/wp\/v2\/posts"}],"about":[{"href":"https:\/\/www.europesays.com\/de\/wp-json\/wp\/v2\/types\/post"}],"author":[{"embeddable":true,"href":"https:\/\/www.europesays.com\/de\/wp-json\/wp\/v2\/users\/2"}],"replies":[{"embeddable":true,"href":"https:\/\/www.europesays.com\/de\/wp-json\/wp\/v2\/comments?post=1214208"}],"version-history":[{"count":0,"href":"https:\/\/www.europesays.com\/de\/wp-json\/wp\/v2\/posts\/1214208\/revisions"}],"wp:featuredmedia":[{"embeddable":true,"href":"https:\/\/www.europesays.com\/de\/wp-json\/wp\/v2\/media\/1214209"}],"wp:attachment":[{"href":"https:\/\/www.europesays.com\/de\/wp-json\/wp\/v2\/media?parent=1214208"}],"wp:term":[{"taxonomy":"category","embeddable":true,"href":"https:\/\/www.europesays.com\/de\/wp-json\/wp\/v2\/categories?post=1214208"},{"taxonomy":"post_tag","embeddable":true,"href":"https:\/\/www.europesays.com\/de\/wp-json\/wp\/v2\/tags?post=1214208"}],"curies":[{"name":"wp","href":"https:\/\/api.w.org\/{rel}","templated":true}]}}