{"id":1214276,"date":"2026-08-04T07:45:19","date_gmt":"2026-08-04T07:45:19","guid":{"rendered":"https:\/\/www.europesays.com\/de\/1214276\/"},"modified":"2026-08-04T07:45:19","modified_gmt":"2026-08-04T07:45:19","slug":"mehr-als-jeden-vierten-standort-insolventer-discounter-maec-geiz-will-viele-filialen-schliessen","status":"publish","type":"post","link":"https:\/\/www.europesays.com\/de\/1214276\/","title":{"rendered":"Mehr als jeden vierten Standort: Insolventer Discounter M\u00e4c Geiz will viele Filialen schlie\u00dfen"},"content":{"rendered":"<p>Mehr als jeden vierten StandortInsolventer Discounter M\u00e4c Geiz will viele Filialen schlie\u00dfen <\/p>\n<p>03.08.2026, 19:43 Uhr <\/p>\n<p>Artikel anh\u00f6ren(02:28 min)<\/p>\n<p><img decoding=\"async\" class=\"Image_img__fQCi0 Image_Img_16_9__4BLfH widget-picture-inline_maximizable__t_E7h\" loading=\"eager\" fetchpriority=\"high\" src=\"https:\/\/www.europesays.com\/de\/wp-content\/uploads\/2026\/08\/CNTV-MAECGEIZ-Aussenansicht-Hamurger-Filiale-mit-dem-gruenen-Logo-Maec-Geiz-Buchstagen-ueber-dem-Ges.webp\" alt=\"CNTV-MAECGEIZ-Aussenansicht-Hamurger-Filiale-mit-dem-gruenen-Logo-Maec-Geiz-Buchstagen-ueber-dem-Geschaft-angebracht-Maec-Geiz-meldet-Insolvenz-an180-Filialen-betroffen-Schliessungen-moeglich-Maec-Geiz-ist-ein-deutscher-Non-Food-Discounter-mit-Sitz-in-Landsberg-Saalekreis\"\/>Insgesamt hat das Unternehmen bundesweit 183 Filialen. (Foto: picture alliance \/ ABBfoto)TeilenFolgen auf:<a href=\"https:\/\/www.whatsapp.com\/channel\/0029Va5cdVJD8SDp5YZgYF01\" title=\"Auf WhatsApp folgen\" target=\"_blank\" rel=\"nofollow noopener\"><img decoding=\"async\" src=\"https:\/\/www.n-tv.de\/socialIcons\/whatsapp.svg\" alt=\"whatsapp\" class=\"ArticleShare_icon__FsrC2\"\/><\/a><a href=\"https:\/\/www.google.com\/preferences\/source?q=n-tv.de\" title=\"ntv als bevorzugte Quelle auf Google hinzuf\u00fcgen\" target=\"_blank\" rel=\"nofollow noopener\"><img decoding=\"async\" src=\"https:\/\/www.n-tv.de\/socialIcons\/google.svg\" alt=\"whatsapp\" class=\"ArticleShare_icon__FsrC2\"\/><\/a><\/p>\n<p class=\"Typography_text-m__XI0da Typography_weight-bold__uT6mq storyline_lead_text_leadtext__q_wg8\">Im Mai stellt M\u00e4c Geiz einen Antrag auf Insolvenz, seither m\u00fcssen bereits mehr als 60 Mitarbeitende gehen. Jetzt wird klar: Mehr als ein Viertel aller Gesch\u00e4fte muss voraussichtlich schlie\u00dfen. <\/p>\n<p class=\"Typography_text-default__P3otY Typography_weight-normal__pqUbH storyline_paragraph_p__qSR5N\">Der insolvente Haushaltsdiscounter M\u00e4c Geiz wird voraussichtlich mehrere Dutzend Filialen schlie\u00dfen. &#8222;Nach derzeitigem Stand geht das Unternehmen davon aus, dass rund 50 Filialen geschlossen werden m\u00fcssen&#8220;, erkl\u00e4rte das Unternehmen. Es stehe noch nicht fest, welche Standorte betroffen seien. &#8222;Derzeit wird davon ausgegangen, dass allersp\u00e4testens im Herbst 2026 Klarheit \u00fcber die zuk\u00fcnftige Standortstruktur besteht.&#8220;<\/p>\n<p class=\"Typography_text-default__P3otY Typography_weight-normal__pqUbH storyline_paragraph_p__qSR5N\">Das Unternehmen hatte im Mai Insolvenzantrag beim Amtsgericht in Halle an der Saale eingereicht. Das Gericht habe nun am 1. August planm\u00e4\u00dfig ein Eigenverwaltungsverfahren er\u00f6ffnet, erkl\u00e4rte M\u00e4c Geiz. Zum Sachwalter wurde demnach der Sanierungsexperte Lucas Fl\u00f6ther bestellt. Er ist nun im gerichtlichen Auftrag daf\u00fcr zust\u00e4ndig, das Eigenverwaltungsverfahren im Sinne der Gl\u00e4ubigerinnen und Gl\u00e4ubiger zu \u00fcberwachen.<\/p>\n<p class=\"Typography_text-default__P3otY Typography_weight-normal__pqUbH storyline_paragraph_p__qSR5N\">Das wirtschaftliche Umfeld sei &#8222;anspruchsvoll und die Sanierung mit erheblichen Herausforderungen verbunden&#8220;, erkl\u00e4rte das Unternehmen weiter. Aus diesem Grund habe sich M\u00e4c Geiz seit Insolvenzantrag bereits von 66 Mitarbeitenden aus den Bereichen Vertrieb, Logistik und dem Dienstleistungszentrum bei der M\u00e4c Geiz Handelsgesellschaft sowie f\u00fcnf Besch\u00e4ftigten bei der MTH Retail Services getrennt.<\/p>\n<p class=\"Typography_text-default__P3otY Typography_weight-normal__pqUbH storyline_paragraph_p__qSR5N\">Derzeit besch\u00e4ftigt M\u00e4c Geiz nach eigenen Angaben 1175 Mitarbeitende und hat bundesweit rund 183 Filialen. Die L\u00f6hne und Geh\u00e4lter der Besch\u00e4ftigten zahle das Unternehmen mit dem Ende des Insolvenzgeldzeitraums ab sofort wieder selbst.<\/p>\n<p class=\"Typography_text-default__P3otY Typography_weight-normal__pqUbH storyline_paragraph_p__qSR5N\">Bei M\u00e4c-Geiz gibt es laut Eigenwerbung Produkte rund um Haushalt und Reinigung, Drogeriebedarf, Tiernahrung und Tierzubeh\u00f6r, Kosmetik und Hygieneartikel, Nahrungsmittel und Getr\u00e4nke, Schreibwaren f\u00fcr Schule und B\u00fcro, Kleintextilien, Bedarf f\u00fcr Kleing\u00e4rtner und Hobby-Heimwerker.<\/p>\n<p class=\"Typography_text-s__wu_cm Typography_weight-normal__pqUbH Typography_color-darkgrey__sZEnP article-detail-footer_source__KslPc\">Quelle: ntv.de, lme\/AFP<\/p>\n","protected":false},"excerpt":{"rendered":"Mehr als jeden vierten StandortInsolventer Discounter M\u00e4c Geiz will viele Filialen schlie\u00dfen 03.08.2026, 19:43 Uhr Artikel anh\u00f6ren(02:28 min)&hellip;\n","protected":false},"author":2,"featured_media":1214277,"comment_status":"","ping_status":"","sticky":false,"template":"","format":"standard","meta":{"footnotes":"","_share_on_mastodon":"0"},"categories":[134],"tags":[175,170,169,29,366,30,1551,171,174,173,172,55],"class_list":["post-1214276","post","type-post","status-publish","format-standard","has-post-thumbnail","category-unternehmen-maerkte","tag-business","tag-companies","tag-companies-markets","tag-deutschland","tag-discounter","tag-germany","tag-insolvenz","tag-markets","tag-maerkte","tag-unternehmen","tag-unternehmen-maerkte","tag-wirtschaft"],"share_on_mastodon":{"url":"https:\/\/pubeurope.com\/@de\/117036130755564792","error":""},"_links":{"self":[{"href":"https:\/\/www.europesays.com\/de\/wp-json\/wp\/v2\/posts\/1214276","targetHints":{"allow":["GET"]}}],"collection":[{"href":"https:\/\/www.europesays.com\/de\/wp-json\/wp\/v2\/posts"}],"about":[{"href":"https:\/\/www.europesays.com\/de\/wp-json\/wp\/v2\/types\/post"}],"author":[{"embeddable":true,"href":"https:\/\/www.europesays.com\/de\/wp-json\/wp\/v2\/users\/2"}],"replies":[{"embeddable":true,"href":"https:\/\/www.europesays.com\/de\/wp-json\/wp\/v2\/comments?post=1214276"}],"version-history":[{"count":0,"href":"https:\/\/www.europesays.com\/de\/wp-json\/wp\/v2\/posts\/1214276\/revisions"}],"wp:featuredmedia":[{"embeddable":true,"href":"https:\/\/www.europesays.com\/de\/wp-json\/wp\/v2\/media\/1214277"}],"wp:attachment":[{"href":"https:\/\/www.europesays.com\/de\/wp-json\/wp\/v2\/media?parent=1214276"}],"wp:term":[{"taxonomy":"category","embeddable":true,"href":"https:\/\/www.europesays.com\/de\/wp-json\/wp\/v2\/categories?post=1214276"},{"taxonomy":"post_tag","embeddable":true,"href":"https:\/\/www.europesays.com\/de\/wp-json\/wp\/v2\/tags?post=1214276"}],"curies":[{"name":"wp","href":"https:\/\/api.w.org\/{rel}","templated":true}]}}