{"id":1214361,"date":"2026-08-04T08:39:26","date_gmt":"2026-08-04T08:39:26","guid":{"rendered":"https:\/\/www.europesays.com\/de\/1214361\/"},"modified":"2026-08-04T08:39:26","modified_gmt":"2026-08-04T08:39:26","slug":"happy-food-essen-das-gluecklich-macht","status":"publish","type":"post","link":"https:\/\/www.europesays.com\/de\/1214361\/","title":{"rendered":"\u201eHappy Food \u2013 Essen, das gl\u00fccklich macht\u201c"},"content":{"rendered":"<p>Werbung<\/p>\n<p><a data-bid=\"1\" data-no-instant=\"1\" href=\"https:\/\/www.shg-aktuell.de\/linkout\/56\" rel=\"noopener nofollow\" class=\"notrack\" target=\"_blank\" aria-label=\"spk-online2026-01_Startklar336x280px_sparkasse_schaumburg\"><img loading=\"lazy\" decoding=\"async\" src=\"https:\/\/www.europesays.com\/de\/wp-content\/uploads\/2026\/06\/spk-online2026-01_Startklar336x280px_sparkasse_schaumburg.jpg\" alt=\"\"   width=\"336\" height=\"280\"\/><\/a><\/p>\n<p>(B\u00fcckeburg) Am Donnerstag, den 6. August 2026, findet um 15.00 Uhr ein Vortrag in der Begegnungsst\u00e4tte B\u00fcckeburg mit kleiner Verkostung statt.<\/p>\n<p>Die Pl\u00e4tze sind begrenzt, daher bitten die Veranstalter um eine verbindliche Anmeldung.<\/p>\n<p>Ern\u00e4hrung beeinflusst unsere Stimmung. Gutes Essen spielt eine wesentliche Rolle f\u00fcr unsere Gesundheit und das Wohlbefinden. Und tats\u00e4chlich k\u00f6nnen bestimmte Lebensmittel beziehungsweise deren Inhaltsstoffe auch unsere Gef\u00fchlslage beeinflussen. Und das st\u00e4rker, als viele denken. Sie greifen in unsere Stimmung ein, indem sie die Produktion von Botenstoffen wie Serotonin oder Dopamin f\u00f6rdern.<\/p>\n<p>Happy Food hilft dabei, Stress abzubauen und sorgt f\u00fcr innere Ruhe. Es liefert langanhaltende Energie und unterst\u00fctzt die Konzentrationsf\u00e4higkeit, st\u00e4rkt auf nat\u00fcrliche Weise das Immunsystem und hat eine positive Wirkung auf die Darmgesundheit.<\/p>\n<p>Werbung<\/p>\n<p><a data-bid=\"1\" data-no-instant=\"1\" href=\"https:\/\/www.shg-aktuell.de\/linkout\/55138\" rel=\"noopener nofollow\" class=\"notrack\" target=\"_blank\" aria-label=\"20882_LVM_Vieth_Onlinebanner_Reise_580x170\"><img loading=\"lazy\" decoding=\"async\" src=\"https:\/\/www.europesays.com\/de\/wp-content\/uploads\/2026\/08\/20882_LVM_Vieth_Onlinebanner_Reise_580x170.jpg\" alt=\"\"   width=\"580\" height=\"170\"\/><\/a><\/p>\n<p>Bettina Bode-Berg ist Dozentin f\u00fcr Gesundheits- und Pers\u00f6nlichkeitsentwicklung mit Fortbildung zur Lachyogatrainerin. Bereits im April 2026 hielt sie einen Vortrag in der Begegnungsst\u00e4tte \u00fcber Ern\u00e4hrung im Alter, der auf gro\u00dfe Resonanz stie\u00df.<\/p>\n<p>Fragen und Anmeldungen bei der Begegnungsst\u00e4tte in der Herderstra\u00dfe 35, 31675 B\u00fcckeburg unter 05722\/90 19 14 oder per E-Mail unter <a href=\"https:\/\/www.shg-aktuell.de\/2026\/08\/04\/happy-food-essen-das-gluecklich-macht\/mailto:begegnungsstaette@bueckeburg.de\" rel=\"nofollow noopener\" target=\"_blank\">begegnungsstaette@bueckeburg.de<\/a><\/p>\n<p>(pr)<\/p>\n<p>Politische Werbung<\/p>\n<p><a data-no-instant=\"1\" href=\"https:\/\/www.menschpaul.de\/\" rel=\"noopener nofollow\" class=\"a2t-link\" aria-label=\"APS v3 Andreas Paul Schoeniger Buergermeisterkandidat Wahl Bueckeburg 2026\" target=\"_blank\"><img loading=\"lazy\" decoding=\"async\" src=\"https:\/\/www.europesays.com\/de\/wp-content\/uploads\/2026\/08\/APS-v3-Andreas-Paul-Schoeniger-Buergermeisterkandidat-Wahl-Bueckeburg-2026.jpg\" alt=\"\"   width=\"580\" height=\"631\"\/><\/a><\/p>\n<p>Werbung<\/p>\n<p><a data-no-instant=\"1\" href=\"https:\/\/www.vhs-schaumburg.de\/\" rel=\"noopener nofollow\" class=\"a2t-link\" aria-label=\"vhs sparkasse volkshochschule schaumburg programmheft herbst2026\" target=\"_blank\"><img loading=\"lazy\" decoding=\"async\" src=\"https:\/\/www.europesays.com\/de\/wp-content\/uploads\/2026\/08\/vhs-sparkasse-volkshochschule-schaumburg-programmheft-herbst2026.jpg\" alt=\"\"   width=\"570\" height=\"868\"\/><\/a>\t<\/p>\n","protected":false},"excerpt":{"rendered":"Werbung (B\u00fcckeburg) Am Donnerstag, den 6. August 2026, findet um 15.00 Uhr ein Vortrag in der Begegnungsst\u00e4tte B\u00fcckeburg&hellip;\n","protected":false},"author":2,"featured_media":1214362,"comment_status":"","ping_status":"","sticky":false,"template":"","format":"standard","meta":{"footnotes":"","_share_on_mastodon":"0"},"categories":[1834],"tags":[40833,45534,3364,29,3688,30,252666,1209,20270],"class_list":["post-1214361","post","type-post","status-publish","format-standard","has-post-thumbnail","category-essen","tag-begegnungsstaette","tag-bueckeburg","tag-de","tag-deutschland","tag-essen","tag-germany","tag-happy-food","tag-nordrhein-westfalen","tag-vortrag"],"share_on_mastodon":{"url":"https:\/\/pubeurope.com\/@de\/117036344235243705","error":""},"_links":{"self":[{"href":"https:\/\/www.europesays.com\/de\/wp-json\/wp\/v2\/posts\/1214361","targetHints":{"allow":["GET"]}}],"collection":[{"href":"https:\/\/www.europesays.com\/de\/wp-json\/wp\/v2\/posts"}],"about":[{"href":"https:\/\/www.europesays.com\/de\/wp-json\/wp\/v2\/types\/post"}],"author":[{"embeddable":true,"href":"https:\/\/www.europesays.com\/de\/wp-json\/wp\/v2\/users\/2"}],"replies":[{"embeddable":true,"href":"https:\/\/www.europesays.com\/de\/wp-json\/wp\/v2\/comments?post=1214361"}],"version-history":[{"count":0,"href":"https:\/\/www.europesays.com\/de\/wp-json\/wp\/v2\/posts\/1214361\/revisions"}],"wp:featuredmedia":[{"embeddable":true,"href":"https:\/\/www.europesays.com\/de\/wp-json\/wp\/v2\/media\/1214362"}],"wp:attachment":[{"href":"https:\/\/www.europesays.com\/de\/wp-json\/wp\/v2\/media?parent=1214361"}],"wp:term":[{"taxonomy":"category","embeddable":true,"href":"https:\/\/www.europesays.com\/de\/wp-json\/wp\/v2\/categories?post=1214361"},{"taxonomy":"post_tag","embeddable":true,"href":"https:\/\/www.europesays.com\/de\/wp-json\/wp\/v2\/tags?post=1214361"}],"curies":[{"name":"wp","href":"https:\/\/api.w.org\/{rel}","templated":true}]}}