{"id":1214400,"date":"2026-08-04T09:01:14","date_gmt":"2026-08-04T09:01:14","guid":{"rendered":"https:\/\/www.europesays.com\/de\/1214400\/"},"modified":"2026-08-04T09:01:14","modified_gmt":"2026-08-04T09:01:14","slug":"hotel-adlon-berlin-verkauf-fuer-mindestens-280-millionen-euro","status":"publish","type":"post","link":"https:\/\/www.europesays.com\/de\/1214400\/","title":{"rendered":"Hotel Adlon Berlin: Verkauf f\u00fcr mindestens 280 Millionen Euro"},"content":{"rendered":"<p>\t\t\t\t\t\t 4. August 2026<\/p>\n<p>\n\t\t\t\t\t\tDie Anleger des Fundus-Fonds 31 sollen laut IZ Immobilien Zeitung \u00fcber den Verkauf des Hotels Adlon in Berlin entscheiden. Demnach sieht ein Beschlussvorschlag einen Mindestverkaufspreis von 280 Millionen Euro vor &#8211; Offizielles Statement der Jagdfeld Gruppe.\n\t\t\t\t\t<\/p>\n<p>Nach Angaben der IZ Immobilien Zeitung l\u00e4uft die Abstimmung unter den Gesellschaftern seit Ende Juli und ist auf vier Wochen angesetzt. F\u00fcr den Beschluss sei eine Mehrheit von\u00a0<strong data-end=\"581\" data-start=\"567\">75 Prozent<\/strong>\u00a0der abgegebenen Stimmen erforderlich. Sollte die Zustimmung erreicht werden, sei ein strukturiertes internationales Bieterverfahren vorgesehen.<\/p>\n<p><strong>Dazu das offizielle\u00a0Statement der\u00a0Jagdfeld Gruppe:<\/strong><\/p>\n<p>&#8222;Nach nunmehr fast 30 Jahren, in denen das ADLON wieder existiert, ist das Gros der mehr als 4000 Eigent\u00fcmer, \u00fcberwiegend Privatanleger, in einem Lebensalter, in dem sie sich von ihren Anteilen trennen wollen. Mit dem angestrebten Verkauf kommen wir dem Wunsch der Anlegerinnen und Anleger am besten nach und sind so in der Lage, den h\u00f6chstm\u00f6glichen Preis zu erzielen. Die ADLON-Fondsgesellschaft ist in der komfortablen Situation, frei und aus eigenen St\u00fccken diesen Weg gehen und Deutschlands ber\u00fchmtestes Hotel in neue H\u00e4nde geben zu k\u00f6nnen.<\/p>\n<p>F\u00fcr alle G\u00e4ste und Partner des Hotels \u00e4ndert sich mit dem angestrebten Verkauf vorerst nichts. Betreiber des Hotels ist Kempinski mit einem erst Ende 2032 auslaufenden Pachtvertrag.&#8220;<\/p>\n<p>\u00a0<\/p>\n","protected":false},"excerpt":{"rendered":"4. August 2026 Die Anleger des Fundus-Fonds 31 sollen laut IZ Immobilien Zeitung \u00fcber den Verkauf des Hotels&hellip;\n","protected":false},"author":2,"featured_media":1214401,"comment_status":"","ping_status":"","sticky":false,"template":"","format":"standard","meta":{"footnotes":"","_share_on_mastodon":"0"},"categories":[1825],"tags":[179529,296,29,89638,30,6306,252670,843],"class_list":["post-1214400","post","type-post","status-publish","format-standard","has-post-thumbnail","category-berlin","tag-adlon","tag-berlin","tag-deutschland","tag-fundus","tag-germany","tag-hotel","tag-jagdfeld","tag-verkauf"],"share_on_mastodon":{"url":"https:\/\/pubeurope.com\/@de\/117036429235079414","error":""},"_links":{"self":[{"href":"https:\/\/www.europesays.com\/de\/wp-json\/wp\/v2\/posts\/1214400","targetHints":{"allow":["GET"]}}],"collection":[{"href":"https:\/\/www.europesays.com\/de\/wp-json\/wp\/v2\/posts"}],"about":[{"href":"https:\/\/www.europesays.com\/de\/wp-json\/wp\/v2\/types\/post"}],"author":[{"embeddable":true,"href":"https:\/\/www.europesays.com\/de\/wp-json\/wp\/v2\/users\/2"}],"replies":[{"embeddable":true,"href":"https:\/\/www.europesays.com\/de\/wp-json\/wp\/v2\/comments?post=1214400"}],"version-history":[{"count":0,"href":"https:\/\/www.europesays.com\/de\/wp-json\/wp\/v2\/posts\/1214400\/revisions"}],"wp:featuredmedia":[{"embeddable":true,"href":"https:\/\/www.europesays.com\/de\/wp-json\/wp\/v2\/media\/1214401"}],"wp:attachment":[{"href":"https:\/\/www.europesays.com\/de\/wp-json\/wp\/v2\/media?parent=1214400"}],"wp:term":[{"taxonomy":"category","embeddable":true,"href":"https:\/\/www.europesays.com\/de\/wp-json\/wp\/v2\/categories?post=1214400"},{"taxonomy":"post_tag","embeddable":true,"href":"https:\/\/www.europesays.com\/de\/wp-json\/wp\/v2\/tags?post=1214400"}],"curies":[{"name":"wp","href":"https:\/\/api.w.org\/{rel}","templated":true}]}}