{"id":1214671,"date":"2026-08-04T11:43:21","date_gmt":"2026-08-04T11:43:21","guid":{"rendered":"https:\/\/www.europesays.com\/de\/1214671\/"},"modified":"2026-08-04T11:43:21","modified_gmt":"2026-08-04T11:43:21","slug":"rattengift-in-frankfurter-restaurant-dackelbesitzerin-gewinnt-rechtsstreit","status":"publish","type":"post","link":"https:\/\/www.europesays.com\/de\/1214671\/","title":{"rendered":"Rattengift in Frankfurter Restaurant: Dackelbesitzerin gewinnt Rechtsstreit"},"content":{"rendered":"<p>Klage gegen Instagram-Post <\/p>\n<p>Dackel frisst Giftk\u00f6der im Restaurant \u2013 Besitzerin macht \u00c4rger \u00f6ffentlich<\/p>\n<p>04.08.2026 &#8211; 13:29 UhrLesedauer: 2 Min.<\/p>\n<p><a href=\"#focus-0\" class=\"transition-colors block text-current relative\" data-sctrack=\"FocusGalleryImage.Reference\"><img fetchpriority=\"high\" data-testid=\"Opener.Image\"   loading=\"eager\" src=\"https:\/\/www.europesays.com\/de\/wp-content\/uploads\/2026\/08\/1785843800_886_image.jpg\" alt=\"imago images 0859670891\" title=\"imago images 0859670891\" width=\"4000\" height=\"2250\" class=\"bg-[url:var(--lqipURL)] bg-cover bg-center flex h-full w-full max-w-full\" style=\"--lqipURL:url('https:\/\/images.t-online.de\/2026\/08\/WscLHQAotzV7\/0x37:4000x2250\/fit-in\/150x0\/filters:blur(25)\/image.jpg')\" decoding=\"async\"\/><img loading=\"lazy\" src=\"https:\/\/frankfurt.t-online.de\/s\/paper\/_next\/static\/media\/zoom-in.f7dae02f.svg\" alt=\"Vergr\u00f6\u00dfern des Bildes\" title=\"Vergr\u00f6\u00dfern des Bildes\" class=\"block h-[calc(var(--height)_\/_16_*_1rem)] w-[calc(var(--width)_\/_16_*_1rem)] max-w-none absolute right-8 bottom-8 rounded-4 bg-snow p-8\" style=\"--width:32;--height:32\" decoding=\"async\"\/><\/a><\/p>\n<p>Ein Dackel frisst ein Hundeeis (Archivbild): In einem Frankfurter Wirtshaus hat ein Dackel M\u00e4usek\u00f6der gefressen. (Quelle: IMAGO\/Marko Prpic\/PIXSELL)<\/p>\n<p><img loading=\"lazy\" src=\"https:\/\/frankfurt.t-online.de\/s\/paper\/_next\/static\/media\/audio-volume.6689034c.svg\" alt=\"\" title=\"\" class=\"block h-[calc(var(--height)_\/_16_*_1rem)] w-[calc(var(--width)_\/_16_*_1rem)] max-w-none group-hover:brightness-0 group-hover:invert\" style=\"--width:16;--height:16\" decoding=\"async\"\/>Vorlesen<\/p>\n<p>Aktuelle Zeit:0:00Gesamtdauer:0:00<\/p>\n<p>1x<\/p>\n<p class=\"text-center\">Jetzt neu bei t-online:<\/p>\n<p class=\"text-center\">Schriftgr\u00f6\u00dfe anpassen!<\/p>\n<p><img loading=\"lazy\" src=\"https:\/\/frankfurt.t-online.de\/s\/paper\/_next\/static\/media\/font-sizes.32942e33.svg\" alt=\"\" title=\"\" class=\"block h-[calc(var(--height)_\/_16_*_1rem)] w-[calc(var(--width)_\/_16_*_1rem)] max-w-none group-hover:hidden group-aria-expanded:hidden\" style=\"--width:16;--height:16\" decoding=\"async\"\/><img loading=\"lazy\" src=\"https:\/\/frankfurt.t-online.de\/s\/paper\/_next\/static\/media\/font-sizes-dark-mode.e382645c.svg\" alt=\"\" title=\"\" class=\"block h-[calc(var(--height)_\/_16_*_1rem)] w-[calc(var(--width)_\/_16_*_1rem)] max-w-none hidden group-hover:block group-aria-expanded:block\" style=\"--width:16;--height:16\" decoding=\"async\"\/><img loading=\"lazy\" src=\"https:\/\/frankfurt.t-online.de\/s\/paper\/_next\/static\/media\/sharing-menu-icon.1eb71368.svg\" alt=\"\" title=\"\" class=\"block h-[calc(var(--height)_\/_16_*_1rem)] w-[calc(var(--width)_\/_16_*_1rem)] max-w-none group-hover:brightness-0 group-hover:invert\" style=\"--width:16;--height:16\" decoding=\"async\"\/>Artikel teilen<\/p>\n<p class=\"font-bold text-18 leading-17 user-text-lg:text-22 user-text-xl:text-24\">Ein Restaurantbesuch endet f\u00fcr einen Dackel in der Tierklinik. Seine Besitzerin macht ihrem \u00c4rger anschlie\u00dfend auf Instagram Luft. Das Restaurant klagt, aber scheitert.<\/p>\n<p class=\"text-18 leading-17 user-text-lg:text-22 user-text-xl:text-24\">Es ist das Horrorszenario eines jeden Hundebesitzers: In einem Restaurant im Rhein-Main-Gebiet hat ein Dackel M\u00e4usek\u00f6der gefressen und musste anschlie\u00dfend in einer Tierklinik behandelt werden. Die Besitzerin berichtete noch am selben Tag auf dem Instagram-Account ihres Hundes \u00fcber den Vorfall. Dort sprach sie unter anderem von einem &#8222;massiven Sicherheits- und Hygieneversagen&#8220;, wie das Oberlandesgericht Frankfurt am Main in einem Schreiben mitteilt.<\/p>\n<p class=\"text-18 leading-17 user-text-lg:text-22 user-text-xl:text-24\">Der Vorfall ereignete sich im Fr\u00fchjahr 2026. Die Frau, die nach Angaben des Gerichts zu den Stammg\u00e4sten des Restaurants z\u00e4hlt, hatte ihren Dackel mit in das Lokal gebracht. Das Tier befand sich unter einer Sitzbank im Gastraum.<\/p>\n<p>Nach Tierarztbesuch: Halterin spricht online \u00fcber den Vorfall<\/p>\n<p class=\"text-18 leading-17 user-text-lg:text-22 user-text-xl:text-24\">Dort gelangte der Hund dann an das Material einer K\u00f6derstation, die zur Sch\u00e4dlingsbek\u00e4mpfung aufgestellt worden war. Warum der M\u00e4usek\u00f6der f\u00fcr das Tier zug\u00e4nglich war, konnte nicht gekl\u00e4rt werden.<\/p>\n<p class=\"text-18 leading-17 user-text-lg:text-22 user-text-xl:text-24\">Nachdem der Dackel von dem Gift gefressen hatte, musste er tier\u00e4rztlich behandelt werden. Seine Besitzerin ver\u00f6ffentlichte daraufhin Beitr\u00e4ge auf ihrem eigenen Instagram-Account, auf einem Account des Hundes und auf einer weiteren Bewertungsplattform.<\/p>\n<p class=\"text-18 leading-17 user-text-lg:text-22 user-text-xl:text-24\">Der Restaurantbetreiber sah durch die Beitr\u00e4ge den Eindruck erweckt, in seinem Lokal gebe es dauerhafte und strukturelle M\u00e4ngel bei Sicherheit und Hygiene, weshalb er der Dackelbesitzerin diese und weitere \u00c4u\u00dferungen gerichtlich untersagen lassen wollte.<\/p>\n<p>Oberlandesgericht Frakfurt gibt Dackelbesitzerin recht<\/p>\n<p class=\"text-18 leading-17 user-text-lg:text-22 user-text-xl:text-24\">Doch das Oberlandesgericht Frankfurt am Main sah das anders und wies seine Beschwerde zur\u00fcck. Nach Ansicht der Richter handelt es sich bei den beanstandeten Aussagen \u00fcberwiegend um zul\u00e4ssige Meinungs\u00e4u\u00dferungen \u2013 auch wenn diese teilweise emotional und zugespitzt formuliert seien.<\/p>\n<p class=\"text-18 leading-17 user-text-lg:text-22 user-text-xl:text-24\">Weiter argumentierte das Gericht in seinem Urteil, dass f\u00fcr einen durchschnittlichen Leser erkennbar sei, dass die Frau einen einzelnen Vorfall schildere. Die Bezeichnung als &#8222;massives Sicherheits- und Hygieneversagen&#8220; beziehe sich auf die Schwere dieses konkreten Ereignisses \u2013 nicht auf den allgemeinen Zustand des Restaurants.<\/p>\n<p>Restaurant argumentiert dagegen \u2013 ohne Erfolg<\/p>\n<p class=\"text-18 leading-17 user-text-lg:text-22 user-text-xl:text-24\">Der Restaurantbetreiber jedoch brachte ebenfalls an, dass die Frau in ihren Beitr\u00e4gen von &#8222;starkem Rattengift&#8220; gesprochen hatte. Tats\u00e4chlich seien in der K\u00f6derstation jedoch M\u00e4usek\u00f6der enthalten.<\/p>\n<p class=\"text-18 leading-17 user-text-lg:text-22 user-text-xl:text-24\">Doch auch diese Formulierung bewerteten die Richter nicht als rechtswidrig. Angesichts der notwendigen Behandlung in der Tierklinik sei die Aussage als zul\u00e4ssige Meinungs\u00e4u\u00dferung einzustufen. Die Entscheidung erging in einem Eilverfahren und ist nicht anfechtbar.<\/p>\n","protected":false},"excerpt":{"rendered":"Klage gegen Instagram-Post Dackel frisst Giftk\u00f6der im Restaurant \u2013 Besitzerin macht \u00c4rger \u00f6ffentlich 04.08.2026 &#8211; 13:29 UhrLesedauer: 2&hellip;\n","protected":false},"author":2,"featured_media":1214672,"comment_status":"","ping_status":"","sticky":false,"template":"","format":"standard","meta":{"footnotes":"","_share_on_mastodon":"0"},"categories":[1829],"tags":[522,29,2050,2051,30,2052,604,152,47860,1598,16803,35184],"class_list":["post-1214671","post","type-post","status-publish","format-standard","has-post-thumbnail","category-frankfurt-am-main","tag-522","tag-deutschland","tag-frankfurt","tag-frankfurt-am-main","tag-germany","tag-hessen","tag-hund","tag-instagram","tag-oberlandesgericht-frankfurt","tag-restaurant","tag-rhein-main-gebiet","tag-tierklinik"],"share_on_mastodon":{"url":"https:\/\/pubeurope.com\/@de\/117037069226842042","error":""},"_links":{"self":[{"href":"https:\/\/www.europesays.com\/de\/wp-json\/wp\/v2\/posts\/1214671","targetHints":{"allow":["GET"]}}],"collection":[{"href":"https:\/\/www.europesays.com\/de\/wp-json\/wp\/v2\/posts"}],"about":[{"href":"https:\/\/www.europesays.com\/de\/wp-json\/wp\/v2\/types\/post"}],"author":[{"embeddable":true,"href":"https:\/\/www.europesays.com\/de\/wp-json\/wp\/v2\/users\/2"}],"replies":[{"embeddable":true,"href":"https:\/\/www.europesays.com\/de\/wp-json\/wp\/v2\/comments?post=1214671"}],"version-history":[{"count":0,"href":"https:\/\/www.europesays.com\/de\/wp-json\/wp\/v2\/posts\/1214671\/revisions"}],"wp:featuredmedia":[{"embeddable":true,"href":"https:\/\/www.europesays.com\/de\/wp-json\/wp\/v2\/media\/1214672"}],"wp:attachment":[{"href":"https:\/\/www.europesays.com\/de\/wp-json\/wp\/v2\/media?parent=1214671"}],"wp:term":[{"taxonomy":"category","embeddable":true,"href":"https:\/\/www.europesays.com\/de\/wp-json\/wp\/v2\/categories?post=1214671"},{"taxonomy":"post_tag","embeddable":true,"href":"https:\/\/www.europesays.com\/de\/wp-json\/wp\/v2\/tags?post=1214671"}],"curies":[{"name":"wp","href":"https:\/\/api.w.org\/{rel}","templated":true}]}}