{"id":121474,"date":"2025-05-18T23:38:21","date_gmt":"2025-05-18T23:38:21","guid":{"rendered":"https:\/\/www.europesays.com\/de\/121474\/"},"modified":"2025-05-18T23:38:21","modified_gmt":"2025-05-18T23:38:21","slug":"frau-erstickt-beim-essen-im-kaufhaus-restaurant","status":"publish","type":"post","link":"https:\/\/www.europesays.com\/de\/121474\/","title":{"rendered":"Frau erstickt beim Essen im Kaufhaus-Restaurant"},"content":{"rendered":"<p>\n                SPANIEN.\u00a0Tragischer Zwischenfall in Palma: Eine 81-j\u00e4hrige Frau erstickt beim Essen im Restaurant des Kaufhauses El Corte Ingl\u00e9s \u2013 jede Hilfe kam zu sp\u00e4t. Die Polizei ermittelt.<br \/>&#13;<br \/>\n\u00a0\n            <\/p>\n<p>Eine 81-j\u00e4hrige Frau ist am Samstagnachmittag (17. Mai 2025) im Kaufhaus El Corte Ingl\u00e9s in Palma de Mallorca an ihrem Essen erstickt &#8211; das berichtet die Mallorca Zeitung. Trotz schneller Hilfe durch Rettungskr\u00e4fte konnte ihr Leben nicht mehr gerettet werden.<\/p>\n<p>Der Vorfall ereignete sich im Restaurant des Kaufhauses, das sich in der Innenstadt von Palma befindet. Die Frau verschluckte sich beim Essen und verlor das Bewusstsein. Anwesende G\u00e4ste und Mitarbeiter leisteten sofort Erste Hilfe und alarmierten den Notruf. Rettungskr\u00e4fte trafen schnell ein und versuchten, die Frau zu reanimieren. Trotz aller Bem\u00fchungen verstarb sie noch am Unfallort.<\/p>\n<p>Die Polizei hat Ermittlungen aufgenommen, um den genauen Hergang des Unfalls zu kl\u00e4ren. Es gibt derzeit keine Hinweise auf Fremdverschulden.<\/p>\n<p>El Corte Ingl\u00e9s hat angek\u00fcndigt, mit den Beh\u00f6rden zusammenzuarbeiten und den Vorfall intern zu untersuchen. Das Unternehmen dr\u00fcckte der Familie der Verstorbenen sein tiefstes Mitgef\u00fchl aus.<\/p>\n","protected":false},"excerpt":{"rendered":"SPANIEN.\u00a0Tragischer Zwischenfall in Palma: Eine 81-j\u00e4hrige Frau erstickt beim Essen im Restaurant des Kaufhauses El Corte Ingl\u00e9s \u2013&hellip;\n","protected":false},"author":2,"featured_media":121475,"comment_status":"","ping_status":"","sticky":false,"template":"","format":"standard","meta":{"footnotes":""},"categories":[1834],"tags":[11214,3364,29,3688,30,1209],"class_list":{"0":"post-121474","1":"post","2":"type-post","3":"status-publish","4":"format-standard","5":"has-post-thumbnail","7":"category-essen","8":"tag-11214","9":"tag-de","10":"tag-deutschland","11":"tag-essen","12":"tag-germany","13":"tag-nordrhein-westfalen"},"share_on_mastodon":{"url":"https:\/\/pubeurope.com\/@de\/114531474064117818","error":""},"_links":{"self":[{"href":"https:\/\/www.europesays.com\/de\/wp-json\/wp\/v2\/posts\/121474","targetHints":{"allow":["GET"]}}],"collection":[{"href":"https:\/\/www.europesays.com\/de\/wp-json\/wp\/v2\/posts"}],"about":[{"href":"https:\/\/www.europesays.com\/de\/wp-json\/wp\/v2\/types\/post"}],"author":[{"embeddable":true,"href":"https:\/\/www.europesays.com\/de\/wp-json\/wp\/v2\/users\/2"}],"replies":[{"embeddable":true,"href":"https:\/\/www.europesays.com\/de\/wp-json\/wp\/v2\/comments?post=121474"}],"version-history":[{"count":0,"href":"https:\/\/www.europesays.com\/de\/wp-json\/wp\/v2\/posts\/121474\/revisions"}],"wp:featuredmedia":[{"embeddable":true,"href":"https:\/\/www.europesays.com\/de\/wp-json\/wp\/v2\/media\/121475"}],"wp:attachment":[{"href":"https:\/\/www.europesays.com\/de\/wp-json\/wp\/v2\/media?parent=121474"}],"wp:term":[{"taxonomy":"category","embeddable":true,"href":"https:\/\/www.europesays.com\/de\/wp-json\/wp\/v2\/categories?post=121474"},{"taxonomy":"post_tag","embeddable":true,"href":"https:\/\/www.europesays.com\/de\/wp-json\/wp\/v2\/tags?post=121474"}],"curies":[{"name":"wp","href":"https:\/\/api.w.org\/{rel}","templated":true}]}}