{"id":1214806,"date":"2026-08-04T12:59:20","date_gmt":"2026-08-04T12:59:20","guid":{"rendered":"https:\/\/www.europesays.com\/de\/1214806\/"},"modified":"2026-08-04T12:59:20","modified_gmt":"2026-08-04T12:59:20","slug":"120-millionen-euro-fuer-yan-diomande-real-madrid-geht-im-transferpoker-mit-rb-leipzig-offenbar-all-in","status":"publish","type":"post","link":"https:\/\/www.europesays.com\/de\/1214806\/","title":{"rendered":"120 Millionen Euro f\u00fcr Yan Diomande? Real Madrid geht im Transferpoker mit RB Leipzig offenbar All-in"},"content":{"rendered":"<p>Die Transfer-Saga um Yan Diomande von RB Leipzig k\u00f6nnte sich offenbar dem Ende zuneigen.\n<\/p>\n<p>Wie Sky berichtet, soll es zwischen dem Bundesligisten und Real Madrid neue Verhandlungen geben, um einen Deal in den kommenden Stunden \u00fcber die B\u00fchne zu bringen. <\/p>\n<p><img loading=\"lazy\" decoding=\"async\" src=\"https:\/\/www.europesays.com\/de\/wp-content\/uploads\/2026\/08\/7b52556e12b04c63b3208b7a34654109.gif\" width=\"1\" height=\"1\" alt=\"\" data-fco-pixel-tracker-url=\"https:\/\/www.europesays.com\/de\/wp-content\/uploads\/2026\/08\/7b52556e12b04c63b3208b7a34654109.gif\" data-fco-pixel-tracker-type=\"vg-wort\"\/><\/p>\n<p>Die K\u00f6niglichen h\u00e4tten das &#8222;klare Ziel&#8220;, dass der Ivorer so schnell wie m\u00f6glich seinen Medizincheck absolviert und nicht mehr ins Trainingslager der Leipziger reist. Aktuell weilt er krankheitsbedingt noch nicht in \u00d6sterreich.<\/p>\n<p>RB fordere demnach 120 Millionen Euro Abl\u00f6se plus Boni f\u00fcr die Dienste des Bundesliga-Shootingstars der vergangenen Saison. Diomande war als No Name erst im Sommer 2025 f\u00fcr eine \u00fcberraschend hohe Abl\u00f6sesumme (20 Millionen Euro) nach nur zehn Pflichtspielen f\u00fcr Leganes nach Leipzig gewechselt und startete dort mit 13 Toren und zehn Vorlagen in 36 Pflichtspielen durch.<\/p>\n<p>Diomande nach nur einer Bundesliga-Saison hei\u00df begehrt<\/p>\n<p>Schon fr\u00fchzeitig im Sommer soll es gro\u00dfes Interesse zahlreicher Top-Klubs am ivorischen Nationalspieler gegeben haben. <a href=\"https:\/\/www.spox.com\/fussball\/listen\/koerbe-fuer-den-fc-liverpool-und-bayern-muenchen-100-millionen-mann-yan-diomande-gibt-wohl-anderem-weltklub-gruenes-licht-fuer-einen-mega-transfer\/blt56ead9878f032170\" rel=\"nofollow noopener\" data-affiliate-type=\"NONE\" target=\"_blank\">Liverpool, sein Wunschverein Paris Saint-Germain, und ja selbst der FC Bayern sollen sich mit einer Verpflichtung des Fl\u00fcgelspielers besch\u00e4ftigt haben.<\/a> Das Rennen macht nun wohl Real Madrid. Den K\u00f6niglichen scheint auch egal zu sein, dass ein Transfer wom\u00f6glich noch ein Nachspiel haben k\u00f6nnte.<\/p>\n<p>Im Hintergrund des Wechselgesch\u00e4fts <a href=\"https:\/\/www.spox.com\/fussball\/listen\/mega-zoff-um-shootingstar-der-bundesliga-drohen-yan-diomande-von-rb-leizig-boese-konsequenzen\/blt94d95ce9c345d8ea\" rel=\"nofollow noopener\" data-affiliate-type=\"NONE\" target=\"_blank\">tobt um Diomande seit Monaten ein Beraterstreit.<\/a> Sowohl die Agentur Maxidel Management, die den Transfer im vergangenen Sommer von Leganes zu RBL abgewickelt hatte, als auch Diomandes neue Berater von Roc Nation sehen sich im Recht. Maxidel Management soll die Transferrechte am Spieler n\u00e4mlich trotz des Wechsels bei sich sehen und mitverdienen wollen. Geht der Deal zwischen Real und Leipzig \u00fcber die B\u00fchne, d\u00fcrfte die FIFA ermitteln.<\/p>\n<p><img class=\"fco-image__image\" alt=\"Diomande\"   loading=\"lazy\" decoding=\"async\" fetchpriority=\"auto\" width=\"4858\" height=\"3376\" src=\"https:\/\/www.europesays.com\/de\/wp-content\/uploads\/2026\/08\/GettyImages-2273186881.jpg\" style=\"aspect-ratio:4858 \/ 3376;width:100%;height:100%\"\/>Getty ImagesRB-Sportchef Sch\u00e4fer macht sich \u00fcber Fabrizio Romano lustig<\/p>\n<p>Ganz so weit ist es aber noch nicht, wie Leipzigs Sportgesch\u00e4ftsf\u00fchrer Marcel Sch\u00e4fer gegen\u00fcber Sky verlauten lie\u00df. &#8222;Dass es ein hei\u00dfes Thema ist, verstehe ich, aber grunds\u00e4tzlich m\u00f6chte ich nicht auf die Gespr\u00e4che zweier Klubs eingehen&#8220;, sagte Sch\u00e4fer: &#8222;Wenn wir etwas zu vermelden haben, werden wir das tun. Der ein oder andere Transferexperte hat es ja schon vor sieben oder zehn Tagen als &#8218;done&#8216; oder &#8218;Here we go&#8216; bezeichnet. So ist es aber einfach nicht. Da geh\u00f6rt viel dazu. Es ist noch nicht so weit.'&#8220;<\/p>\n<p>Vor rund einer Woche hatte Transferjournalist Fabrizio Romano den Deal bereits als &#8222;Done&#8220; bezeichnet, von einer Einigung beider Klubs in H\u00f6he von 100 Millionen Euro berichtet und einem Medizincheck noch in jener Woche gesprochen. Dieser Fall trat bis heute nicht ein.<\/p>\n<p>Nun aber k\u00f6nnte finale Bewegung in den Poker kommen.<\/p>\n","protected":false},"excerpt":{"rendered":"Die Transfer-Saga um Yan Diomande von RB Leipzig k\u00f6nnte sich offenbar dem Ende zuneigen. Wie Sky berichtet, soll&hellip;\n","protected":false},"author":2,"featured_media":1214807,"comment_status":"","ping_status":"","sticky":false,"template":"","format":"standard","meta":{"footnotes":"","_share_on_mastodon":"0"},"categories":[1832],"tags":[299,3364,29,347,30,348,19172,71,1655,3349,859,4604,1288,160991],"class_list":["post-1214806","post","type-post","status-publish","format-standard","has-post-thumbnail","category-leipzig","tag-bundesliga","tag-de","tag-deutschland","tag-fussball","tag-germany","tag-la-liga","tag-laliga","tag-leipzig","tag-rb-leipzig","tag-real-madrid","tag-sachsen","tag-soccer","tag-transfers","tag-y-diomande"],"share_on_mastodon":{"url":"https:\/\/pubeurope.com\/@de\/117037366690331325","error":""},"_links":{"self":[{"href":"https:\/\/www.europesays.com\/de\/wp-json\/wp\/v2\/posts\/1214806","targetHints":{"allow":["GET"]}}],"collection":[{"href":"https:\/\/www.europesays.com\/de\/wp-json\/wp\/v2\/posts"}],"about":[{"href":"https:\/\/www.europesays.com\/de\/wp-json\/wp\/v2\/types\/post"}],"author":[{"embeddable":true,"href":"https:\/\/www.europesays.com\/de\/wp-json\/wp\/v2\/users\/2"}],"replies":[{"embeddable":true,"href":"https:\/\/www.europesays.com\/de\/wp-json\/wp\/v2\/comments?post=1214806"}],"version-history":[{"count":0,"href":"https:\/\/www.europesays.com\/de\/wp-json\/wp\/v2\/posts\/1214806\/revisions"}],"wp:featuredmedia":[{"embeddable":true,"href":"https:\/\/www.europesays.com\/de\/wp-json\/wp\/v2\/media\/1214807"}],"wp:attachment":[{"href":"https:\/\/www.europesays.com\/de\/wp-json\/wp\/v2\/media?parent=1214806"}],"wp:term":[{"taxonomy":"category","embeddable":true,"href":"https:\/\/www.europesays.com\/de\/wp-json\/wp\/v2\/categories?post=1214806"},{"taxonomy":"post_tag","embeddable":true,"href":"https:\/\/www.europesays.com\/de\/wp-json\/wp\/v2\/tags?post=1214806"}],"curies":[{"name":"wp","href":"https:\/\/api.w.org\/{rel}","templated":true}]}}