{"id":1214821,"date":"2026-08-04T13:08:22","date_gmt":"2026-08-04T13:08:22","guid":{"rendered":"https:\/\/www.europesays.com\/de\/1214821\/"},"modified":"2026-08-04T13:08:22","modified_gmt":"2026-08-04T13:08:22","slug":"koeln-bootshaus-am-rhein-brennt-feuerwehr-im-grosseinsatz","status":"publish","type":"post","link":"https:\/\/www.europesays.com\/de\/1214821\/","title":{"rendered":"K\u00f6ln: Bootshaus am Rhein brennt \u2013 Feuerwehr im Gro\u00dfeinsatz"},"content":{"rendered":"<p>Am Rheinufer <\/p>\n<p>Bootshaus in K\u00f6ln brennt \u2013 Feuerwehr r\u00fcckt aus<\/p>\n<p>Aktualisiert am 04.08.2026 &#8211; 15:07 UhrLesedauer: 1 Min.<\/p>\n<p><a href=\"#focus-0\" class=\"transition-colors block text-current relative\" data-sctrack=\"FocusGalleryImage.Reference\"><img fetchpriority=\"high\" data-testid=\"Opener.Image\"   loading=\"eager\" src=\"https:\/\/www.europesays.com\/de\/wp-content\/uploads\/2026\/06\/image.png\" alt=\"Eilmeldung\" title=\"Eilmeldung\" width=\"1920\" height=\"1080\" class=\"bg-[url:var(--lqipURL)] bg-cover bg-center flex h-full w-full max-w-full\" style=\"--lqipURL:url('https:\/\/images.t-online.de\/2022\/09\/QNvnp9NzyEao\/0x0:1920x1080\/fit-in\/150x0\/filters:blur(25)\/image.png')\" decoding=\"async\"\/><img loading=\"lazy\" src=\"https:\/\/koeln.t-online.de\/s\/paper\/_next\/static\/media\/zoom-in.f7dae02f.svg\" alt=\"Vergr\u00f6\u00dfern des Bildes\" title=\"Vergr\u00f6\u00dfern des Bildes\" class=\"block h-[calc(var(--height)_\/_16_*_1rem)] w-[calc(var(--width)_\/_16_*_1rem)] max-w-none absolute right-8 bottom-8 rounded-4 bg-snow p-8\" style=\"--width:32;--height:32\" decoding=\"async\"\/><\/a><\/p>\n<p>Eilmeldung (Symbolbild): Im K\u00f6lner S\u00fcden brennt derzeit ein Boot.<\/p>\n<p><img loading=\"lazy\" src=\"https:\/\/koeln.t-online.de\/s\/paper\/_next\/static\/media\/audio-volume.6689034c.svg\" alt=\"\" title=\"\" class=\"block h-[calc(var(--height)_\/_16_*_1rem)] w-[calc(var(--width)_\/_16_*_1rem)] max-w-none group-hover:brightness-0 group-hover:invert\" style=\"--width:16;--height:16\" decoding=\"async\"\/>Vorlesen<\/p>\n<p>Aktuelle Zeit:0:00Gesamtdauer:0:00<\/p>\n<p>1x<\/p>\n<p class=\"text-center\">Jetzt neu bei t-online:<\/p>\n<p class=\"text-center\">Schriftgr\u00f6\u00dfe anpassen!<\/p>\n<p><img loading=\"lazy\" src=\"https:\/\/koeln.t-online.de\/s\/paper\/_next\/static\/media\/font-sizes.32942e33.svg\" alt=\"\" title=\"\" class=\"block h-[calc(var(--height)_\/_16_*_1rem)] w-[calc(var(--width)_\/_16_*_1rem)] max-w-none group-hover:hidden group-aria-expanded:hidden\" style=\"--width:16;--height:16\" decoding=\"async\"\/><img loading=\"lazy\" src=\"https:\/\/koeln.t-online.de\/s\/paper\/_next\/static\/media\/font-sizes-dark-mode.e382645c.svg\" alt=\"\" title=\"\" class=\"block h-[calc(var(--height)_\/_16_*_1rem)] w-[calc(var(--width)_\/_16_*_1rem)] max-w-none hidden group-hover:block group-aria-expanded:block\" style=\"--width:16;--height:16\" decoding=\"async\"\/><img loading=\"lazy\" src=\"https:\/\/koeln.t-online.de\/s\/paper\/_next\/static\/media\/sharing-menu-icon.1eb71368.svg\" alt=\"\" title=\"\" class=\"block h-[calc(var(--height)_\/_16_*_1rem)] w-[calc(var(--width)_\/_16_*_1rem)] max-w-none group-hover:brightness-0 group-hover:invert\" style=\"--width:16;--height:16\" decoding=\"async\"\/>Artikel teilen<\/p>\n<p class=\"font-bold text-18 leading-17 user-text-lg:text-22 user-text-xl:text-24\">Im K\u00f6lner S\u00fcden brennt ein Boothaus unmittelbar am Rheinufer. Die Feuerwehr r\u00fcckt zu einem Gro\u00dfeinsatz aus.<\/p>\n<p class=\"text-18 leading-17 user-text-lg:text-22 user-text-xl:text-24\">Feuerwehr-Gro\u00dfeinsatz in K\u00f6ln: Am fr\u00fchen Nachmittag ist im Stadtteil S\u00fcrth ein Feuer auf einem Boothaus am Rheinufer ausgebrochen. Das best\u00e4tigte ein Feuerwehrsprecher der K\u00f6lner Redaktion von t-online. Demnach brennt es am S\u00fcrther Bootshaus, einem beliebten Ausflugslokal und Restaurant. Die Lage vor Ort ist derzeit noch unklar.<\/p>\n<p class=\"text-18 leading-17 user-text-lg:text-22 user-text-xl:text-24\">Das S\u00fcrther Bootshaus liegt seit einigen Tagen aufgrund des anhaltenden Niedrigwassers am Rhein fast vollst\u00e4ndig auf Grund. Normalerweise schwimmt es deutlich erkennbar im Wasser.<\/p>\n<p class=\"text-18 leading-17 user-text-lg:text-22 user-text-xl:text-24\">Mehr Informationen in K\u00fcrze.<\/p>\n","protected":false},"excerpt":{"rendered":"Am Rheinufer Bootshaus in K\u00f6ln brennt \u2013 Feuerwehr r\u00fcckt aus Aktualisiert am 04.08.2026 &#8211; 15:07 UhrLesedauer: 1 Min.&hellip;\n","protected":false},"author":2,"featured_media":34014,"comment_status":"","ping_status":"","sticky":false,"template":"","format":"standard","meta":{"footnotes":"","_share_on_mastodon":"0"},"categories":[1828],"tags":[252755,13126,29,1764,985,30,3786,1420,1209,5206,7968],"class_list":["post-1214821","post","type-post","status-publish","format-standard","has-post-thumbnail","category-koeln","tag-boothaus","tag-bootshaus","tag-deutschland","tag-eilmeldung","tag-feuerwehr","tag-germany","tag-grosseinsatz","tag-koeln","tag-nordrhein-westfalen","tag-rhein","tag-rheinufer"],"share_on_mastodon":{"url":"","error":""},"_links":{"self":[{"href":"https:\/\/www.europesays.com\/de\/wp-json\/wp\/v2\/posts\/1214821","targetHints":{"allow":["GET"]}}],"collection":[{"href":"https:\/\/www.europesays.com\/de\/wp-json\/wp\/v2\/posts"}],"about":[{"href":"https:\/\/www.europesays.com\/de\/wp-json\/wp\/v2\/types\/post"}],"author":[{"embeddable":true,"href":"https:\/\/www.europesays.com\/de\/wp-json\/wp\/v2\/users\/2"}],"replies":[{"embeddable":true,"href":"https:\/\/www.europesays.com\/de\/wp-json\/wp\/v2\/comments?post=1214821"}],"version-history":[{"count":0,"href":"https:\/\/www.europesays.com\/de\/wp-json\/wp\/v2\/posts\/1214821\/revisions"}],"wp:featuredmedia":[{"embeddable":true,"href":"https:\/\/www.europesays.com\/de\/wp-json\/wp\/v2\/media\/34014"}],"wp:attachment":[{"href":"https:\/\/www.europesays.com\/de\/wp-json\/wp\/v2\/media?parent=1214821"}],"wp:term":[{"taxonomy":"category","embeddable":true,"href":"https:\/\/www.europesays.com\/de\/wp-json\/wp\/v2\/categories?post=1214821"},{"taxonomy":"post_tag","embeddable":true,"href":"https:\/\/www.europesays.com\/de\/wp-json\/wp\/v2\/tags?post=1214821"}],"curies":[{"name":"wp","href":"https:\/\/api.w.org\/{rel}","templated":true}]}}