{"id":1214912,"date":"2026-08-04T14:03:18","date_gmt":"2026-08-04T14:03:18","guid":{"rendered":"https:\/\/www.europesays.com\/de\/1214912\/"},"modified":"2026-08-04T14:03:18","modified_gmt":"2026-08-04T14:03:18","slug":"the-smarter-e-europe-jede-menge-neue-ideen-produkte-und-loesungen","status":"publish","type":"post","link":"https:\/\/www.europesays.com\/de\/1214912\/","title":{"rendered":"The smarter E Europe &#8211; Jede Menge \ufeffneue Ideen, Produkte und L\u00f6sungen"},"content":{"rendered":"<p class=\"aurora-text aurora-body\" doc-editable=\"text\" data-component-id=\"doc-indd-2\">The smarter E Europe in M\u00fcnchen: Intersolar, EES, Power2Drive und EM-Power waren ausverkauft, alle Hallen bis zum Bersten mit neuen Ideen und L\u00f6sungen gef\u00fcllt. Die Solarbranche, Speicheranbieter, Hersteller von Ladetechnik f\u00fcr E-Mobilit\u00e4t, von solarelektrischer W\u00e4rmetechnik und digitalen Systemen lieferten ein Feuerwerk der Innovationen.\n<\/p>\n<p class=\"aurora-text aurora-body\" doc-editable=\"text\" data-component-id=\"doc-indd-3\">Die Energiewende beschleunigt sich, in Europa und weltweit. Erneuerbare Energien und Speichersysteme sichern die resiliente Versorgung mit Energie und Wasser. Die Kriege in der Ukraine und an der Stra\u00dfe von Hormus beweisen, dass Wohlstand und Zivilisation verwundbar sind. Solange sie von \u00d6l und Gas abh\u00e4ngen, kann jeder Konflikt \u2013 ob im Donbass oder an der Stra\u00dfe von Hormus \u2013 die Energiem\u00e4rkte durcheinanderwirbeln.\n<\/p>\n<p class=\"aurora-text aurora-body\" doc-editable=\"text\" data-component-id=\"doc-indd-4\">Drei Tage dauerte die wichtigste Innovationsschau der solaren Energiewende, und wir waren mittendrin. Neue Solarmodule, Montagetechnik, Wechselrichter, Speicherakkus und Ladetechnik wurden in einer F\u00fclle gezeigt, wie wir sie bisher nicht kannten. Immer mehr Produkte stehen den Installateuren zur Verf\u00fcgung, um die W\u00fcnsche ihrer Kunden zu befriedigen. Auch wenn sich verschiedene Marktsegmente unterschiedlich entwickeln, bleibt die Innovationsfreude ungebrochen.\n<\/p>\n<p class=\"aurora-text aurora-body\" doc-editable=\"text\" data-component-id=\"doc-indd-5\">Vor allem Speicher, netzbildende Leistungselektronik, Energiemanagement und solarelektrische W\u00e4rmetechnik bestimmten die Trends. In diesem Jahr kamen rund 105.000 Besucherinnen und Besucher in die Hallen im M\u00fcnchener Nordosten. Rund 2.650 Aussteller nutzten jeden Quadratmeter Fl\u00e4che aus, sogar auf dem Freigel\u00e4nde. Die Hitze brachte die Klimatechnik an ihre Grenzen, kein Wunder beim Heizwert von 100 Watt pro Besucher.\n<\/p>\n<p><b>Utility und C&amp;I im Mittelpunkt<br \/>\n<\/b><\/p>\n<p class=\"aurora-text aurora-body\" doc-editable=\"text\" data-component-id=\"doc-indd-7\">Gewerbliche Eigenstromsysteme standen im Vordergrund. In diesem Marktsegment spielte die Klaviatur der komplexen Sektorkopplung. Der zu Jahresbeginn schwache Privatmarkt hat seit M\u00e4rz deutlich zugelegt. Auch Solarparks legen kr\u00e4ftig zu, unterst\u00fctzt durch lukrative Preise f\u00fcr gro\u00dfe Speicherakkus.\n<\/p>\n<p class=\"aurora-text aurora-body\" doc-editable=\"text\" data-component-id=\"doc-indd-8\">Hohe Energiekosten r\u00fctteln die deutsche Wirtschaft wach. Jetzt werden gro\u00dfe D\u00e4cher und Brachfl\u00e4chen systematisch erschlossen. Leistungsstarke, intelligente Solarspeicher werden auch in diesen Anwendungen an Bedeutung gewinnen \u2013 zumal dynamische Stromtarife sehr kurze Amortisation erlauben.\n<\/p>\n<p><b>Live aus M\u00fcnchen berichtet<br \/>\n<\/b><\/p>\n<p class=\"aurora-text aurora-body\" doc-editable=\"text\" data-component-id=\"doc-indd-10\">Angesichts der prosperierenden M\u00e4rkte dr\u00e4ngt es die Solarbranche, die Anbieter von Speichertechnik und von Ladetechnik f\u00fcr die E-Mobilit\u00e4t, ihre Innovationskraft zu pr\u00e4sentieren. Zur Smarter E Europe wurden die L\u00f6sungen und Produkte vorgestellt, die in den kommenden Jahren bei uns und auf anderen Kontinenten eingesetzt werden.\n<\/p>\n<p class=\"aurora-text aurora-body\" doc-editable=\"text\" data-component-id=\"doc-indd-11\">Die Fachmedien <b>photovoltaik<\/b> und <b>PV Europe <\/b>haben<b> The Smarter E Europe<\/b> auf besondere Weise unterst\u00fctzt: Unsere Videoteams schw\u00e4rmten aus, um die Innovationen der Anbieter zu dokumentieren und live aus dem Messestudio \u00fcbers Internet zu senden.\n<\/p>\n<p class=\"aurora-text aurora-body\" doc-editable=\"text\" data-component-id=\"doc-indd-12\">Erstmals wurden neben den bew\u00e4hrten Formaten <b>PV Guided Tours <\/b>und <b>CEO-Talks<\/b> kurze Videos gedreht, speziell f\u00fcr Social Media. Die H\u00e4ppchen in den sozialen Medien machen Appetit, f\u00fchren die Nutzerschaft auf unseren Videokanal und zu den Firmen, die sich mit ihren Neuheiten vorstellen.\n<\/p>\n<p><b>CEO-Talk analysiert aktuelle Trends<br \/>\n<\/b><\/p>\n<p class=\"aurora-text aurora-body\" doc-editable=\"text\" data-component-id=\"doc-indd-14\">So k\u00f6nnen wir alle auf die Messe mitnehmen, die aufgrund des Tagesgesch\u00e4fts vielleicht nicht nach M\u00fcnchen reisen konnten. Auch mancher Besucher sch\u00e4tzt den medialen R\u00fcckblick, um in der F\u00fclle der Neuheiten die \u00dcbersicht zu behalten. Auf diese Weise \u00f6ffnen wir die Messehallen f\u00fcr ein viel breiteres Publikum, als es die Pr\u00e4senz vor Ort zulie\u00df.\n<\/p>\n<p class=\"aurora-text aurora-body\" doc-editable=\"text\" data-component-id=\"doc-indd-15\">Das Videoformat <b>CEO-Talk<\/b> pr\u00e4sentiert spannende Interviews mit wichtigen Akteuren unserer Branche und sp\u00fcrt neuen Trends nach. <b>PV Guided Tours<\/b> stellt neue Produkte vor, f\u00fcr Ihr Solargesch\u00e4ft und Ihre Kunden. So ger\u00e4t The smarter E Europe zum Mix aus pers\u00f6nlichen Begegnungen vor Ort und virtueller Teilnahme \u2013 auf Deutsch und Englisch.\n<\/p>\n<p class=\"aurora-text aurora-body\" doc-editable=\"text\" data-component-id=\"doc-indd-16\">Die n\u00e4chste Fachmesse <b>The smarter E Europe<\/b> findet vom 8. bis 10. Juni 2027 in M\u00fcnchen statt. Bitte daran denken, jetzt schon die Hotels zu buchen. Und sich jetzt bereits Standfl\u00e4chen zu sichern, vermutlich wird die Messe auch im kommenden Jahr ausgebucht sein.\n<\/p>\n<p class=\"aurora-text aurora-body\" doc-editable=\"text\" data-component-id=\"doc-indd-17\">Mit uns sitzen Sie in der ersten Reihe, zur Messe und danach. Schauen Sie rein, in den Videokanal der <b>photovoltaik<\/b>:<\/p>\n<p class=\"aurora-link\" doc-link=\"link-url\" doc-editable=\"text\" data-component-id=\"doc-indd-18\"><a href=\"https:\/\/www.photovoltaik.eu\/videos\/pv-guided-tours-2026\" rel=\"nofollow noopener\" target=\"_blank\">https:\/\/www.photovoltaik.eu\/videos\/pv-guided-tours-2026<\/a><\/p>\n","protected":false},"excerpt":{"rendered":"The smarter E Europe in M\u00fcnchen: Intersolar, EES, Power2Drive und EM-Power waren ausverkauft, alle Hallen bis zum Bersten&hellip;\n","protected":false},"author":2,"featured_media":1214913,"comment_status":"","ping_status":"","sticky":false,"template":"","format":"standard","meta":{"footnotes":"","_share_on_mastodon":"0"},"categories":[3933],"tags":[331,332,548,663,158,3934,3935,6586,13,14,15,12],"class_list":["post-1214912","post","type-post","status-publish","format-standard","has-post-thumbnail","category-eu","tag-aktuelle-nachrichten","tag-aktuelle-news","tag-eu","tag-europa","tag-europaeische-union","tag-europe","tag-european-union","tag-forderung","tag-headlines","tag-nachrichten","tag-news","tag-schlagzeilen"],"share_on_mastodon":{"url":"https:\/\/pubeurope.com\/@de\/117037616778042423","error":""},"_links":{"self":[{"href":"https:\/\/www.europesays.com\/de\/wp-json\/wp\/v2\/posts\/1214912","targetHints":{"allow":["GET"]}}],"collection":[{"href":"https:\/\/www.europesays.com\/de\/wp-json\/wp\/v2\/posts"}],"about":[{"href":"https:\/\/www.europesays.com\/de\/wp-json\/wp\/v2\/types\/post"}],"author":[{"embeddable":true,"href":"https:\/\/www.europesays.com\/de\/wp-json\/wp\/v2\/users\/2"}],"replies":[{"embeddable":true,"href":"https:\/\/www.europesays.com\/de\/wp-json\/wp\/v2\/comments?post=1214912"}],"version-history":[{"count":0,"href":"https:\/\/www.europesays.com\/de\/wp-json\/wp\/v2\/posts\/1214912\/revisions"}],"wp:featuredmedia":[{"embeddable":true,"href":"https:\/\/www.europesays.com\/de\/wp-json\/wp\/v2\/media\/1214913"}],"wp:attachment":[{"href":"https:\/\/www.europesays.com\/de\/wp-json\/wp\/v2\/media?parent=1214912"}],"wp:term":[{"taxonomy":"category","embeddable":true,"href":"https:\/\/www.europesays.com\/de\/wp-json\/wp\/v2\/categories?post=1214912"},{"taxonomy":"post_tag","embeddable":true,"href":"https:\/\/www.europesays.com\/de\/wp-json\/wp\/v2\/tags?post=1214912"}],"curies":[{"name":"wp","href":"https:\/\/api.w.org\/{rel}","templated":true}]}}