{"id":1214990,"date":"2026-08-04T14:43:19","date_gmt":"2026-08-04T14:43:19","guid":{"rendered":"https:\/\/www.europesays.com\/de\/1214990\/"},"modified":"2026-08-04T14:43:19","modified_gmt":"2026-08-04T14:43:19","slug":"berlin-berliner-luxushotel-adlon-soll-verkauft-werden","status":"publish","type":"post","link":"https:\/\/www.europesays.com\/de\/1214990\/","title":{"rendered":"Berlin: Berliner Luxushotel Adlon soll verkauft werden"},"content":{"rendered":"<p class=\"paragraph article__item\">Das Luxushotel Adlon in <a href=\"https:\/\/www.zeit.de\/thema\/berlin\" target=\"_blank\" rel=\"nofollow noopener\">Berlin<\/a> soll f\u00fcr<br \/>\nmindestens 280 Millionen Euro verkauft werden. Das Hotel geh\u00f6rt dem von<br \/>\nder Jagdfeld-Gruppe gemanagten Fundus-Fonds 31, dessen Anlegerinnen und<br \/>\nAnleger derzeit zu einer Abstimmung \u00fcber den Verkauf aufgerufen seien, berichtete die Immobilien Zeitung. Der Konzern best\u00e4tigte den Vorgang.\n<\/p>\n<p class=\"paragraph article__item\">Der Fonds \u2013 und damit das Adlon \u2013 geh\u00f6rt demnach rund 4.000 Eigent\u00fcmern. Dazu z\u00e4hlen demnach \u00fcberwiegend Privatanleger. Sie seien in einem<br \/>\nLebensalter, in dem sie sich von ihren Anteilen trennen wollten. \u00bbMit dem angestrebten Verkauf kommen wir dem Wunsch der Anlegerinnen und<br \/>\n Anleger am besten nach und sind so in der Lage, den h\u00f6chstm\u00f6glichen<br \/>\nPreis zu erzielen\u00ab, hie\u00df es vom Konzern.\n<\/p>\n<p class=\"paragraph article__item\">Die Abstimmung l\u00e4uft dem Bericht zufolge bereits und braucht eine Mehrheit von 75<br \/>\nProzent der abgegebenen Stimmen. F\u00e4llt die Entscheidung f\u00fcr den<br \/>\n<a href=\"https:\/\/www.zeit.de\/thema\/immobilienmarkt\" target=\"_blank\" rel=\"nofollow noopener\">Verkauf<\/a>, soll es ein strukturiertes Bieterverfahren mit einem<br \/>\ninternationalen Makler geben.\n<\/p>\n<p>            F\u00fcr G\u00e4ste \u00e4ndert sich erst mal nichts            <\/p>\n<p class=\"paragraph article__item\">F\u00fcr G\u00e4ste des Adlon \u00e4ndert sich durch<br \/>\neinen m\u00f6glichen Verkauf vorerst nichts. Mit dem Hotelbetreiber Kempinski<br \/>\n besteht der Jagdfeld-Gruppe zufolge ein Pachtvertrag bis Ende 2032.\n<\/p>\n<p class=\"paragraph article__item\">Das Adlon er\u00f6ffnete<br \/>\nurspr\u00fcnglich im Oktober 1907, brannte am Ende des Zweiten Weltkriegs<br \/>\n1945 aber aus. Nach dem Fall der Mauer entstand an gleicher Stelle ein<br \/>\nan das historische Vorbild angelehnter Neubau, der im August 1997 als<br \/>\ndas heutige Hotel Adlon Kempinski er\u00f6ffnet wurde.\n<\/p>\n<p class=\"paragraph article__item\">Im Adlon \u00fcbernachteten schon viele namhafte G\u00e4ste, darunter auch etliche Politikerinnen und Politiker. Der<br \/>\nt\u00fcrkische Pr\u00e4sident <a href=\"https:\/\/www.zeit.de\/thema\/recep-tayyip-erdogan\" target=\"_blank\" rel=\"nofollow noopener\">Recep Tayyip Erdo\u011fan<\/a>\u00a0und der fr\u00fchere <a href=\"https:\/\/www.zeit.de\/thema\/barack-obama\" target=\"_blank\" rel=\"nofollow noopener\">US-Pr\u00e4sident<br \/>\nBarack Obama<\/a> geh\u00f6rten dazu. K\u00f6nig Charles III. \u00fcbernachtete mit<br \/>\nK\u00f6nigin Camilla in der Royal Suite \u2013 so wie zuvor schon seine Mutter<br \/>\nK\u00f6nigin Elizabeth II. bei ihren Berlinbesuchen.\n<\/p>\n<p>Mehr zum Thema<\/p>\n<p>            Hotel Adlon        <\/p>\n<p>                <a href=\"https:\/\/www.zeit.de\/2021\/39\/adlon-ein-hotel-sech-generationen-buch-felix-adlon-berlin-geschichte\" data-ct-label=\"&quot;Adlon: Ein Hotel, sechs Generationen&quot;: Adlons Traum\" data-uuid=\"97b47e24-5a6d-46a4-bc7d-444e85a3a4c8\" rel=\"nofollow noopener\" target=\"_blank\"><\/p>\n<p>        Z+ (abopflichtiger Inhalt);<\/p>\n<p>    &#8222;Adlon: Ein Hotel, sechs Generationen&#8220;:<br \/>\n                        Adlons Traum<\/p>\n<p>                <\/a><\/p>\n","protected":false},"excerpt":{"rendered":"Das Luxushotel Adlon in Berlin soll f\u00fcr mindestens 280 Millionen Euro verkauft werden. Das Hotel geh\u00f6rt dem von&hellip;\n","protected":false},"author":2,"featured_media":1214991,"comment_status":"","ping_status":"","sticky":false,"template":"","format":"standard","meta":{"footnotes":"","_share_on_mastodon":"0"},"categories":[1825],"tags":[296,29,30,6306,173,631,55],"class_list":["post-1214990","post","type-post","status-publish","format-standard","has-post-thumbnail","category-berlin","tag-berlin","tag-deutschland","tag-germany","tag-hotel","tag-unternehmen","tag-urlaub","tag-wirtschaft"],"share_on_mastodon":{"url":"https:\/\/pubeurope.com\/@de\/117037774110807733","error":""},"_links":{"self":[{"href":"https:\/\/www.europesays.com\/de\/wp-json\/wp\/v2\/posts\/1214990","targetHints":{"allow":["GET"]}}],"collection":[{"href":"https:\/\/www.europesays.com\/de\/wp-json\/wp\/v2\/posts"}],"about":[{"href":"https:\/\/www.europesays.com\/de\/wp-json\/wp\/v2\/types\/post"}],"author":[{"embeddable":true,"href":"https:\/\/www.europesays.com\/de\/wp-json\/wp\/v2\/users\/2"}],"replies":[{"embeddable":true,"href":"https:\/\/www.europesays.com\/de\/wp-json\/wp\/v2\/comments?post=1214990"}],"version-history":[{"count":0,"href":"https:\/\/www.europesays.com\/de\/wp-json\/wp\/v2\/posts\/1214990\/revisions"}],"wp:featuredmedia":[{"embeddable":true,"href":"https:\/\/www.europesays.com\/de\/wp-json\/wp\/v2\/media\/1214991"}],"wp:attachment":[{"href":"https:\/\/www.europesays.com\/de\/wp-json\/wp\/v2\/media?parent=1214990"}],"wp:term":[{"taxonomy":"category","embeddable":true,"href":"https:\/\/www.europesays.com\/de\/wp-json\/wp\/v2\/categories?post=1214990"},{"taxonomy":"post_tag","embeddable":true,"href":"https:\/\/www.europesays.com\/de\/wp-json\/wp\/v2\/tags?post=1214990"}],"curies":[{"name":"wp","href":"https:\/\/api.w.org\/{rel}","templated":true}]}}