{"id":121521,"date":"2025-05-19T00:03:27","date_gmt":"2025-05-19T00:03:27","guid":{"rendered":"https:\/\/www.europesays.com\/de\/121521\/"},"modified":"2025-05-19T00:03:27","modified_gmt":"2025-05-19T00:03:27","slug":"nina-reithmeier-liest-aus-achtzehnter-stock-von-sara-gmuer-ndr-de-kultur","status":"publish","type":"post","link":"https:\/\/www.europesays.com\/de\/121521\/","title":{"rendered":"Nina Reithmeier liest aus &#8222;Achtzehnter Stock&#8220; von Sara Gmuer | NDR.de &#8211; Kultur"},"content":{"rendered":"<p>\nStand: 07.05.2025 16:57 Uhr\n<\/p>\n<p class=\"preface\">Sara Gmuer hat mit &#8222;Achtzehnter Stock&#8220; einen rasanten, z\u00e4rtlichen Roman \u00fcber Zusammenhalt und Selbstverwirklichung geschrieben. Nina Reithmeier liest in 13 Teilen daraus vor.<\/p>\n<p>Wanda hat sich ihr Leben anders vorgestellt. Statt auf Filmdrehs und Premieren verbringt sie mit ihrer f\u00fcnfj\u00e4hrigen Tochter Karlie hei\u00dfe Sommertage im Hof eines heruntergekommenen Berliner Plattenbaus und muss an allen Ecken sparen. Als sie eine einmalige Chance bekommt, taucht sie ein in eine Welt, in der Geld keine Rolle spielt. Gibt es ein Entkommen aus der Platte?<\/p>\n<p>Weitere Informationen<\/p>\n<p><img decoding=\"async\" src=\"https:\/\/www.europesays.com\/de\/wp-content\/uploads\/2025\/05\/covergmuer100_v-contentgross.jpg\" alt=\"Buchcover: Sara Gmuer, &quot;Achtzehnter Stock&quot; \u00a9 Hanser blau \" title=\"Buchcover: Sara Gmuer, &quot;Achtzehnter Stock&quot;\" class=\"responsive\"\/><\/p>\n<p>\nSara Gmuer setzt beim Erz\u00e4hlen auf starke Kontraste. Ihr Roman ist ein furioses Pl\u00e4doyer f\u00fcr einen weiblicheren Blick auf die Welt.<br \/>\n<a title=\"Zum Artikel: Ein Plattenbau und zwei Welten: Sara Gmuers &quot;Achtzehnter Stock&quot;\" href=\"https:\/\/www.ndr.de\/kultur\/buch\/tipps\/Ein-Plattenbau-und-zwei-Welten-Sara-Gmuers-Achtzehnter-Stock,gmuer100.html\" class=\"cta \" target=\"_blank\" rel=\"noopener\">mehr<\/a>\n<\/p>\n<p>Lesung <strong>vom 12. bis 28. Mai 2025<\/strong><\/p>\n<p>Zu h\u00f6ren sind die Lesungen<strong> vom 12. bis 28. Mai 2025<\/strong> von 8.30 Uhr bis 9 Uhr im Programm von NDR Kultur. Nach der Ausstrahlung stehen die Lesungen<strong> sieben Tage zum Nachh\u00f6ren<\/strong> bereit.<\/p>\n<p>Sie wollen die Folgen ganz bequem unterwegs h\u00f6ren? Kein Problem, laden Sie einfach unsere kostenlose <a href=\"https:\/\/www.ndr.de\/kultur\/app\/index.html\" title=\"Zum Artikel: Die NDR Kultur App - kostenlos im Store!\" target=\"_blank\" rel=\"noopener\">NDR Kultur App<\/a> herunter und h\u00f6ren Sie &#8222;Am Morgen vorgelesen&#8220; auf Ihrem Smartphone.<\/p>\n<p><img loading=\"lazy\" decoding=\"async\" width=\"184\" height=\"104\" src=\"https:\/\/www.europesays.com\/de\/wp-content\/uploads\/2025\/05\/reithmeier100_v-einspaltig.jpg\" alt=\"Eine junge Frau mit dunklen Haaren l\u00e4chelt in die Kamera \u00a9 picture alliance \/ SULUPRESS.DE Foto: Marc Vorwerk\" title=\"Eine junge Frau mit dunklen Haaren l\u00e4chelt in die Kamera\" style=\"display:none\"\/><\/p>\n<p><b>AUDIO:<\/b> Lesung: &#8222;Achtzehnter Stock&#8220; &#8211; Teil 1 (28 Min)<\/p>\n<p><img loading=\"lazy\" decoding=\"async\" width=\"184\" height=\"104\" src=\"https:\/\/www.europesays.com\/de\/wp-content\/uploads\/2025\/05\/reithmeier100_v-einspaltig.jpg\" alt=\"Eine junge Frau mit dunklen Haaren l\u00e4chelt in die Kamera \u00a9 picture alliance \/ SULUPRESS.DE Foto: Marc Vorwerk\" title=\"Eine junge Frau mit dunklen Haaren l\u00e4chelt in die Kamera\" style=\"display:none\"\/><\/p>\n<p><b>AUDIO:<\/b> Lesung: &#8222;Achtzehnter Stock&#8220; &#8211; Teil 2 (29 Min)<\/p>\n<p><img loading=\"lazy\" decoding=\"async\" width=\"184\" height=\"104\" src=\"https:\/\/www.europesays.com\/de\/wp-content\/uploads\/2025\/05\/reithmeier100_v-einspaltig.jpg\" alt=\"Eine junge Frau mit dunklen Haaren l\u00e4chelt in die Kamera \u00a9 picture alliance \/ SULUPRESS.DE Foto: Marc Vorwerk\" title=\"Eine junge Frau mit dunklen Haaren l\u00e4chelt in die Kamera\" style=\"display:none\"\/><\/p>\n<p><b>AUDIO:<\/b> Lesung: &#8222;Achtzehnter Stock&#8220; &#8211; Teil 3 (28 Min)<\/p>\n<p><img loading=\"lazy\" decoding=\"async\" width=\"184\" height=\"104\" src=\"https:\/\/www.europesays.com\/de\/wp-content\/uploads\/2025\/05\/reithmeier100_v-einspaltig.jpg\" alt=\"Eine junge Frau mit dunklen Haaren l\u00e4chelt in die Kamera \u00a9 picture alliance \/ SULUPRESS.DE Foto: Marc Vorwerk\" title=\"Eine junge Frau mit dunklen Haaren l\u00e4chelt in die Kamera\" style=\"display:none\"\/><\/p>\n<p><b>AUDIO:<\/b> Lesung: &#8222;Achtzehnter Stock&#8220; &#8211; Teil 4 (29 Min)<\/p>\n<p><img loading=\"lazy\" decoding=\"async\" width=\"184\" height=\"104\" src=\"https:\/\/www.europesays.com\/de\/wp-content\/uploads\/2025\/05\/reithmeier100_v-einspaltig.jpg\" alt=\"Eine junge Frau mit dunklen Haaren l\u00e4chelt in die Kamera \u00a9 picture alliance \/ SULUPRESS.DE Foto: Marc Vorwerk\" title=\"Eine junge Frau mit dunklen Haaren l\u00e4chelt in die Kamera\" style=\"display:none\"\/><\/p>\n<p><b>AUDIO:<\/b> Lesung: &#8222;Achtzehnter Stock&#8220; &#8211; Teil 5 (29 Min)<\/p>\n<p>Die Termine in der \u00dcbersicht<\/p>\n<tr><strong>Folge<\/strong>Datum<strong>Uhrzeit<\/strong><\/tr>\n<tr>\n<td>1\/13<\/td>\n<td>12. Mai 2025<\/td>\n<td>8.30 Uhr<\/td>\n<\/tr>\n<tr>\n<td>2\/13<\/td>\n<td>13. Mai 2025<\/td>\n<td>8.30 Uhr<\/td>\n<\/tr>\n<tr>\n<td>3\/13<\/td>\n<td>14. Mai 2025<\/td>\n<td>8.30 Uhr<\/td>\n<\/tr>\n<tr>\n<td>4\/13<\/td>\n<td>15. Mai 2025<\/td>\n<td>8.30 Uhr<\/td>\n<\/tr>\n<tr>\n<td>5\/13<\/td>\n<td>16. Mai 2025<\/td>\n<td>8.30 Uhr<\/td>\n<\/tr>\n<tr>\n<td>6\/13<\/td>\n<td>19. Mai 2025<\/td>\n<td>8.30 Uhr<\/td>\n<\/tr>\n<tr>\n<td>7\/13<\/td>\n<td>20. Mai 2025<\/td>\n<td>8.30 Uhr<\/td>\n<\/tr>\n<tr>\n<td>8\/13<\/td>\n<td>21. Mai 2025<\/td>\n<td>8.30 Uhr<\/td>\n<\/tr>\n<tr>\n<td>9\/13<\/td>\n<td>22. Mai 2025<\/td>\n<td>8.30 Uhr<\/td>\n<\/tr>\n<tr>\n<td>10\/13<\/td>\n<td>23. Mai 2025<\/td>\n<td>8.30 Uhr<\/td>\n<\/tr>\n<tr>\n<td>11\/13<\/td>\n<td>26. Mai 2025<\/td>\n<td>8.30 Uhr<\/td>\n<\/tr>\n<tr>\n<td>12\/13<\/td>\n<td>27. Mai 2025<\/td>\n<td>8.30 Uhr<\/td>\n<\/tr>\n<tr>\n<td>13\/13<\/td>\n<td>28. Mai 2025<\/td>\n<td>8.30 Uhr<\/td>\n<\/tr>\n<p>Dieses Thema im Programm:<\/p>\n<p>NDR Kultur |<br \/>\nAm Morgen vorgelesen |<br \/>\n12.05.2025 | 08:30 Uhr<\/p>\n<p><img decoding=\"async\" src=\"https:\/\/www.europesays.com\/de\/wp-content\/uploads\/2025\/03\/ndr_printlogo.gif\" alt=\"NDR Logo\" title=\"NDR Logo\"\/><\/p>\n","protected":false},"excerpt":{"rendered":"Stand: 07.05.2025 16:57 Uhr Sara Gmuer hat mit &#8222;Achtzehnter Stock&#8220; einen rasanten, z\u00e4rtlichen Roman \u00fcber Zusammenhalt und Selbstverwirklichung&hellip;\n","protected":false},"author":2,"featured_media":121522,"comment_status":"","ping_status":"","sticky":false,"template":"","format":"standard","meta":{"footnotes":""},"categories":[1774],"tags":[46020,18202,1784,1785,29,214,30,18203,18206,101,438,439,440,1800,46021,215],"class_list":{"0":"post-121521","1":"post","2":"type-post","3":"status-publish","4":"format-standard","5":"has-post-thumbnail","7":"category-buecher","8":"tag-achtzehnter-stock","9":"tag-am-morgen-vorgelesen","10":"tag-books","11":"tag-buecher","12":"tag-deutschland","13":"tag-entertainment","14":"tag-germany","15":"tag-hoerbuch","16":"tag-hoerbuecher","17":"tag-lesung","18":"tag-ndr","19":"tag-norddeutscher-rundfunk","20":"tag-norddeutschland","21":"tag-romane","22":"tag-sara-gmuer","23":"tag-unterhaltung"},"share_on_mastodon":{"url":"https:\/\/pubeurope.com\/@de\/114531572773796369","error":""},"_links":{"self":[{"href":"https:\/\/www.europesays.com\/de\/wp-json\/wp\/v2\/posts\/121521","targetHints":{"allow":["GET"]}}],"collection":[{"href":"https:\/\/www.europesays.com\/de\/wp-json\/wp\/v2\/posts"}],"about":[{"href":"https:\/\/www.europesays.com\/de\/wp-json\/wp\/v2\/types\/post"}],"author":[{"embeddable":true,"href":"https:\/\/www.europesays.com\/de\/wp-json\/wp\/v2\/users\/2"}],"replies":[{"embeddable":true,"href":"https:\/\/www.europesays.com\/de\/wp-json\/wp\/v2\/comments?post=121521"}],"version-history":[{"count":0,"href":"https:\/\/www.europesays.com\/de\/wp-json\/wp\/v2\/posts\/121521\/revisions"}],"wp:featuredmedia":[{"embeddable":true,"href":"https:\/\/www.europesays.com\/de\/wp-json\/wp\/v2\/media\/121522"}],"wp:attachment":[{"href":"https:\/\/www.europesays.com\/de\/wp-json\/wp\/v2\/media?parent=121521"}],"wp:term":[{"taxonomy":"category","embeddable":true,"href":"https:\/\/www.europesays.com\/de\/wp-json\/wp\/v2\/categories?post=121521"},{"taxonomy":"post_tag","embeddable":true,"href":"https:\/\/www.europesays.com\/de\/wp-json\/wp\/v2\/tags?post=121521"}],"curies":[{"name":"wp","href":"https:\/\/api.w.org\/{rel}","templated":true}]}}