{"id":1215217,"date":"2026-08-04T17:00:45","date_gmt":"2026-08-04T17:00:45","guid":{"rendered":"https:\/\/www.europesays.com\/de\/1215217\/"},"modified":"2026-08-04T17:00:45","modified_gmt":"2026-08-04T17:00:45","slug":"ein-vorher-nachher-vergleich-verdorrte-wiesen-wasserlose-fluesse-duerre-so-vertrocknet-europa","status":"publish","type":"post","link":"https:\/\/www.europesays.com\/de\/1215217\/","title":{"rendered":"Ein Vorher-Nachher-Vergleich: Verdorrte Wiesen, wasserlose Fl\u00fcsse, D\u00fcrre \u2013 so vertrocknet Europa"},"content":{"rendered":"<p class=\"tspBKln tspBKlo\">Europa erlebt durch den Klimawandel einen historischen Sommer. <a href=\"https:\/\/www.tagesspiegel.de\/internationales\/feuerspeiende-drachen-und-stillgelegte-fliessbander-warum-brennt-frankreich-immer-weiter-15885303.html?icid=in-text-link_15908537\" class=\"link link--internal\" data-gtm-class=\"article-text-link\" data-gtm-val=\"internal\" rel=\"nofollow noopener\" target=\"_blank\">Waldbr\u00e4nde w\u00fcten unter anderem in Frankreich<\/a>, Spanien und Griechenland, fast auf dem gesamten Kontinent herrschen Regenmangel und Trockenheit. Wales und England melden den trockensten Juli seit 1863, f\u00fcr weite Teile der britischen Insel wurde der D\u00fcrrezustand ausgerufen.<\/p>\n<p><a href=\"https:\/\/www.tagesspiegel.de\/politik\/energie-klima\/?icid=single-topic_15908537___\" data-gtm-class=\"article-mzt-link\" class=\"tspDEr8\" rel=\"nofollow noopener\" target=\"_blank\">Mehr zum Thema Klima und Energie Hier zu lesen, von kiezig bis global, \u00fcber Krise und Anpassung <\/a><\/p>\n<p class=\"tspBKln\"><a href=\"https:\/\/www.tagesspiegel.de\/politik\/historisches-niedrigwasser-und-anhaltende-trockenheit-warum-deutschland-das-wasser-ausgeht--und-was-das-kostet-15906908.html?icid=in-text-link_15908537\" class=\"link link--internal\" data-gtm-class=\"article-text-link\" data-gtm-val=\"internal\" rel=\"nofollow noopener\" target=\"_blank\">Die Pegelst\u00e4nde vieler Fl\u00fcsse liegen deutlich unter dem Normalwert<\/a>. In Ungarn und Rum\u00e4nien wurden zwei Atomkraftwerke an der Donau heruntergefahren, weil zu wenig K\u00fchlwasser zur Verf\u00fcgung steht. In Ungarn f\u00fchrte der Regenmangel bereits zu Einschr\u00e4nkungen bei Schifffahrt und Tourismus sowie zur Rationierung von Wasser in mehr als 100 St\u00e4dten und D\u00f6rfern. Die Wasserbeh\u00f6rde des Landes prognostizierte, dass der Pegel der Donau in den kommenden Tagen weiter sinken werde.<\/p>\n<p class=\"tspBKln\">Auch auf dem Rhein ist kaum noch Schiffsverkehr m\u00f6glich, an manchen Orten wurden historische Pegeltiefstst\u00e4nde gemessen, unter anderem in K\u00f6ln.<\/p>\n<p class=\"tspBKln\">Besonders deutlich wird das Ausma\u00df der Trockenheit durch einen Vergleich von Bildern\u00a0\u2013 wie sehen Orte normalerweise im Sommer aus und wie in diesen Tagen?<\/p>\n<p><img decoding=\"async\" src=\"https:\/\/www.europesays.com\/de\/wp-content\/uploads\/2026\/08\/famous-stonehenge-in-england-aerial-view-aerial-photography.jpeg\" alt=\"Famous Stonehenge in England - aerial view -aerial photography\" width=\"600\" height=\"450\" loading=\"lazy\" class=\"tspAVin\"\/><\/p>\n<p class=\"tspABgk\"> \u00a9 IMAGO\/Depositphotos <\/p>\n<p class=\"tspBKln\">Die ber\u00fchmte historische St\u00e4tte von Stonehenge in England ist f\u00fcr gew\u00f6hnlich umgeben von gr\u00fcnen Wiesen und Feldern.<\/p>\n<p><img decoding=\"async\" src=\"https:\/\/www.europesays.com\/de\/wp-content\/uploads\/2026\/08\/drone-view-of-parched-grassland-around-stonehenge-ancient-stone-circle-amesbury.jpeg\" alt=\"A drone view shows parched grassland around Stonehenge ancient stone circle, after Britain\u2019s Environment Agency declared seven areas of England to be in drought, Amesbury, south west Britain, July 31, 2026. REUTERS\/Toby Melville\" width=\"600\" height=\"450\" loading=\"lazy\" class=\"tspAVin\"\/><\/p>\n<p class=\"tspABgk\"> \u00a9 REUTERS\/TOBY MELVILLE <\/p>\n<p class=\"tspBKln\">Jetzt aber ist das gesamte Areal staubig und trocken. Nach offiziellen Angaben gab es im Juli in 19 englischen Grafschaften praktisch keinen Regen.<\/p>\n<p><img decoding=\"async\" src=\"https:\/\/www.europesays.com\/de\/wp-content\/uploads\/2026\/08\/st-albans-cityscape-and-verulamium-park-aerial-view.jpeg\" alt=\"St albans cityscape with verulamium park lake and cathedral under a summer sky\" width=\"600\" height=\"450\" loading=\"lazy\" class=\"tspAVin\"\/><\/p>\n<p class=\"tspABgk\"> \u00a9 Getty Images\/CHUNYIP WONG <\/p>\n<p class=\"tspBKln\">Der Verulamium Park in St. Albans n\u00f6rdlich von London ist im Sommer eigentlich ein beliebtes Ausflugsziel.<\/p>\n<p><img decoding=\"async\" src=\"https:\/\/www.europesays.com\/de\/wp-content\/uploads\/2026\/08\/britain-weather-climate-drought.jpeg\" alt=\"An aerial photograph shows footpaths in the sun scorched grass at Verulamium Park in St Albans, north of London on August 3, 2026. England and Wales both experienced the &quot;driest July on record&quot;, the UK Met Office weather agency said August 3, based on provisional figures. The weather service said that, of the two UK countries, England had recorded just 6.5 millimetres (0.25 of an inch) of rain, 10 percent of the usual average figure, while Wales had 9.3 mm, the Met Office said. (Photo by Toby Shepheard \/ AFP)\" width=\"600\" height=\"450\" loading=\"lazy\" class=\"tspAVin\"\/><\/p>\n<p class=\"tspABgk\"> \u00a9 AFP\/Toby Shepheard <\/p>\n<p class=\"tspBKln\">Derzeit gleicht das Gel\u00e4nde eher einer Steppe.<\/p>\n<p><img decoding=\"async\" src=\"https:\/\/www.europesays.com\/de\/wp-content\/uploads\/2026\/08\/august-21-2019-nijmegen-gelderland-netherlands-view-of-the-houseboats-on-waal-river-during-suns.jpeg\" alt=\"August 21, 2019, Nijmegen, Gelderland, Netherlands: View of the houseboats on Waal River during sunset..The Ooijpolder is a beautiful area for walking and recreation close to the Waalbrug Bridge and surrounded by the Waal River. The area is located east of the city of Nijmegen in the province of Gelderland. Nijmegen Netherlands PUBLICATIONxINxGERxSUIxAUTxONLY - ZUMAs197 20190821_zab_s197_031 Copyright: xAnaxFernandezx  \" width=\"600\" height=\"450\" loading=\"lazy\" class=\"tspAVin\"\/><\/p>\n<p class=\"tspABgk\"> \u00a9 IMAGO\/ZUMA Press\/Ana Fernandez <\/p>\n<p class=\"tspBKln\">Im niederl\u00e4ndischen Nijmegen befindet sich diese kleine Siedlung mit Hausbooten.<\/p>\n<p><img decoding=\"async\" src=\"https:\/\/www.europesays.com\/de\/wp-content\/uploads\/2026\/08\/netherlands-declares-an-official-water-shortage-due-to-ongoing-drought.jpeg\" alt=\" A drone view shows houseboats on Het Meertje river, as the levels of the river are lower than expected for this time of the season in Nijmegen, Netherlands, July 17, 2026. REUTERS\/Bart Biesemans\" width=\"600\" height=\"450\" loading=\"lazy\" class=\"tspAVin\"\/><\/p>\n<p class=\"tspABgk\"> \u00a9 REUTERS\/BART BIESEMANS <\/p>\n<p class=\"tspBKln\">In diesen Tagen liegen viele davon schon fast auf dem Trockenen.<\/p>\n<p><img decoding=\"async\" src=\"https:\/\/www.europesays.com\/de\/wp-content\/uploads\/2026\/08\/die-rheinbrucke-emmerich-bundesstra-e-b220-abendlicht-mit-803-m-die-langste-hangebrucke-deutschlands.jpeg\" alt=\"Die Rheinbr\u00fccke Emmerich, Bundesstra\u00dfe B220, Abendlicht, mit 803 m die l\u00e4ngste H\u00e4ngebr\u00fccke Deutschlands kurz vor der Niederl\u00e4ndischen Grenze, Rheinkilometer 853,2 sie ist die n\u00f6rdlichste deutsche Rheinbr\u00fccke, NRW, Deutschland Rheinbr\u00fccke Emmerich *** The Rhine bridge Emmerich, federal road B220, evening light, with 803 m the longest suspension bridge in Germany shortly before the Dutch border, Rhine kilometer 853.2 it is the northernmost German Rhine bridge, NRW, Germany Rhine bridge Emmerich\" width=\"600\" height=\"450\" loading=\"lazy\" class=\"tspAVin\"\/><\/p>\n<p class=\"tspABgk\"> \u00a9 imago\/Jochen Tack <\/p>\n<p class=\"tspBKln\">Die Br\u00fccke bei Emmerich \u00fcberspannt den Rhein, eine der wichtigsten Schifffahrtsrouten Europas.<\/p>\n<p><img decoding=\"async\" src=\"https:\/\/www.europesays.com\/de\/wp-content\/uploads\/2026\/08\/rhein-niedrigwasser.jpeg\" alt=\"Rhein bei Emmerich, extremes Niedrigwasser, Rheinpegel bei 5 cm, Tendenz fallend, Rheinbr\u00fccke Emmerich, Frachtschiffe m\u00fcssen mit z.T. nur 30 Prozent der \u00fcblichen Ladung fahren, Kulisse des KLK Emmerich Chemiewerks, f\u00fcr oleochemischen Produkte,NRW, Deutschland Rhein Niedrigwasser *** Rhine near Emmerich, extremely low water levels, Rhine water level at 5 cm, trending downward, Emmerich Rhine Bridge, cargo ships must sail with as little as 30 percent of their usual cargo, backdrop of the KLK Emmerich chemical plant, for oleochemical products, North Rhine-Westphalia, Germany, Rhine low water\" width=\"600\" height=\"450\" loading=\"lazy\" class=\"tspAVin\"\/><\/p>\n<p class=\"tspABgk\"> \u00a9 imago\/Jochen Tack <\/p>\n<p class=\"tspBKln\">Derzeit k\u00e4me man schon beinahe zu Fu\u00df auf die andere Seite.<\/p>\n<p><img decoding=\"async\" src=\"https:\/\/www.europesays.com\/de\/wp-content\/uploads\/2026\/08\/dusseldorf-brucken.jpeg\" alt=\"Blick auf die Rheinkniebr\u00fccke \u00fcber den Rhein bei D\u00fcsseldorf, Medienhafen, von den Rheinwiesen in D\u00fcsseldorf-Oberkassel, Rheinturm, NRW, Deutschland D\u00fcsseldorf Br\u00fccken *** View of the Rhine knee bridge over the Rhine near D\u00fcsseldorf, Medienhafen, from the Rhine meadows in D\u00fcsseldorf Oberkassel, Rhine Tower, NRW, Germany D\u00fcsseldorf Bridges\" width=\"600\" height=\"450\" loading=\"lazy\" class=\"tspAVin\"\/><\/p>\n<p class=\"tspABgk\"> \u00a9 imago\/Jochen Tack <\/p>\n<p class=\"tspBKln\">Etwas weiter flussaufw\u00e4rts liegen die D\u00fcsseldorfer Rheinwiesen.<\/p>\n<p><img decoding=\"async\" src=\"https:\/\/www.europesays.com\/de\/wp-content\/uploads\/2026\/08\/niedrigwasser-rhein.jpeg\" alt=\"Vertrocknetes Flussbett, br\u00fcchige Schollen, extremes Niedrigwasser, Rheinpegel bei 41 cm, Tendenz fallend, Frachter m\u00fcssen mit reduzierter Ladung fahren, nach der langen D\u00fcrre f\u00e4llt das linke Rheinufer, bei D\u00fcsseldorf Oberkassel trocken, Rheinkniebr\u00fccke, Rheinturm, NRW, Deutschland Niedrigwasser Rhein *** Dried-up riverbed, crumbly clods of earth, extremely low water levels, Rhine water level at 41 cm, and falling freighters must sail with reduced cargo after the long drought, the left bank of the Rhineincluding the area near D\u00fcsseldorf-Oberkasselis dry Rheinknie Bridge, Rhine Tower, North Rhine-Westphalia, Germany low water levels on the Rhine\" width=\"600\" height=\"450\" loading=\"lazy\" class=\"tspAVin\"\/><\/p>\n<p class=\"tspABgk\"> \u00a9 imago\/Jochen Tack <\/p>\n<p class=\"tspBKln\">Auch hier sind gro\u00dfe Teile des Flussbettes inzwischen komplett ausgetrocknet.<\/p>\n<p><img decoding=\"async\" src=\"https:\/\/www.europesays.com\/de\/wp-content\/uploads\/2026\/08\/rheinauhafen-copyright-xaugustin-1x-panthermedia68218106.jpeg\" alt=\" Rheinauhafen Copyright: xAugustin_1x Panthermedia68218106.jpg\" width=\"600\" height=\"450\" loading=\"lazy\" class=\"tspAVin\"\/><\/p>\n<p class=\"tspABgk\"> \u00a9 imago\/Panthermedia <\/p>\n<p class=\"tspBKln\">Im K\u00f6lner Rheinauhafen k\u00f6nnen Sportboote festmachen.<\/p>\n<p><img decoding=\"async\" src=\"https:\/\/www.europesays.com\/de\/wp-content\/uploads\/2026\/08\/niedrigwasser-im-yachthafen-des-kolner-rheinauhafens.jpeg\" alt=\"Niedrigwasser im Yachthafen des K\u00f6lner Rheinauhafens Anhaltende Hitzewelle und Trockenheit in NRW: Im Yachthafen des K\u00f6lner Rheinauhafens liegt der Grund teilweise frei, mehrere Boote liegen auf. Der Pegel K\u00f6ln liegt bei 70 cm nur 1 cm \u00fcber dem historischen Tiefstwert von 69 cm vom 23. Oktober 2018. K\u00f6ln Nordrhein-Westfalen Deutschland *** Low Water Levels at Colognes Rheinauhafen Marina: Ongoing Heat Wave and Drought in North Rhine-Westphalia. At Colognes Rheinauhafen Marina, the riverbed is partially exposed, and several boats are aground. The water level at Cologne stands at 70 cm, just 1 cm above the all-time low of 69 cm recorded on October 23, 2018. Cologne, North Rhine-Westphalia, Germany Copyright: xMarcxJohnx\" width=\"600\" height=\"450\" loading=\"lazy\" class=\"tspAVin\"\/><\/p>\n<p class=\"tspABgk\"> \u00a9 IMAGO\/Marc John <\/p>\n<p class=\"tspBKln\">Befahren k\u00f6nnen sie den Fluss gerade kaum noch. K\u00f6ln meldete am Wochenende einen Pegelstand von 67 Zentimetern\u00a0\u2013 ein neuer Tiefstwert.<\/p>\n<p><img decoding=\"async\" src=\"https:\/\/www.europesays.com\/de\/wp-content\/uploads\/2026\/08\/afp-20240122-34ga2qf-v1-highres-franceenvironment.jpeg\" alt=\"AFP ARCHIV EINMALIGE VERWENDUNG -- This aerial photograph taken on January 19, 2024 shows the bridge of Varades over the Loire river in Loirauxence. (Photo by Damien MEYER \/ AFP)\" width=\"600\" height=\"450\" loading=\"lazy\" class=\"tspAVin\"\/><\/p>\n<p class=\"tspABgk\"> \u00a9 AFP\/DAMIEN MEYER <\/p>\n<p class=\"tspBKln\">Im Westen Frankreichs f\u00fchrt die Br\u00fccke von Varades \u00fcber die Loire.<\/p>\n<p><img decoding=\"async\" src=\"https:\/\/www.europesays.com\/de\/wp-content\/uploads\/2026\/08\/view-of-the-loire-river-in-loireauxence.jpeg\" alt=\"A view shows a bridge with sandbanks of a branch of the Loire River in Loireauxence as drought worsens in Maine-et-Loire department during a heatwave affecting a large part of the country, France, July 9, 2026. REUTERS\/Stephane Mahe\" width=\"600\" height=\"450\" loading=\"lazy\" class=\"tspAVin\"\/><\/p>\n<p class=\"tspABgk\"> \u00a9 REUTERS\/STEPHANE MAHE <\/p>\n<p class=\"tspBKln\">Von dem gro\u00dfen Fluss ist kaum noch etwas \u00fcbrig. Frankreich ist in diesem Sommer besonders stark von Waldbr\u00e4nden, Hitze und Trockenheit betroffen.<\/p>\n<p><img decoding=\"async\" src=\"https:\/\/www.europesays.com\/de\/wp-content\/uploads\/2026\/08\/the-lac-des-brenets-lake-in-the-valley-of-the-border-river-doubs-opposite-the-hamlet-of-chaillexon-i.jpeg\" alt=\"The Lac des Brenets lake in the valley of the border river Doubs, opposite the hamlet of Chaillexon in the French municipality of Villers-le-Lac, Les Brenets, Canton of Neuchatel, Switzerland\" width=\"600\" height=\"450\" loading=\"lazy\" class=\"tspAVin\"\/><\/p>\n<p class=\"tspABgk\"> \u00a9 Getty Images\/Gunter Fischer <\/p>\n<p class=\"tspBKln\">An der Grenze zwischen Frankreich und der Schweiz liegt der Lac des Brenets.<\/p>\n<p><img decoding=\"async\" src=\"https:\/\/www.europesays.com\/de\/wp-content\/uploads\/2026\/08\/a-drone-view-shows-moored-boats-on-the-nearly-empty-lake-brenets.jpeg\" alt=\"A drone view shows moored boats on the nearly empty Lake Brenets as drought conditions affecting the Doubs River lower water levels along the Swiss-French border in Les Brenets, Switzerland, July 30, 2026. REUTERS\/Denis Balibouse\" width=\"600\" height=\"450\" loading=\"lazy\" class=\"tspAVin\"\/><\/p>\n<p class=\"tspABgk\"> \u00a9 REUTERS\/Denis Balibouse <\/p>\n<p class=\"tspBKln\">Diese Drohnenaufnahme zeigt auch hier, wie sehr das Wasser fehlt.<\/p>\n<p><img decoding=\"async\" src=\"https:\/\/www.europesays.com\/de\/wp-content\/uploads\/2026\/08\/turin-vittorio-emanuele-bridge-crossing-the-po-river-with-big-mother-church-in-the-background.jpeg\" alt=\"Turin  Vittorio Emanuele bridge crossing the Po river with Big Mother church in the background.\" width=\"600\" height=\"450\" loading=\"lazy\" class=\"tspAVin\"\/><\/p>\n<p class=\"tspABgk\"> \u00a9 IMAGO\/Depositphotos <\/p>\n<p class=\"tspBKln\">Italiens l\u00e4ngster Fluss, der Po, durchquert auch die lombardische Metropole Turin.<\/p>\n<p><img decoding=\"async\" src=\"https:\/\/www.europesays.com\/de\/wp-content\/uploads\/2026\/08\/italy-weather-climate-heatwave-algae.jpeg\" alt=\"The picture shows algae covering the surface of the Po River near Vittorio Emanuele I Bridge in Turin, northwestern Italy, on July 14, 2026. In recent years, the proliferation of algae along this stretch of the Po has prompted the city administration to take measures to control their growth during the hot, dry summer months. (Photo by Marco BERTORELLO \/ AFP)\" width=\"600\" height=\"450\" loading=\"lazy\" class=\"tspAVin\"\/><\/p>\n<p class=\"tspABgk\"> \u00a9 AFP\/MARCO BERTORELLO <\/p>\n<p class=\"tspBKln\">In diesem Sommer gibt es dort eine besonders schwere Algenplage. Der Grund ist eine gef\u00e4hrliche Mischung: Durch Regenmangel fehlt frisches Wasser, die Hitzewelle l\u00e4sst die Temperaturen ansteigen, die Algen vermindern die Flie\u00dfgeschwindigkeit. All das verst\u00e4rkt das Algenwachstum.<\/p>\n<p><img decoding=\"async\" src=\"https:\/\/www.europesays.com\/de\/wp-content\/uploads\/2026\/08\/sup-festival-in-budapest-hungary-28-jun-2025.jpeg\" alt=\"SUP festival in Budapest, Hungary - 28 Jun 2025 The SUP paddlers pass by the Hungarian Parliament building in Budapest. SUP festival is an annual event in Budapest, Hungary. This year the festival celebrated the 10th anniversary. The organizers expected 300-400 people to attend on the 15 km long journey on the Danube River. Budapest Hungary Copyright: xKrisztianxElekx\/xSOPAxImagesx SSS_20250628_SUP_FESTIVAL_0011014\" width=\"600\" height=\"450\" loading=\"lazy\" class=\"tspAVin\"\/><\/p>\n<p class=\"tspABgk\"> \u00a9 IMAGO\/Krisztian Elek <\/p>\n<p class=\"tspBKln\">Die Donau vor dem Parlament in Ungarns Hauptstadt Budapest ist normalerweise ein beliebtes Ziel f\u00fcr Sportler.<\/p>\n<p><img decoding=\"async\" src=\"https:\/\/www.europesays.com\/de\/wp-content\/uploads\/2026\/08\/rived-danube-reaches-historic-record-low-levels-in-budapest.jpeg\" alt=\"Rived Danube reaches historic record low levels in Budapest BUDAPEST, HUNGARY - JULY 30: A view of the Danube River as it reaches historic record-low water levels in Budapest, Hungary, on July 30, 2026. Following weeks of extreme heat and prolonged drought, the receding river has exposed large sections of the riverbed, rocks and sandbars along the capital s waterfront. The unusually low water levels have disrupted river navigation and highlighted the impact of persistent dry weather across Central Europe. Robert Nemeti \/ Anadolu Budapest Hungary. Editorial use only. Please get in touch for any other usage. PUBLICATIONxNOTxINxTURxUSAxCANxUKxJPNxITAxFRAxAUSxESPxBELxKORxRSAxHKGxNZL Copyright: x2026xAnadoluxRobertxNemetix\" width=\"600\" height=\"450\" loading=\"lazy\" class=\"tspAVin\"\/><\/p>\n<p class=\"tspABgk\"> \u00a9 IMAGO\/Robert Nemeti <\/p>\n<p class=\"tspBKln\">Aktuell dient das Flussbett eher als Ausstellungsfl\u00e4che f\u00fcr Steinkunstwerke von Spazierg\u00e4ngern.<\/p>\n","protected":false},"excerpt":{"rendered":"Europa erlebt durch den Klimawandel einen historischen Sommer. Waldbr\u00e4nde w\u00fcten unter anderem in Frankreich, Spanien und Griechenland, fast&hellip;\n","protected":false},"author":2,"featured_media":1215218,"comment_status":"","ping_status":"","sticky":false,"template":"","format":"standard","meta":{"footnotes":"","_share_on_mastodon":"0"},"categories":[5],"tags":[331,332,3364,29,3058,156,30,1565,13,1420,14,15,12,4026,501,17158],"class_list":["post-1215217","post","type-post","status-publish","format-standard","has-post-thumbnail","category-nachrichten","tag-aktuelle-nachrichten","tag-aktuelle-news","tag-de","tag-deutschland","tag-england","tag-frankreich","tag-germany","tag-griechenland","tag-headlines","tag-koeln","tag-nachrichten","tag-news","tag-schlagzeilen","tag-spanien","tag-ungarn","tag-visual-department"],"share_on_mastodon":{"url":"https:\/\/pubeurope.com\/@de\/117038315946185393","error":""},"_links":{"self":[{"href":"https:\/\/www.europesays.com\/de\/wp-json\/wp\/v2\/posts\/1215217","targetHints":{"allow":["GET"]}}],"collection":[{"href":"https:\/\/www.europesays.com\/de\/wp-json\/wp\/v2\/posts"}],"about":[{"href":"https:\/\/www.europesays.com\/de\/wp-json\/wp\/v2\/types\/post"}],"author":[{"embeddable":true,"href":"https:\/\/www.europesays.com\/de\/wp-json\/wp\/v2\/users\/2"}],"replies":[{"embeddable":true,"href":"https:\/\/www.europesays.com\/de\/wp-json\/wp\/v2\/comments?post=1215217"}],"version-history":[{"count":0,"href":"https:\/\/www.europesays.com\/de\/wp-json\/wp\/v2\/posts\/1215217\/revisions"}],"wp:featuredmedia":[{"embeddable":true,"href":"https:\/\/www.europesays.com\/de\/wp-json\/wp\/v2\/media\/1215218"}],"wp:attachment":[{"href":"https:\/\/www.europesays.com\/de\/wp-json\/wp\/v2\/media?parent=1215217"}],"wp:term":[{"taxonomy":"category","embeddable":true,"href":"https:\/\/www.europesays.com\/de\/wp-json\/wp\/v2\/categories?post=1215217"},{"taxonomy":"post_tag","embeddable":true,"href":"https:\/\/www.europesays.com\/de\/wp-json\/wp\/v2\/tags?post=1215217"}],"curies":[{"name":"wp","href":"https:\/\/api.w.org\/{rel}","templated":true}]}}