{"id":121525,"date":"2025-05-19T00:05:12","date_gmt":"2025-05-19T00:05:12","guid":{"rendered":"https:\/\/www.europesays.com\/de\/121525\/"},"modified":"2025-05-19T00:05:12","modified_gmt":"2025-05-19T00:05:12","slug":"franzoesischer-rapper-werenoi-mit-31-jahren-verstorben","status":"publish","type":"post","link":"https:\/\/www.europesays.com\/de\/121525\/","title":{"rendered":"Franz\u00f6sischer Rapper Werenoi mit 31 Jahren verstorben"},"content":{"rendered":"<p>Zuvor waren bereits Ger\u00fcchte um Werenois Gesundheitszustand im Umlauf. Er soll Freitagabend eigentlich einen Auftritt gehabt haben, zu dem er nicht erschien.<\/p>\n<p>Werenoi: Innerhalb nur weniger Jahre auf die Spitze von franz\u00f6sischem Rap<\/p>\n<p>Der Musikbranchenverband Snep gibt an, dass Werenoi in den Jahren 2023 und 2024 die meisten Rap-Alben in Frankreich verkauft hat. Schaut man auf Werenois gar nicht mal so lange Karriere, ist dieser Erfolg umso beeindruckender. Der K\u00fcnstler aus Montreuil bei Paris hat immerhin erst 2021 seine erste offizielle Single herausgebracht. Seitdem soll er den Gro\u00dfteil seiner Zeit im Studio verbracht haben. Innerhalb weniger Jahre wurde er zu einem der gr\u00f6\u00dften Stars der franz\u00f6sischen Szene.<\/p>\n<p>Privat hatte er nat\u00fcrlich schon viel l\u00e4nger gerappt. Schon mit 14 soll er angefangen haben, eigene Musik zu machen. Sein Sound war gepr\u00e4gt von Afro, Trap und klassischen Rap-Einfl\u00fcssen. \u00dcber die vergangenen Jahre hat er mit diversen gro\u00dfen Rap-Pers\u00f6nlichkeiten aus Frankreich kollaboriert, darunter Gims, Ninho, Damso und Aya Nakamura.<\/p>\n<p>Hier k\u00f6nnt ihr euch seinen Track &#8222;Piano&#8220; anh\u00f6ren, den er zuletzt gemeinsam mit Gims ver\u00f6ffentlicht hatte:<\/p>\n","protected":false},"excerpt":{"rendered":"Zuvor waren bereits Ger\u00fcchte um Werenois Gesundheitszustand im Umlauf. Er soll Freitagabend eigentlich einen Auftritt gehabt haben, zu&hellip;\n","protected":false},"author":2,"featured_media":121526,"comment_status":"","ping_status":"","sticky":false,"template":"","format":"standard","meta":{"footnotes":""},"categories":[1772],"tags":[29,214,30,12790,1779,810,15,2138,46022,3259,978,215,40634,45254],"class_list":{"0":"post-121525","1":"post","2":"type-post","3":"status-publish","4":"format-standard","5":"has-post-thumbnail","7":"category-musik","8":"tag-deutschland","9":"tag-entertainment","10":"tag-germany","11":"tag-gestorben","12":"tag-music","13":"tag-musik","14":"tag-news","15":"tag-rap","16":"tag-rap-francais","17":"tag-tod","18":"tag-tot","19":"tag-unterhaltung","20":"tag-verstorben","21":"tag-werenoi"},"share_on_mastodon":{"url":"https:\/\/pubeurope.com\/@de\/114531580619943945","error":""},"_links":{"self":[{"href":"https:\/\/www.europesays.com\/de\/wp-json\/wp\/v2\/posts\/121525","targetHints":{"allow":["GET"]}}],"collection":[{"href":"https:\/\/www.europesays.com\/de\/wp-json\/wp\/v2\/posts"}],"about":[{"href":"https:\/\/www.europesays.com\/de\/wp-json\/wp\/v2\/types\/post"}],"author":[{"embeddable":true,"href":"https:\/\/www.europesays.com\/de\/wp-json\/wp\/v2\/users\/2"}],"replies":[{"embeddable":true,"href":"https:\/\/www.europesays.com\/de\/wp-json\/wp\/v2\/comments?post=121525"}],"version-history":[{"count":0,"href":"https:\/\/www.europesays.com\/de\/wp-json\/wp\/v2\/posts\/121525\/revisions"}],"wp:featuredmedia":[{"embeddable":true,"href":"https:\/\/www.europesays.com\/de\/wp-json\/wp\/v2\/media\/121526"}],"wp:attachment":[{"href":"https:\/\/www.europesays.com\/de\/wp-json\/wp\/v2\/media?parent=121525"}],"wp:term":[{"taxonomy":"category","embeddable":true,"href":"https:\/\/www.europesays.com\/de\/wp-json\/wp\/v2\/categories?post=121525"},{"taxonomy":"post_tag","embeddable":true,"href":"https:\/\/www.europesays.com\/de\/wp-json\/wp\/v2\/tags?post=121525"}],"curies":[{"name":"wp","href":"https:\/\/api.w.org\/{rel}","templated":true}]}}