{"id":1215270,"date":"2026-08-04T17:38:25","date_gmt":"2026-08-04T17:38:25","guid":{"rendered":"https:\/\/www.europesays.com\/de\/1215270\/"},"modified":"2026-08-04T17:38:25","modified_gmt":"2026-08-04T17:38:25","slug":"bettel-mafia-expertin-verraet-woran-man-sie-in-muenchen-erkennt","status":"publish","type":"post","link":"https:\/\/www.europesays.com\/de\/1215270\/","title":{"rendered":"Bettel-Mafia: Expertin verr\u00e4t, woran man sie in M\u00fcnchen erkennt"},"content":{"rendered":"<p>M\u00fcnchner Expertin \u00e4u\u00dfert sich <\/p>\n<p>Obdachlos oder Bettel-Mafia? So erkennt man den Unterschied<\/p>\n<ul class=\"grid grid-flow-col gap-4\" aria-label=\"Autorenbilder\">\n<li class=\"leading-0\"><img data-tb-author-image=\"\"  loading=\"lazy\" src=\"https:\/\/www.europesays.com\/de\/wp-content\/uploads\/2026\/06\/1780826958_144_image.jpg\" alt=\"\" title=\"\" width=\"40\" height=\"40\" class=\"\" decoding=\"async\"\/><\/li>\n<\/ul>\n<p>Aktualisiert am 04.08.2026 &#8211; 19:01 UhrLesedauer: 3 Min.<\/p>\n<p><a href=\"#focus-0\" class=\"transition-colors block text-current relative\" data-sctrack=\"FocusGalleryImage.Reference\"><img fetchpriority=\"high\" data-testid=\"Opener.Image\"   loading=\"eager\" src=\"https:\/\/www.europesays.com\/de\/wp-content\/uploads\/2026\/08\/bettlerin-kottbusser-damm-hermannplatz-kreuzberg-bezirk-friedrichshain-kreuzberg-berlin-deutschland-.jpeg\" alt=\"imago images 0821839665\" title=\"imago images 0821839665\" width=\"4000\" height=\"2250\" class=\"bg-[url:var(--lqipURL)] bg-cover bg-center flex h-full w-full max-w-full\" style=\"--lqipURL:url('https:\/\/images.t-online.de\/2026\/05\/49v35HkgMI3w\/0x66:4000x2250\/fit-in\/150x0\/filters:blur(25)\/bettlerin-kottbusser-damm-hermannplatz-kreuzberg-bezirk-friedrichshain-kreuzberg-berlin-deutschland-persoenlichkeitrechte-sind-nicht-geklaert-beggar-woman-kottbusser-damm-hermannplatz-kreuzberg-friedrichshain-kreuzberg-district-berlin-germany-personal-rights-are-not-clarified.jpg')\" decoding=\"async\"\/><img loading=\"lazy\" src=\"https:\/\/muenchen.t-online.de\/s\/paper\/_next\/static\/media\/zoom-in.f7dae02f.svg\" alt=\"Vergr\u00f6\u00dfern des Bildes\" title=\"Vergr\u00f6\u00dfern des Bildes\" class=\"block h-[calc(var(--height)_\/_16_*_1rem)] w-[calc(var(--width)_\/_16_*_1rem)] max-w-none absolute right-8 bottom-8 rounded-4 bg-snow p-8\" style=\"--width:32;--height:32\" decoding=\"async\"\/><\/a><\/p>\n<p>Eine Frau bettelt am Stra\u00dfenrand (Symbolbild): Nicht allen Menschen in M\u00fcnchen auf der Stra\u00dfe ist allerdings geholfen, wenn man ihnen Geld gibt. (Quelle: IMAGO\/Joko\/imago)<\/p>\n<p><img loading=\"lazy\" src=\"https:\/\/muenchen.t-online.de\/s\/paper\/_next\/static\/media\/audio-volume.6689034c.svg\" alt=\"\" title=\"\" class=\"block h-[calc(var(--height)_\/_16_*_1rem)] w-[calc(var(--width)_\/_16_*_1rem)] max-w-none group-hover:brightness-0 group-hover:invert\" style=\"--width:16;--height:16\" decoding=\"async\"\/>Vorlesen<\/p>\n<p>Aktuelle Zeit:0:00Gesamtdauer:0:00<\/p>\n<p>1x<\/p>\n<p class=\"text-center\">Jetzt neu bei t-online:<\/p>\n<p class=\"text-center\">Schriftgr\u00f6\u00dfe anpassen!<\/p>\n<p><img loading=\"lazy\" src=\"https:\/\/muenchen.t-online.de\/s\/paper\/_next\/static\/media\/font-sizes.32942e33.svg\" alt=\"\" title=\"\" class=\"block h-[calc(var(--height)_\/_16_*_1rem)] w-[calc(var(--width)_\/_16_*_1rem)] max-w-none group-hover:hidden group-aria-expanded:hidden\" style=\"--width:16;--height:16\" decoding=\"async\"\/><img loading=\"lazy\" src=\"https:\/\/muenchen.t-online.de\/s\/paper\/_next\/static\/media\/font-sizes-dark-mode.e382645c.svg\" alt=\"\" title=\"\" class=\"block h-[calc(var(--height)_\/_16_*_1rem)] w-[calc(var(--width)_\/_16_*_1rem)] max-w-none hidden group-hover:block group-aria-expanded:block\" style=\"--width:16;--height:16\" decoding=\"async\"\/><img loading=\"lazy\" src=\"https:\/\/muenchen.t-online.de\/s\/paper\/_next\/static\/media\/sharing-menu-icon.1eb71368.svg\" alt=\"\" title=\"\" class=\"block h-[calc(var(--height)_\/_16_*_1rem)] w-[calc(var(--width)_\/_16_*_1rem)] max-w-none group-hover:brightness-0 group-hover:invert\" style=\"--width:16;--height:16\" decoding=\"async\"\/>Artikel teilen<\/p>\n<p class=\"font-bold text-18 leading-17 user-text-lg:text-22 user-text-xl:text-24\">Viele Menschen wollen Bettlern helfen. Doch nicht jeder, der in M\u00fcnchen auf der Stra\u00dfe um Geld bittet, ist tats\u00e4chlich obdachlos.<\/p>\n<p class=\"text-18 leading-17 user-text-lg:text-22 user-text-xl:text-24\">Das Ph\u00e4nomen aggressiver Bettel-Banden ist aus vielen Gro\u00dfst\u00e4dten bekannt \u2013 M\u00fcnchen macht da keine Ausnahme. Die Spendenbereitschaft vieler Menschen ist hoch, besonders an kalten Tagen. Wer scheinbar direkt vor der eigenen Haust\u00fcr auf dem Gehweg sitzt, bekommt dann besonders oft Geld zugesteckt.<\/p>\n<p class=\"text-18 leading-17 user-text-lg:text-22 user-text-xl:text-24\">&#8222;Hier muss man aufpassen&#8220;, sagt Anja Sauer. Sie hat die M\u00fcnchner Obdachlosenhilfe &#8222;Aktion Br\u00fccke&#8220; gegr\u00fcndet und besch\u00e4ftigt sich seit Jahren mit der Szene. Nach ihren Angaben sitzen auf M\u00fcnchens B\u00fcrgersteigen und vor Superm\u00e4rkten h\u00e4ufig nicht &#8222;normale&#8220; Obdachlose, sondern organisierte Bettlergruppen. Die gesammelten Spenden d\u00fcrften die Bettler laut Sauer meist nicht behalten. Das Geld werde ihnen abgenommen und flie\u00dfe nach ihren Worten in kriminelle Strukturen.<\/p>\n<p class=\"text-18 leading-17 user-text-lg:text-22 user-text-xl:text-24\">Im Gespr\u00e4ch mit t-online erkl\u00e4rt die Expertin, woran Passanten erkennen k\u00f6nnen, wem sie guten Gewissens Geld geben \u2013 und wann Vorsicht geboten ist.<\/p>\n<p>Exerpertin: &#8222;Obdachlose meiden belebte Orte&#8220;<\/p>\n<p class=\"text-18 leading-17 user-text-lg:text-22 user-text-xl:text-24\">Einer der <a href=\"https:\/\/muenchen.t-online.de\/region\/muenchen\/id_100548786\/muenchen-haendler-fordern-stadtweites-bettelverbot.html\" class=\"transition-colors cursor-pointer no-underline md:hover:text-magenta md:focus:text-magenta border-b border-solid border-current text-salemsfur md:hover:border-magenta\" data-tracking=\"{&quot;action&quot;:&quot;click&quot;,&quot;category&quot;:&quot;intextLink&quot;,&quot;label&quot;:&quot;\/region\/muenchen\/id_100548786\/muenchen-haendler-fordern-stadtweites-bettelverbot.html&quot;}\" data-sctrack=\"BodyAnchor\" rel=\"nofollow noopener\" target=\"_blank\">Brennpunkte, an denen H\u00e4ndler und Anwohner nach wie vor geh\u00e4uft bettelnden Personen begegnen,<\/a> sind die Stra\u00dfen rund um den Hauptbahnhof, aber auch am Laimer Platz. Dass sich M\u00fcnchner Wohnungslose an diesen Orten aufhalten, sei eher un\u00fcblich, wei\u00df Anja Sauer:<\/p>\n<p class=\"text-18 leading-17 user-text-lg:text-22 user-text-xl:text-24\">&#8222;Die Mitglieder der Bettel-Banden sitzen immer an sehr belebten Pl\u00e4tzen, mitten in der Stadt. Obdachlose hingegen meiden lebhafte Orte und leben lieber zur\u00fcckgezogen&#8220;, sagt sie. &#8222;Sie sind froh, wenn sie ihre Ruhe haben und ein paar St\u00fcndchen schlafen k\u00f6nnen&#8220;.<\/p>\n<p class=\"text-18 leading-17 user-text-lg:text-22 user-text-xl:text-24\">Besonders auffallend: Keiner der rund 550 Obdachlosen, die Sauer mit der &#8222;Aktion Br\u00fccke&#8220; regelm\u00e4\u00dfig in M\u00fcnchen auf der Stra\u00dfe betreue, habe ein &#8222;Ich habe Hunger&#8220;-Schild vor sich stehen. Dies sei nur unter Mitgliedern von &#8222;Bettel-Banden&#8220; \u00fcblich, macht sie deutlich. Der Wortlaut auf den Schildern sei hier beinahe immer identisch. Auch das sehr forsche Ansprechen und das verbale Erbetteln von Geld sei f\u00fcr Obdachlose untypisch.<\/p>\n<p class=\"text-18 leading-17 user-text-lg:text-22 user-text-xl:text-24\">&#8222;Sp\u00e4testens, wenn man die Menschen fragt, ob sie etwas zu essen m\u00f6chten und sie stattdessen vehement Geld einfordern, ist das ein klares Zeichen f\u00fcr Bandenkriminalit\u00e4t&#8220;, wei\u00df die M\u00fcnchner Expertin.<\/p>\n<p><a href=\"#focus-1\" class=\"transition-colors block text-current relative\" data-sctrack=\"FocusGalleryImage.Reference\"><img   loading=\"lazy\" src=\"https:\/\/www.europesays.com\/de\/wp-content\/uploads\/2025\/07\/1753112414_264_image.jpg\" alt=\"Anja Sauer ist Vorsitzende und Mitgr\u00fcnderin der Obdachlosenhilfe &quot;Aktion Br\u00fccke M\u00fcnchen&quot;. Sie m\u00f6chte die Menschen f\u00fcr den Umgang mit Wohnungslosen sensibilisieren.\" title=\"Anja Sauer ist Vorsitzende und Mitgr\u00fcnderin der Obdachlosenhilfe &quot;Aktion Br\u00fccke M\u00fcnchen&quot;. Sie m\u00f6chte die Menschen f\u00fcr den Umgang mit Wohnungslosen sensibilisieren.\" width=\"4000\" height=\"2250\" class=\"h-full w-full max-w-full rounded-8\" decoding=\"async\"\/><img loading=\"lazy\" src=\"https:\/\/muenchen.t-online.de\/s\/paper\/_next\/static\/media\/zoom-in.f7dae02f.svg\" alt=\"Vergr\u00f6\u00dfern des Bildes\" title=\"Vergr\u00f6\u00dfern des Bildes\" class=\"block h-[calc(var(--height)_\/_16_*_1rem)] w-[calc(var(--width)_\/_16_*_1rem)] max-w-none absolute right-8 bottom-8 rounded-4 bg-snow p-8\" style=\"--width:32;--height:32\" decoding=\"async\"\/>Anja Sauer ist Vorsitzende und Mitgr\u00fcnderin der Obdachlosenhilfe &#8222;Aktion Br\u00fccke M\u00fcnchen&#8220;. Sie m\u00f6chte die Menschen f\u00fcr den Umgang mit Wohnungslosen sensibilisieren. (Quelle: Carla Gospodarek)<\/a><\/p>\n<p>&#8222;Bettler sind die \u00c4rmsten der Armen&#8220;<\/p>\n<p class=\"text-18 leading-17 user-text-lg:text-22 user-text-xl:text-24\">Nat\u00fcrlich h\u00e4tten auch die Bettler, die den vorwiegend rum\u00e4nischen Banden in M\u00fcnchen angeh\u00f6ren w\u00fcrden, ein trauriges Schicksal: &#8222;Die Menschen, die zum Betteln auf der Stra\u00dfe ausgesetzt werden, sind wirklich die \u00c4rmsten der Armen. Dahinter steht eine riesengro\u00dfe Organisation&#8220;, berichtet Anja Sauer. Diese Leute w\u00fcrden zum Betteln gezwungen und d\u00fcrften nichts von den &#8222;erwirtschafteten&#8220; Spenden f\u00fcr sich behalten. Auch Essen oder Sachspenden d\u00fcrften sie nicht entgegennehmen.<\/p>\n","protected":false},"excerpt":{"rendered":"M\u00fcnchner Expertin \u00e4u\u00dfert sich Obdachlos oder Bettel-Mafia? So erkennt man den Unterschied Aktualisiert am 04.08.2026 &#8211; 19:01 UhrLesedauer:&hellip;\n","protected":false},"author":2,"featured_media":678119,"comment_status":"","ping_status":"","sticky":false,"template":"","format":"standard","meta":{"footnotes":"","_share_on_mastodon":"0"},"categories":[1827],"tags":[2201,83732,124622,4827,772,24717,83731,29,30,1268,11891],"class_list":["post-1215270","post","type-post","status-publish","format-standard","has-post-thumbnail","category-muenchen","tag-2201","tag-83732","tag-124622","tag-ausflugstipp-muenchen","tag-bayern","tag-bettelverbot","tag-bettelverbotszone","tag-deutschland","tag-germany","tag-muenchen","tag-obdachlosigkeit"],"share_on_mastodon":{"url":"https:\/\/pubeurope.com\/@de\/117038465253049663","error":""},"_links":{"self":[{"href":"https:\/\/www.europesays.com\/de\/wp-json\/wp\/v2\/posts\/1215270","targetHints":{"allow":["GET"]}}],"collection":[{"href":"https:\/\/www.europesays.com\/de\/wp-json\/wp\/v2\/posts"}],"about":[{"href":"https:\/\/www.europesays.com\/de\/wp-json\/wp\/v2\/types\/post"}],"author":[{"embeddable":true,"href":"https:\/\/www.europesays.com\/de\/wp-json\/wp\/v2\/users\/2"}],"replies":[{"embeddable":true,"href":"https:\/\/www.europesays.com\/de\/wp-json\/wp\/v2\/comments?post=1215270"}],"version-history":[{"count":0,"href":"https:\/\/www.europesays.com\/de\/wp-json\/wp\/v2\/posts\/1215270\/revisions"}],"wp:featuredmedia":[{"embeddable":true,"href":"https:\/\/www.europesays.com\/de\/wp-json\/wp\/v2\/media\/678119"}],"wp:attachment":[{"href":"https:\/\/www.europesays.com\/de\/wp-json\/wp\/v2\/media?parent=1215270"}],"wp:term":[{"taxonomy":"category","embeddable":true,"href":"https:\/\/www.europesays.com\/de\/wp-json\/wp\/v2\/categories?post=1215270"},{"taxonomy":"post_tag","embeddable":true,"href":"https:\/\/www.europesays.com\/de\/wp-json\/wp\/v2\/tags?post=1215270"}],"curies":[{"name":"wp","href":"https:\/\/api.w.org\/{rel}","templated":true}]}}