{"id":1215298,"date":"2026-08-04T17:54:17","date_gmt":"2026-08-04T17:54:17","guid":{"rendered":"https:\/\/www.europesays.com\/de\/1215298\/"},"modified":"2026-08-04T17:54:17","modified_gmt":"2026-08-04T17:54:17","slug":"bvb-heisses-tuschel-thema-um-dortmunds-nummer-10-bild","status":"publish","type":"post","link":"https:\/\/www.europesays.com\/de\/1215298\/","title":{"rendered":"BVB: Hei\u00dfes Tuschel-Thema um Dortmunds Nummer 10 &#8211; BILD"},"content":{"rendered":"<ol>\n<li><a href=\"https:\/\/news.google.com\/rss\/articles\/CBMirAFBVV95cUxQNGY3ZjBQaXh3aXFOaWRZbjNUY1ozelE2SW1yU1BwSU44Q3NsWUFIOE5EN1phOGhXeU9OUlFpcG1ZNkdIVFZ3ZnhjX2V0U0NwU2llRUUwZVZOSXd1bXlRTHIzRFp2aEU1anVqakdYRG1IV3kzZXRRVHUwdGpuMmhQVmQ0ckIxbjBQNkJrM0RsaTFHZjZRQ2g0N3V2elo4YlJSTkdLemRyTm5lT3lq?oc=5\" target=\"_blank\" rel=\"nofollow noopener\">BVB: Hei\u00dfes Tuschel-Thema um Dortmunds Nummer 10<\/a>&nbsp;&nbsp;BILD<\/li>\n<li><a href=\"https:\/\/news.google.com\/rss\/articles\/CBMirwFBVV95cUxQdFduTDN2QW4xOGI1MWFTV3RvVUlnSTVWZmtYWmN3OWROZFI2MnNZakZQZFA4VHFjLXBBNWtuWk9TYXBLbW5peXoyME51UXcyVVM3aDRMb3hRdHl5dXJlMW1kY25zcU5wTDlZRGJHZ0tIczh0d0VKRjJrSG1ad3puRllvZ1R3T2xtRW1tVktSVFpFLWQ4VWNja2tqZEJ2YTc2T2laaXhiTmg3bmw5Rmdr?oc=5\" target=\"_blank\" rel=\"nofollow noopener\">Bundesliga: BVB oder Effzeh? El Mala-Poker spitzt sich zu<\/a>&nbsp;&nbsp;RevierSport online<\/li>\n<li><a href=\"https:\/\/news.google.com\/rss\/articles\/CBMipAFBVV95cUxOVWRoaXB1N2FaRk9hcE9RbjBrWlhYVmNPNExwYWRlVzczV2FaMjV1R2k3bjZ3NjJsVHBvQ2ZOY3JNVS1GdHVOOHctSkFfbjZWRlZidjFRcWdmLXRkOGJqRnpoLWVEeGpXYmV3bHBxVi1EYldwbEp4M2tWOEJ1aVBJSmhJZG1fUHhqdG00X1I1WEtTLWFYOF9XQ1hGVmhhUVFwalNuNg?oc=5\" target=\"_blank\" rel=\"nofollow noopener\">K\u00f6ln \u00f6ffnet T\u00fcr: BVB-Transfer von Said El Mala immer wahrscheinlicher<\/a>&nbsp;&nbsp;fussballdaten.de<\/li>\n<li><a href=\"https:\/\/news.google.com\/rss\/articles\/CBMitwFBVV95cUxPV01fd2NJekJCTDVFX2lKdXB0TmM2aDZ1TDJUcW5BSTZqMkY4RXBiWVF6TjB4bk1uWmJvUXQwQnEyTjRZMUMzdEw5OURXeHRlSDVrbFJQTjE2Rnk0N3NYYkJkZ0RJNDNpNVFueGhENXAwNGIyWlE0eFBQNm1JRG1iNDFTc3ozQ1ZickhTWEI2Y3VWVTd2QXRUT2hfaWI2RXlqNWxaTkhadHhneEZraWFMRmxvMWR5WUk?oc=5\" target=\"_blank\" rel=\"nofollow noopener\">Trikotnummer-Wirbel beim BVB | \u00dcberraschendes Sancho-Statement<\/a>&nbsp;&nbsp;FussballTransfers.com<\/li>\n<li><a href=\"https:\/\/news.google.com\/rss\/articles\/CBMijwFBVV95cUxNNXdmVGpkSjNhSG5CR1EtRU5rX2FtTXNnQU8xQnVKZm5DQ25oVHM2YmZWaTdheXYtbUxzOVJCQWk4WHdib1NRSmsxZ2NiZHpndDlEdUNib2gwOG9TWUVka1pDN2I5VVRtWjQ0R2g3WDR5a0ZIeWpOUnVGelo4YTdiMnRPcU5LN3RnQzV6RHJSSQ?oc=5\" target=\"_blank\" rel=\"nofollow noopener\">Medien: Spanischer Super-Scorer im Visier des BVB<\/a>&nbsp;&nbsp;sport.de<\/li>\n<\/ol>\n","protected":false},"excerpt":{"rendered":"BVB: Hei\u00dfes Tuschel-Thema um Dortmunds Nummer 10&nbsp;&nbsp;BILD Bundesliga: BVB oder Effzeh? El Mala-Poker spitzt sich zu&nbsp;&nbsp;RevierSport online K\u00f6ln&hellip;\n","protected":false},"author":2,"featured_media":1215299,"comment_status":"","ping_status":"","sticky":false,"template":"","format":"standard","meta":{"footnotes":"","_share_on_mastodon":"0"},"categories":[136],"tags":[623,1263,888,29,538,30,5133,20101,957,265,819,5132],"class_list":["post-1215298","post","type-post","status-publish","format-standard","has-post-thumbnail","category-sport","tag-1-fc-koeln","tag-aufmacher-bereich","tag-borussia-dortmund","tag-deutschland","tag-erste-bundesliga","tag-germany","tag-hueber-yannick","tag-kwasniok-lukas","tag-premier-league","tag-sport","tag-sport-leuchtturm-essen","tag-weiler-joerg"],"share_on_mastodon":{"url":"https:\/\/pubeurope.com\/@de\/117038525118048351","error":""},"_links":{"self":[{"href":"https:\/\/www.europesays.com\/de\/wp-json\/wp\/v2\/posts\/1215298","targetHints":{"allow":["GET"]}}],"collection":[{"href":"https:\/\/www.europesays.com\/de\/wp-json\/wp\/v2\/posts"}],"about":[{"href":"https:\/\/www.europesays.com\/de\/wp-json\/wp\/v2\/types\/post"}],"author":[{"embeddable":true,"href":"https:\/\/www.europesays.com\/de\/wp-json\/wp\/v2\/users\/2"}],"replies":[{"embeddable":true,"href":"https:\/\/www.europesays.com\/de\/wp-json\/wp\/v2\/comments?post=1215298"}],"version-history":[{"count":0,"href":"https:\/\/www.europesays.com\/de\/wp-json\/wp\/v2\/posts\/1215298\/revisions"}],"wp:featuredmedia":[{"embeddable":true,"href":"https:\/\/www.europesays.com\/de\/wp-json\/wp\/v2\/media\/1215299"}],"wp:attachment":[{"href":"https:\/\/www.europesays.com\/de\/wp-json\/wp\/v2\/media?parent=1215298"}],"wp:term":[{"taxonomy":"category","embeddable":true,"href":"https:\/\/www.europesays.com\/de\/wp-json\/wp\/v2\/categories?post=1215298"},{"taxonomy":"post_tag","embeddable":true,"href":"https:\/\/www.europesays.com\/de\/wp-json\/wp\/v2\/tags?post=1215298"}],"curies":[{"name":"wp","href":"https:\/\/api.w.org\/{rel}","templated":true}]}}