{"id":1215304,"date":"2026-08-04T17:57:17","date_gmt":"2026-08-04T17:57:17","guid":{"rendered":"https:\/\/www.europesays.com\/de\/1215304\/"},"modified":"2026-08-04T17:57:17","modified_gmt":"2026-08-04T17:57:17","slug":"autozulieferer-muss-insolvenz-anmelden-290-mitarbeiter-zittern-um-jobs-regional","status":"publish","type":"post","link":"https:\/\/www.europesays.com\/de\/1215304\/","title":{"rendered":"Autozulieferer muss Insolvenz anmelden: 290 Mitarbeiter zittern um Jobs | Regional"},"content":{"rendered":"<p><a class=\"skip-content skip-content--link\" href=\"#in-content-skip-link-target-v-0-0\">TTS-Player \u00fcberspringen\u21b5<\/a><a id=\"in-content-skip-link-target-v-0-0\" class=\"skip-content--target-link-hidden skip-content skip-content--target-link\" href=\"#in-content-skip-link-target-v-0-0\">Artikel weiterlesen<\/a><\/p>\n<p data-780e759e=\"0-1064\">Neunkirchen-Struth\u00fctten (NRW) \u2013 <b>Die tiefe Krise der deutschen Autoindustrie fordert immer mehr Opfer unter den Zulieferern. Jetzt hat es einen Kunststoff-Spezialisten aus dem Siegerland erwischt. Hess plastics ist pleite \u2013 rund 290 Arbeitspl\u00e4tze sind in Gefahr!<\/b><\/p>\n<p data-780e759e=\"0-1064\">Die Karl Hess GmbH &amp; Co. KG hat Ende Juli beim Amtsgericht Siegen (<a href=\"https:\/\/www.bild.de\/regional\/nordrhein-westfalen\/home-npIP0qL0giWP1ZFIOHn2\" class=\"text-link\" rel=\"nofollow noopener\" target=\"_blank\">NRW<\/a>) Insolvenz angemeldet. Nun beginnt die Suche nach einem Investor. Das 1950 gegr\u00fcndete Unternehmen produziert Kunststoffteile f\u00fcr Kunden aus der Auto-, Elektronik- und Haushaltsger\u00e4tebranche. Nach eigenen Angaben besch\u00e4ftigt die Firmengruppe insgesamt 550 Mitarbeiter.<\/p>\n<p>Das sagt der Insolvenzverwalter<\/p>\n<p data-780e759e=\"0-1064\">Der Gesch\u00e4ftsbetrieb l\u00e4uft trotz <a href=\"https:\/\/www.bild.de\/themen\/specials\/insolvenz\/finanzen-nachrichten-news-fotos-videos-21175522.bild.html\" class=\"text-link\" rel=\"nofollow noopener\" target=\"_blank\">Insolvenz<\/a> weiter. Die L\u00f6hne und Geh\u00e4lter sind \u00fcber das Insolvenzgeld gesichert. Vorl\u00e4ufiger Insolvenzverwalter ist Nikolaos Antoniadis von der Kanzlei Anure. Dieser f\u00fchrt aktuell Gespr\u00e4che mit Kunden, Lieferanten und Gesch\u00e4ftspartnern. Denn: \u201eEine langfristige Sicherung des Unternehmens und der <a href=\"https:\/\/www.bild.de\/themen\/specials\/jobsuche\/ratgeber-karriere-nachrichten-news-fotos-videos-17041556.bild.html\" class=\"text-link\" rel=\"nofollow noopener\" target=\"_blank\">Arbeitspl\u00e4tze<\/a> ist nur durch einen Investor m\u00f6glich\u201c, sagt der Rechtsanwalt zu BILD.<\/p>\n<p><img decoding=\"async\" width=\"992\" height=\"558\" alt=\"Montage bei \u201eHess Plastics\u201c\" loading=\"lazy\" src=\"https:\/\/www.europesays.com\/de\/wp-content\/uploads\/2026\/08\/689dc7cad6687c188359245a84ae73d6,cb7fae17.jpeg\"   class=\"landscape\"\/><\/p>\n<p class=\"fig__caption__text\">Montage beim Kunststoff-Spezialisten Hess plastics<\/p>\n<p>Foto: Hess Plastics<\/p>\n<p>Krise in der deutschen Autoindustrie<\/p>\n<p data-780e759e=\"1065-1892\">Das Gesch\u00e4ft mit den <a href=\"https:\/\/www.bild.de\/themen\/organisationen\/automobilhersteller\/news-fotos-videos-17015012.bild.html\" class=\"text-link\" rel=\"nofollow noopener\" target=\"_blank\">Auto-Herstellern<\/a> macht rund drei Viertel des Umsatzes aus. Doch die Nachfrage der Kunden gerade aus dieser wichtigen Branche ist zuletzt besonders deutlich eingebrochen. Wie stark die Ums\u00e4tze gesunken sind, will das <a href=\"https:\/\/www.bild.de\/themen\/organisationen\/unternehmen\/news-fotos-videos-5n9Nevv68FAFS89DJteg\" class=\"text-link\" rel=\"nofollow noopener\" target=\"_blank\">Unternehmen<\/a> allerdings nicht verraten. Antoniadis: \u201eWir bitten um Verst\u00e4ndnis, dass wir uns zu betriebsinternen Zahlen nicht \u00e4u\u00dfern, da dies Interna sind.\u201c<\/p>\n<p>Wie der Zulieferer in die Pleite rutschte<\/p>\n<p data-780e759e=\"1065-1892\">Hinzu kommen deutlich h\u00f6here <a href=\"https:\/\/www.bild.de\/themen\/specials\/kosten\/news-fotos-videos-23670088.bild.html\" class=\"text-link\" rel=\"nofollow noopener\" target=\"_blank\">Kosten<\/a> f\u00fcr Energie und Rohstoffe. Vor allem die energieintensive Kunststoffproduktion setzte das Unternehmen zus\u00e4tzlich unter Druck. Bereits vor dem Insolvenzantrag hatte die Gesch\u00e4ftsf\u00fchrung gegengesteuert: Verwaltung verschlankt, Kosten gesenkt, Personal abgebaut und unrentable Projekte beendet. Allerdings reichten die Ma\u00dfnahmen nicht aus, um die <a href=\"https:\/\/www.bild.de\/geld\/wirtschaft\/wirtschaft\/home-15683398.bild.html\" class=\"text-link\" rel=\"nofollow noopener\" target=\"_blank\">wirtschaftliche<\/a> Krise abzuwenden.<\/p>\n<p>Mehr zum ThemaSo geht es f\u00fcr das Unternehmen weiter<\/p>\n<p data-780e759e=\"1893-2365\">Erste Gespr\u00e4che mit m\u00f6glichen Interessenten laufen bereits. Wie stehen die Chancen? Der vorl\u00e4ufige Insolvenzverwalter bleibt vorsichtig: \u201eEs gibt durchaus Chancen, einen Investor zu finden, allerdings ist es f\u00fcr eine belastbare Aussage schlicht noch zu fr\u00fch.\u201c Und er betont: \u201eHess plastics verf\u00fcgt \u00fcber moderne Produktionskapazit\u00e4ten und hohe Entwicklungskompetenz.\u201c<\/p>\n","protected":false},"excerpt":{"rendered":"TTS-Player \u00fcberspringen\u21b5Artikel weiterlesen Neunkirchen-Struth\u00fctten (NRW) \u2013 Die tiefe Krise der deutschen Autoindustrie fordert immer mehr Opfer unter den&hellip;\n","protected":false},"author":2,"featured_media":1215305,"comment_status":"","ping_status":"","sticky":false,"template":"","format":"standard","meta":{"footnotes":"","_share_on_mastodon":"0"},"categories":[134],"tags":[17401,26489,74224,175,170,169,29,14507,30,1551,1942,2985,12546,171,174,6400,1209,1158,1371,2288,185455,173,172,17591,55],"class_list":["post-1215304","post","type-post","status-publish","format-standard","has-post-thumbnail","category-unternehmen-maerkte","tag-arbeitsplatz","tag-auto-hersteller","tag-auto-zulieferer","tag-business","tag-companies","tag-companies-markets","tag-deutschland","tag-fabrik","tag-germany","tag-insolvenz","tag-job","tag-kosten","tag-krisen","tag-markets","tag-maerkte","tag-mitarbeiter","tag-nordrhein-westfalen","tag-organisationen","tag-pleite","tag-schroeder-dino","tag-seo-first","tag-unternehmen","tag-unternehmen-maerkte","tag-unternehmensformen","tag-wirtschaft"],"share_on_mastodon":{"url":"https:\/\/pubeurope.com\/@de\/117038538481452577","error":""},"_links":{"self":[{"href":"https:\/\/www.europesays.com\/de\/wp-json\/wp\/v2\/posts\/1215304","targetHints":{"allow":["GET"]}}],"collection":[{"href":"https:\/\/www.europesays.com\/de\/wp-json\/wp\/v2\/posts"}],"about":[{"href":"https:\/\/www.europesays.com\/de\/wp-json\/wp\/v2\/types\/post"}],"author":[{"embeddable":true,"href":"https:\/\/www.europesays.com\/de\/wp-json\/wp\/v2\/users\/2"}],"replies":[{"embeddable":true,"href":"https:\/\/www.europesays.com\/de\/wp-json\/wp\/v2\/comments?post=1215304"}],"version-history":[{"count":0,"href":"https:\/\/www.europesays.com\/de\/wp-json\/wp\/v2\/posts\/1215304\/revisions"}],"wp:featuredmedia":[{"embeddable":true,"href":"https:\/\/www.europesays.com\/de\/wp-json\/wp\/v2\/media\/1215305"}],"wp:attachment":[{"href":"https:\/\/www.europesays.com\/de\/wp-json\/wp\/v2\/media?parent=1215304"}],"wp:term":[{"taxonomy":"category","embeddable":true,"href":"https:\/\/www.europesays.com\/de\/wp-json\/wp\/v2\/categories?post=1215304"},{"taxonomy":"post_tag","embeddable":true,"href":"https:\/\/www.europesays.com\/de\/wp-json\/wp\/v2\/tags?post=1215304"}],"curies":[{"name":"wp","href":"https:\/\/api.w.org\/{rel}","templated":true}]}}