{"id":1215315,"date":"2026-08-04T18:05:26","date_gmt":"2026-08-04T18:05:26","guid":{"rendered":"https:\/\/www.europesays.com\/de\/1215315\/"},"modified":"2026-08-04T18:05:26","modified_gmt":"2026-08-04T18:05:26","slug":"rendsburg-feuerwehr-will-einsatzpauschale-fuer-freiwillige-retter","status":"publish","type":"post","link":"https:\/\/www.europesays.com\/de\/1215315\/","title":{"rendered":"Rendsburg: Feuerwehr will Einsatzpauschale f\u00fcr freiwillige Retter"},"content":{"rendered":"<p>        <img decoding=\"async\" src=\"https:\/\/www.europesays.com\/de\/wp-content\/uploads\/2026\/05\/feuerwehr3226.webp\" alt=\"Eine Fahrzeugfront mit der Aufschrift Feuerwehr.\" title=\"Eine Fahrzeugfront mit der Aufschrift Feuerwehr. | NDR, Julius Matuschik\" class=\"responsive\"\/><\/p>\n<p>AUDIO: Nachrichten aus dem Studio Kiel 16:30 Uhr &#8211; 04.08.2026 (2 Min)<\/p>\n<p>\n                Stand: 04.08.2026 19:22 Uhr<\/p>\n<p class=\"preface\">Die Feuerwehr Rendsburg will eine grunds\u00e4tzliche Einsatzpauschale f\u00fcr freiwillige Feuerwehrleute. Damit sollen unter anderem die Spritkosten abgefedert werden. Bislang entscheidet jede Kommune selber \u00fcber die Pauschalen.<\/p>\n<p class=\"\">Der Vorstand der Feuerwehr <a href=\"https:\/\/www.ndr.de\/nachrichten\/schleswig-holstein\/Kreis-Rendsburg-Eckernfoerde-Aktuelle-Nachrichten-und-Videos,rendsburgeckernfoerde118.html\" title=\"Kreis Rendsburg-Eckernf\u00f6rde - Aktuelle Nachrichten und Videos\" rel=\"nofollow noopener\" target=\"_blank\">Rendsburg<\/a> bringt eine Art Einsatzpauschale f\u00fcr freiwillige Feuerwehrleute ins Gespr\u00e4ch. Ein entsprechender Entwurf f\u00fcr die Stadtverwaltung soll nach Angaben der Feuerwehr bereits in Arbeit sein. Konkret soll sie etwa bei den Spritkosten helfen, die im Einsatz auf dem Weg zum Feuerwehrger\u00e4tehaus anfallen.<\/p>\n<p>    Einsatzpauschale bislang Ausnahme<\/p>\n<p class=\"\">Einsatzpauschalen f\u00fcr die freiwilligen Helfer gebe es laut Landesfeuerwehrverband (LFV SH) nur vereinzelt, wie etwa in Sch\u00f6nberg im <a href=\"https:\/\/www.ndr.de\/nachrichten\/schleswig-holstein\/Kreis-Ploen-Aktuelle-Nachrichten-und-Videos,ploen198.html\" title=\"Kreis Pl\u00f6n - Aktuelle Nachrichten und Videos\" rel=\"nofollow noopener\" target=\"_blank\">Kreis Pl\u00f6n<\/a> oder in Bad Schwartau (<a href=\"https:\/\/www.ndr.de\/nachrichten\/schleswig-holstein\/Ostholstein-Aktuelle-Nachrichten-und-Videos,ostholstein126.html\" title=\"Ostholstein - Aktuelle Nachrichten und Videos\" rel=\"nofollow noopener\" target=\"_blank\">Kreis Osthostein<\/a>). Am Ende entscheide jede Kommune selbst, ob und inwiefern eine Einsatzpauschale f\u00fcr alle Mitglieder der freiwilligen Feuerwehren vor Ort ausgezahlt werden, betont Volker Arp vom LFV SH. Nur den F\u00fchrungskr\u00e4ften wie zum Beispiel Wehrf\u00fchrern w\u00fcrde grunds\u00e4tzlich eine Einsatzpauschale von den Kommunen zustehen.<\/p>\n<blockquote><p>\n        Das Einzige, was s\u00e4mtlichen Feuerwehrmitgliedern zur Verf\u00fcgung steht und was auch im Brandschutzgesetz geregelt ist: Feuerwehrmitgliedern soll durch die Mitgliedschaft in einer Feuerwehr im Ehrenamt kein Nachteil entstehen, deshalb kann Kilometergeld mit der jeweiligen Kommune abgerechnet werden.<\/p>\n<p>                Volker Arp, Landesgesch\u00e4ftsf\u00fchrer LFV SH<\/p>\n<\/blockquote>\n<p>    Ehrenamt im Vordergrund<\/p>\n<p class=\"\">Im Vordergrund w\u00fcrde in jedem Fall das ehrenamtliche Engagement stehen, so Arp. Grunds\u00e4tzlich sieht der Landesfeuerwehrverband den Vorsto\u00df positiv, gibt aber gleichzeitig die Auswirkung auf Mitglieder in einer etwaigen Nachbarkommune zu bedenken, die nicht genug Geld f\u00fcr eine Einsatzpauschale h\u00e4tte.<\/p>\n<blockquote><p>\n        Dann fragt sich nat\u00fcrlich der eine oder andere Feuerwehrmann: bin ich weniger wert als der andere?<\/p>\n<p>                Volker Arp, Landesgesch\u00e4ftsf\u00fchrer LFV SH<\/p>\n<\/blockquote>\n<p class=\"\">Ob und wann die freiwilligen Feuerwehrleute in Rendsburg eine Einsatzpauschale bekommen, bleibt vorerst offen. Der Entwurf daf\u00fcr soll laut Kreispressewart Daniel Passig in den n\u00e4chsten Wochen bei der Stadt eingehen. <a href=\"https:\/\/www.ndr.de\/nachrichten\/schleswig-holstein\/kiel_neumuenster_ploen_rendsburg-eckernfoerde\/textlink-339374~splash.html\" title=\"SHZ: Geplantes Einsatzgeld soll Feuerwehrleute entlasten\" data-url=\"https:\/\/www.shz.de\/lokales\/rendsburg\/artikel\/rendsburg-feuerwehrleute-zahlen-beim-spritgeld-drauf-51001529\" class=\"extlink-preface\" data-type=\"external\" rel=\"nofollow noopener\" target=\"_blank\">Zuerst hatte der SHZ berichtet<\/a>.<\/p>\n<p>        <img decoding=\"async\" src=\"https:\/\/www.europesays.com\/de\/wp-content\/uploads\/2026\/03\/feuerwehr-708.webp.webp\" alt=\"Eine Garderobe mit Schutzausr\u00fcstungen einer Freiwilligen Feuerwehr.\" title=\"Eine Garderobe mit Schutzausr\u00fcstungen einer Freiwilligen Feuerwehr. | picture alliance \/ SZ Photo | Leonhard Simon\" class=\"responsive\" loading=\"lazy\"\/><\/p>\n<p>Ehrenamt ist das R\u00fcckgrat des Brandschutzes im Norden &#8211; aber warum eigentlich und wie lange geht das noch gut? <\/p>\n<p>        <img decoding=\"async\" src=\"https:\/\/www.europesays.com\/de\/wp-content\/uploads\/2026\/08\/feuerwehr4762.webp\" alt=\"Feuerwehrleute der Freiwilligen Feuerwehr M\u00fcssen vor ihrem Ger\u00e4tehaus.\" title=\"Feuerwehrleute der Freiwilligen Feuerwehr M\u00fcssen vor ihrem Ger\u00e4tehaus. | NDR, Paul Wessels\" class=\"responsive\" loading=\"lazy\"\/><\/p>\n<p>Knapp die H\u00e4lfte aller Feuerwehrh\u00e4user in Schleswig-Holstein muss saniert werden. F\u00fcr viele Kommunen ist das zu teuer.<\/p>\n","protected":false},"excerpt":{"rendered":"AUDIO: Nachrichten aus dem Studio Kiel 16:30 Uhr &#8211; 04.08.2026 (2 Min) Stand: 04.08.2026 19:22 Uhr Die Feuerwehr&hellip;\n","protected":false},"author":2,"featured_media":1043065,"comment_status":"","ping_status":"","sticky":false,"template":"","format":"standard","meta":{"footnotes":"","_share_on_mastodon":"0"},"categories":[1852],"tags":[3364,29,548,663,3934,985,30,13,4949,14,15,27498,12,1971],"class_list":["post-1215315","post","type-post","status-publish","format-standard","has-post-thumbnail","category-kiel","tag-de","tag-deutschland","tag-eu","tag-europa","tag-europe","tag-feuerwehr","tag-germany","tag-headlines","tag-kiel","tag-nachrichten","tag-news","tag-rendsburg","tag-schlagzeilen","tag-schleswig-holstein"],"share_on_mastodon":{"url":"https:\/\/pubeurope.com\/@de\/117038570311614108","error":""},"_links":{"self":[{"href":"https:\/\/www.europesays.com\/de\/wp-json\/wp\/v2\/posts\/1215315","targetHints":{"allow":["GET"]}}],"collection":[{"href":"https:\/\/www.europesays.com\/de\/wp-json\/wp\/v2\/posts"}],"about":[{"href":"https:\/\/www.europesays.com\/de\/wp-json\/wp\/v2\/types\/post"}],"author":[{"embeddable":true,"href":"https:\/\/www.europesays.com\/de\/wp-json\/wp\/v2\/users\/2"}],"replies":[{"embeddable":true,"href":"https:\/\/www.europesays.com\/de\/wp-json\/wp\/v2\/comments?post=1215315"}],"version-history":[{"count":0,"href":"https:\/\/www.europesays.com\/de\/wp-json\/wp\/v2\/posts\/1215315\/revisions"}],"wp:featuredmedia":[{"embeddable":true,"href":"https:\/\/www.europesays.com\/de\/wp-json\/wp\/v2\/media\/1043065"}],"wp:attachment":[{"href":"https:\/\/www.europesays.com\/de\/wp-json\/wp\/v2\/media?parent=1215315"}],"wp:term":[{"taxonomy":"category","embeddable":true,"href":"https:\/\/www.europesays.com\/de\/wp-json\/wp\/v2\/categories?post=1215315"},{"taxonomy":"post_tag","embeddable":true,"href":"https:\/\/www.europesays.com\/de\/wp-json\/wp\/v2\/tags?post=1215315"}],"curies":[{"name":"wp","href":"https:\/\/api.w.org\/{rel}","templated":true}]}}