{"id":1215346,"date":"2026-08-04T18:23:53","date_gmt":"2026-08-04T18:23:53","guid":{"rendered":"https:\/\/www.europesays.com\/de\/1215346\/"},"modified":"2026-08-04T18:23:53","modified_gmt":"2026-08-04T18:23:53","slug":"sat-1-eroeffnet-die-bundesliga-saison-mit-einem-traditionsduell-vfl-bochum-hertha","status":"publish","type":"post","link":"https:\/\/www.europesays.com\/de\/1215346\/","title":{"rendered":"SAT.1 er\u00f6ffnet die Bundesliga-Saison mit einem Traditionsduell. VfL Bochum &#8211; Hertha &#8230;"},"content":{"rendered":"<p class=\"date\">04.08.2026 \u2013 10:55<\/p>\n<p class=\"customer\">\n                        <a class=\"story-customer\" title=\"weiter zum newsroom von SAT.1\" href=\"https:\/\/www.presseportal.de\/nr\/6708\" rel=\"nofollow noopener\" target=\"_blank\">SAT.1<\/a>\n                    <\/p>\n<p><a class=\"glightbox event-trigger\" href=\"https:\/\/cache.pressmailing.net\/thumbnail\/story_hires\/61897bdc-afcb-49fc-9c4a-33c454c8ea8b\/Joyn_Fussball_3159318.jpg.jpg\" data-description=\"Person: Andrea Kaiser;&#010;Copyright: Joyn\/Christoph K\u00f6stlin;&#010;Fotograf: Christoph K\u00f6stlin;&#010;Bildredakteur: Clarissa Schreiner;&#010;Dateiname: 3159318.tif;&#010;Rechtehinweis: Dieses Bild darf bis eine Woche nach Ausstrahlung honorarfrei fuer redaktionelle Zwecke und nur im Rahmen der Programmankuendigung verwendet werden. Spaetere Veroeffentlichungen sind nur nach Ruecksprache und ausdruecklicher Genehmigung der Seven.One Entertainment Group GmbH moeglich. Nicht fuer EPG! Verwendung nur mit vollstaendigem Copyrightvermerk. Das Foto darf nicht veraendert, bearbeitet und nur im Ganzen verwendet werden. Es darf nicht archiviert werden. Es darf nicht an Dritte weitergeleitet werden. Aneinanderreihung\/Zusammenlegung\/Kopplung von Bildern zum Zweck der Erstellung von Slide-Shows o.\u00e4. nicht gestattet; Verbindung\/Einf\u00fcgen\/Anf\u00fcgen von Werbung nicht gestattet.&#010;Bei Fragen: foto@seven.one&#010;Voraussetzung fuer die Verwendung dieser Programmdaten ist die Zustimmung zu den Allgemeinen Geschaeftsbedingungen der Presselounges der Sender der Seven.One Entertainment Group GmbH. \/ Weiterer Text \u00fcber ots und www.presseportal.de\/nr\/6708 \/ Die Verwendung dieses Bildes f\u00fcr redaktionelle Zwecke ist unter Beachtung aller mitgeteilten Nutzungsbedingungen zul\u00e4ssig und dann auch honorarfrei. Ver\u00f6ffentlichung ausschlie\u00dflich mit Bildrechte-Hinweis.\" data-category=\"medialightbox\" data-action=\"click\" data-label=\"single\" data-value=\"6a71a8e5270000fd2c831f8c\" rel=\"nofollow noopener\" target=\"_blank\"><img decoding=\"async\" height=\"540\" with=\"720\" src=\"https:\/\/www.europesays.com\/de\/wp-content\/uploads\/2026\/08\/sat-1-er-ffnet-die-bundesliga-saison-mit-einem-traditionsduell-vfl-bochum-hertha-bsc-am-freitag-exkl.jpeg\"   alt=\"SAT.1 er\u00f6ffnet die Bundesliga-Saison mit einem Traditionsduell. VfL Bochum - Hertha BSC am Freitag exklusiv im Free-TV\" class=\"single\"\/><\/a><\/p>\n<p><a data-category=\"citylink-story-view\" data-action=\"click\" data-label=\"Citylink in Meldungsansicht\" class=\"story-city event-trigger\" href=\"https:\/\/www.presseportal.de\/regional\/Unterf%F6hring\" title=\"News aus Unterf\u00f6hring \" rel=\"nofollow noopener\" target=\"_blank\">Unterf\u00f6hring<\/a> (ots)<\/p>\n<p>Auftakt-Hammer. SAT.1 er\u00f6ffnet die neue Bundesliga-Saison mit einem echten Top-Spiel. Der M\u00fcnchner Sender zeigt das Traditionsduell zwischen dem VfL Bochum und Hertha BSC am Freitag, 7. August, live und exklusiv im Free-TV. Das &#8222;ran Fu\u00dfball&#8220;-Team berichtet ab 19:50 Uhr vom ersten gro\u00dfen Fu\u00dfballabend der Saison 2026\/2027 aus dem Vonovia Ruhrstadion in Bochum.<\/p>\n<p>Die Aufstellung f\u00fcr das Er\u00f6ffnungsspiel der 2. Bundesliga: Matthias Killing moderiert die Live-\u00dcbertragung. Jonas Friedrich kommentiert die Partie. Andrea Kaiser ist als Reporterin im Einsatz und Europameister Markus Babbel analysiert als &#8222;ran&#8220;-Experte das Spielgeschehen. Au\u00dferdem zu Gast: Ex-Bundesligaprofi Lewis Holtby.<\/p>\n<p>Mehr Top-Fu\u00dfball live in SAT.1. Den Franz Beckenbauer Supercup Borussia Dortmund &#8211; FC Bayern M\u00fcnchen am 22. August und das Er\u00f6ffnungsspiel der Bundesliga, FC Bayern M\u00fcnchen &#8211; VfB Stuttgart, am 28. August zeigt SAT.1 ebenfalls live und exklusiv im Free-TV.<\/p>\n<p><b>Start in die Fu\u00dfball-Saison 2026\/2027 live in SAT.1 und auf Joyn<\/b><br \/>\n7. August: Er\u00f6ffnungsspiel 2. Bundesliga VfL Bochum &#8211; Hertha BSC<br \/>\n22. August: Franz Beckenbauer Supercup Borussia Dortmund &#8211; FC Bayern M\u00fcnchen<br \/>\n28. August: Er\u00f6ffnungsspiel Bundesliga FC Bayern M\u00fcnchen &#8211; VfB Stuttgart<\/p>\n<p class=\"contact-headline\">Pressekontakt:<\/p>\n<p class=\"contact-text\">Michael Ulich<br \/>Communications Sports<br \/>phone:  +49 (0) 89 95 07 &#8211; 7296<br \/>email: <a href=\"https:\/\/www.presseportal.de\/pm\/6708\/mailto:michael.ulich@seven.one\" class=\"uri-mailto\" rel=\"nofollow noopener\" target=\"_blank\">michael.ulich@seven.one<\/a><\/p>\n<p>Photo Production &amp; Editing<br \/>Clarissa Schreiner<br \/>phone: +49 (0) 89 95 07 &#8211; 1191<br \/>email: <a href=\"https:\/\/www.presseportal.de\/pm\/6708\/mailto:clarissa.schreiner@seven.one\" class=\"uri-mailto\" rel=\"nofollow noopener\" target=\"_blank\">clarissa.schreiner@seven.one<\/a><\/p>\n<p class=\"originator\">Original-Content von: SAT.1, \u00fcbermittelt durch news aktuell<\/p>\n","protected":false},"excerpt":{"rendered":"04.08.2026 \u2013 10:55 SAT.1 Unterf\u00f6hring (ots) Auftakt-Hammer. SAT.1 er\u00f6ffnet die neue Bundesliga-Saison mit einem echten Top-Spiel. Der M\u00fcnchner&hellip;\n","protected":false},"author":2,"featured_media":1215347,"comment_status":"","ping_status":"","sticky":false,"template":"","format":"standard","meta":{"footnotes":"","_share_on_mastodon":"0"},"categories":[1839],"tags":[3477,7507,3364,29,441,30,10274,62,1209,178,180,179,181,265,6406],"class_list":["post-1215346","post","type-post","status-publish","format-standard","has-post-thumbnail","category-bochum","tag-bild","tag-bochum","tag-de","tag-deutschland","tag-fernsehen","tag-germany","tag-marketing","tag-medien","tag-nordrhein-westfalen","tag-presse","tag-pressemeldung","tag-pressemitteilung","tag-pressemitteilungen","tag-sport","tag-tv-ausblick"],"share_on_mastodon":{"url":"https:\/\/pubeurope.com\/@de\/117038644399609601","error":""},"_links":{"self":[{"href":"https:\/\/www.europesays.com\/de\/wp-json\/wp\/v2\/posts\/1215346","targetHints":{"allow":["GET"]}}],"collection":[{"href":"https:\/\/www.europesays.com\/de\/wp-json\/wp\/v2\/posts"}],"about":[{"href":"https:\/\/www.europesays.com\/de\/wp-json\/wp\/v2\/types\/post"}],"author":[{"embeddable":true,"href":"https:\/\/www.europesays.com\/de\/wp-json\/wp\/v2\/users\/2"}],"replies":[{"embeddable":true,"href":"https:\/\/www.europesays.com\/de\/wp-json\/wp\/v2\/comments?post=1215346"}],"version-history":[{"count":0,"href":"https:\/\/www.europesays.com\/de\/wp-json\/wp\/v2\/posts\/1215346\/revisions"}],"wp:featuredmedia":[{"embeddable":true,"href":"https:\/\/www.europesays.com\/de\/wp-json\/wp\/v2\/media\/1215347"}],"wp:attachment":[{"href":"https:\/\/www.europesays.com\/de\/wp-json\/wp\/v2\/media?parent=1215346"}],"wp:term":[{"taxonomy":"category","embeddable":true,"href":"https:\/\/www.europesays.com\/de\/wp-json\/wp\/v2\/categories?post=1215346"},{"taxonomy":"post_tag","embeddable":true,"href":"https:\/\/www.europesays.com\/de\/wp-json\/wp\/v2\/tags?post=1215346"}],"curies":[{"name":"wp","href":"https:\/\/api.w.org\/{rel}","templated":true}]}}