{"id":1215455,"date":"2026-08-04T19:36:27","date_gmt":"2026-08-04T19:36:27","guid":{"rendered":"https:\/\/www.europesays.com\/de\/1215455\/"},"modified":"2026-08-04T19:36:27","modified_gmt":"2026-08-04T19:36:27","slug":"eschweiler-bei-aachen-16-jaehriger-toetet-wohl-seine-oma-und-ruft-polizei","status":"publish","type":"post","link":"https:\/\/www.europesays.com\/de\/1215455\/","title":{"rendered":"Eschweiler bei Aachen: 16-J\u00e4hriger t\u00f6tet wohl seine Oma \u2013 und ruft Polizei"},"content":{"rendered":"<p>Gewalttat in NRW <\/p>\n<p>16-J\u00e4hriger t\u00f6tet offenbar seine Oma \u2013 und ruft Polizei<\/p>\n<p>Aktualisiert am 04.08.2026 &#8211; 16:10 UhrLesedauer: 1 Min.<\/p>\n<p><a href=\"#focus-0\" class=\"transition-colors block text-current relative\" data-sctrack=\"FocusGalleryImage.Reference\"><img fetchpriority=\"high\" data-testid=\"Opener.Image\"   loading=\"eager\" src=\"https:\/\/www.europesays.com\/de\/wp-content\/uploads\/2026\/08\/einsatzwagen-der-polizei-symbolfoto-zum-motiv-des-jugendlichen-aeusserten-sich-die-ermittler-bislang.jpeg\" alt=\"Einsatzwagen der Polizei (Symbolfoto): Zum Motiv des Jugendlichen \u00e4u\u00dferten sich die Ermittler bislang nicht.\" title=\"Einsatzwagen der Polizei (Symbolfoto): Zum Motiv des Jugendlichen \u00e4u\u00dferten sich die Ermittler bislang nicht.\" width=\"4000\" height=\"2250\" class=\"bg-[url:var(--lqipURL)] bg-cover bg-center flex h-full w-full max-w-full\" style=\"--lqipURL:url('https:\/\/images.t-online.de\/2026\/03\/1WscFu--awN9\/0x209:4000x2250\/fit-in\/150x0\/filters:blur(25)\/einsatzwagen-der-polizei-symbolfoto-zum-motiv-des-jugendlichen-aeusserten-sich-die-ermittler-bislang-nicht.jpg')\" decoding=\"async\"\/><img loading=\"lazy\" src=\"https:\/\/www.t-online.de\/s\/paper\/_next\/static\/media\/zoom-in.f7dae02f.svg\" alt=\"Vergr\u00f6\u00dfern des Bildes\" title=\"Vergr\u00f6\u00dfern des Bildes\" class=\"block h-[calc(var(--height)_\/_16_*_1rem)] w-[calc(var(--width)_\/_16_*_1rem)] max-w-none absolute right-8 bottom-8 rounded-4 bg-snow p-8\" style=\"--width:32;--height:32\" decoding=\"async\"\/><\/a><\/p>\n<p>Einsatzwagen der Polizei (Symbolfoto): Zum Motiv des Jugendlichen \u00e4u\u00dferten sich die Ermittler bislang nicht. (Quelle: Ralph Peters)<\/p>\n<p class=\"font-bold text-18 leading-17 user-text-lg:text-22 user-text-xl:text-24\">Am fr\u00fchen Morgen soll ein Jugendlicher in Eschweiler bei Aachen seine Gro\u00dfmutter get\u00f6tet haben. Gegen ihn wird nun wegen Mordes ermittelt.<\/p>\n<p class=\"text-18 leading-17 user-text-lg:text-22 user-text-xl:text-24\">Ein 16-J\u00e4hriger soll in <a href=\"https:\/\/www.t-online.de\/themen\/eschweiler\/\" class=\"transition-colors cursor-pointer no-underline md:hover:text-magenta md:focus:text-magenta border-b border-solid border-current text-salemsfur md:hover:border-magenta\" data-tracking=\"{&quot;action&quot;:&quot;click&quot;,&quot;category&quot;:&quot;intextLink&quot;,&quot;label&quot;:&quot;\/themen\/eschweiler\/&quot;}\" data-sctrack=\"BodyAnchor\" rel=\"nofollow noopener\" target=\"_blank\">Eschweiler<\/a> bei <a href=\"https:\/\/aachen.t-online.de\/region\/aachen\/\" class=\"transition-colors cursor-pointer no-underline md:hover:text-magenta md:focus:text-magenta border-b border-solid border-current text-salemsfur md:hover:border-magenta\" data-tracking=\"{&quot;action&quot;:&quot;click&quot;,&quot;category&quot;:&quot;intextLink&quot;,&quot;label&quot;:&quot;https:\/\/aachen.t-online.de\/region\/aachen\/&quot;}\" data-sctrack=\"BodyAnchor\" rel=\"nofollow noopener\" target=\"_blank\">Aachen<\/a> seine eigene Gro\u00dfmutter get\u00f6tet haben. Der Jugendlichen sitze in Untersuchungshaft, teilte eine Sprecherin der Staatsanwaltschaft mit. Der Verdacht laute <a href=\"https:\/\/www.t-online.de\/themen\/mord\/\" class=\"transition-colors cursor-pointer no-underline md:hover:text-magenta md:focus:text-magenta border-b border-solid border-current text-salemsfur md:hover:border-magenta\" data-tracking=\"{&quot;action&quot;:&quot;click&quot;,&quot;category&quot;:&quot;intextLink&quot;,&quot;label&quot;:&quot;\/themen\/mord\/&quot;}\" data-sctrack=\"BodyAnchor\" rel=\"nofollow noopener\" target=\"_blank\">Mord<\/a>.<\/p>\n<p class=\"text-18 leading-17 user-text-lg:text-22 user-text-xl:text-24\">Zu der Tat soll es am Montagmorgen gegen 5 Uhr in einer Wohnung gekommen sein. Au\u00dfer dem 16-J\u00e4hrigen und der 61-J\u00e4hrigen war nach ersten Erkenntnissen niemand sonst in den R\u00e4umlichkeiten. Die Frau soll am Tatort gestorben sein. Der Deutsche habe selbst die Polizei gerufen.<\/p>\n<p class=\"text-18 leading-17 user-text-lg:text-22 user-text-xl:text-24\">Die Motivlage sei noch g\u00e4nzlich unklar, so die Staatsanwaltschaft. Der Jugendliche habe sich noch nicht ge\u00e4u\u00dfert. &#8222;Wir tappen da noch im Dunkeln&#8220;, sagte eine Sprecherin. Es werde weiter ermittelt.<\/p>\n","protected":false},"excerpt":{"rendered":"Gewalttat in NRW 16-J\u00e4hriger t\u00f6tet offenbar seine Oma \u2013 und ruft Polizei Aktualisiert am 04.08.2026 &#8211; 16:10 UhrLesedauer:&hellip;\n","protected":false},"author":2,"featured_media":1215456,"comment_status":"","ping_status":"","sticky":false,"template":"","format":"standard","meta":{"footnotes":"","_share_on_mastodon":"0"},"categories":[1853],"tags":[326,1424,3364,29,8393,9059,548,663,3934,30,3268,13,2183,14,15,1209,121,12,1997,8110],"class_list":["post-1215455","post","type-post","status-publish","format-standard","has-post-thumbnail","category-aachen","tag-326","tag-aachen","tag-de","tag-deutschland","tag-einsatzwagen","tag-eschweiler","tag-eu","tag-europa","tag-europe","tag-germany","tag-gewalttat","tag-headlines","tag-mord","tag-nachrichten","tag-news","tag-nordrhein-westfalen","tag-polizei","tag-schlagzeilen","tag-staatsanwaltschaft","tag-symbolfoto"],"share_on_mastodon":{"url":"https:\/\/pubeurope.com\/@de\/117038928975868443","error":""},"_links":{"self":[{"href":"https:\/\/www.europesays.com\/de\/wp-json\/wp\/v2\/posts\/1215455","targetHints":{"allow":["GET"]}}],"collection":[{"href":"https:\/\/www.europesays.com\/de\/wp-json\/wp\/v2\/posts"}],"about":[{"href":"https:\/\/www.europesays.com\/de\/wp-json\/wp\/v2\/types\/post"}],"author":[{"embeddable":true,"href":"https:\/\/www.europesays.com\/de\/wp-json\/wp\/v2\/users\/2"}],"replies":[{"embeddable":true,"href":"https:\/\/www.europesays.com\/de\/wp-json\/wp\/v2\/comments?post=1215455"}],"version-history":[{"count":0,"href":"https:\/\/www.europesays.com\/de\/wp-json\/wp\/v2\/posts\/1215455\/revisions"}],"wp:featuredmedia":[{"embeddable":true,"href":"https:\/\/www.europesays.com\/de\/wp-json\/wp\/v2\/media\/1215456"}],"wp:attachment":[{"href":"https:\/\/www.europesays.com\/de\/wp-json\/wp\/v2\/media?parent=1215455"}],"wp:term":[{"taxonomy":"category","embeddable":true,"href":"https:\/\/www.europesays.com\/de\/wp-json\/wp\/v2\/categories?post=1215455"},{"taxonomy":"post_tag","embeddable":true,"href":"https:\/\/www.europesays.com\/de\/wp-json\/wp\/v2\/tags?post=1215455"}],"curies":[{"name":"wp","href":"https:\/\/api.w.org\/{rel}","templated":true}]}}