{"id":1215483,"date":"2026-08-04T19:55:23","date_gmt":"2026-08-04T19:55:23","guid":{"rendered":"https:\/\/www.europesays.com\/de\/1215483\/"},"modified":"2026-08-04T19:55:23","modified_gmt":"2026-08-04T19:55:23","slug":"hitzewarnung-fuer-bielefeld-gewitter-hagel-und-sturmboeen-am-dienstag-moeglich","status":"publish","type":"post","link":"https:\/\/www.europesays.com\/de\/1215483\/","title":{"rendered":"Hitzewarnung f\u00fcr Bielefeld \u2013 Gewitter, Hagel und Sturmb\u00f6en am Dienstag m\u00f6glich"},"content":{"rendered":"<p id=\"absatz1\" class=\"em_text\">Bielefeld. Am Wochenanfang wird es erneut hei\u00df. Vom 3. August, 11 Uhr, bis 4. August, 19 Uhr, hat der Deutsche Wetterdienst eine Hitzewarnung der Stufe 1 f\u00fcr die Stadt Bielefeld herausgegeben. Dazu informiert das st\u00e4dtische Gesundheitsamt. Laut aktueller Wettervorhersagen werden am Dienstag Temperaturen von bis zu 33 Grad erwartet. Bereits am Montag kletterten diese auf mehr als 30 Grad.<\/p>\n<p id=\"absatz2\" class=\"em_text\">Der DWD warnt an beiden Tagen vor starker W\u00e4rmebelastung. Mit einer zus\u00e4tzlichen Belastung aufgrund verringerter n\u00e4chtlicher Abk\u00fchlung, insbesondere im dicht bebauten Stadtgebiet von Bielefeld sei zu rechnen. Vulnerable Gruppen sind an den beiden Hitzetagen erneut alte und pflegebed\u00fcrftige Menschen sowie Familien mit kleinen Kindern.<\/p>\n<p>Starkregen und Gewitter im Tagesverlauf<\/p>\n<p id=\"absatz3\" class=\"em_text\">Am Dienstag, 4. August, zeigt sich der Himmel laut DWD meist wechselnd bew\u00f6lkt. Im Tagesverlauf seien in NRW \u00f6rtlich Gewitter mit Starkregen, Hagel und schweren Sturmb\u00f6en wahrscheinlich. Auch mit unwetterartigem Starkregen sei zu rechnen. Die H\u00f6chstwerte liegen dabei zwischen 32 und 35 Grad.<\/p>\n<p id=\"absatz4\" class=\"em_text\">In der Nacht zum Mittwoch, 5. August, ziehen die Gewitter nach Nordosten ab und der Himmel \u00fcber NRW klart allm\u00e4hlich wieder. Die Tiefstwerte liegen nachts zwischen 22 und 18 Grad. Auch am Mittwoch k\u00f6nnen die Temperaturen weiterhin die 30-Grad-Marke \u00fcbersteigen, einzelne kurze Gewitter seien ebenfalls nicht ausgeschlossen, insgesamt bleibe es laut DWD jedoch niederschlagsfrei.<\/p>\n<p>\n        \u00d7\n    <\/p>\n<p>\n            Sie erhalten in wenigen Minuten eine E-Mail zur Best\u00e4tigung Ihrer Anmeldung.\n        <\/p>\n<p>Erst danach ist diese abgeschlossen.<\/p>\n<p>Bitte pr\u00fcfen Sie auch den Spam-Ordner.<\/p>\n<p>\n        \u00d7\n    <\/p>\n<p>\n            Sie haben bisher Ihre E-Mail-Adresse noch nicht best\u00e4tigt.\n        <\/p>\n<p>Erst danach ist diese abgeschlossen.<\/p>\n<p>Bitte pr\u00fcfen Sie auch den Spam-Ordner.<\/p>\n<p>\n        \u00d7\n    <\/p>\n<p>\n            Es ist einen Fehler aufgetreten\n        <\/p>\n<p>Bei Fragen hilft unser Newsletter-Support<\/p>\n<p> Newsletter<\/p>\n<p> Aus Bielefeld<\/p>\n<p>W\u00f6chentliche News direkt aus der Redaktion Bielefeld.<\/p>\n<p>                Jetzt anmelden<\/p>\n<p id=\"absatz5\" class=\"em_text\">In der Nacht zum Dienstag erlebten die Menschen einigen Gebieten von NRW eine tropische Nacht mit Temperaturen um die 26 Grad. In anderen Regionen sanken die Temperaturen auf Tiefstwerte von 22 bis 19 Grad.<\/p>\n<p>Empfehlungen zum Umgang mit Hitze in Bielefeld:<\/p>\n<p id=\"absatz6\" data-olk-copy-source=\"MessageBody\"><b class=\"bold\">Allgemeine Tipps<\/b><\/p>\n<ul>\n<li>Passen Sie Ihren Alltag bei einer Hitzewelle an. Vermeiden Sie k\u00f6rperliche Aktivit\u00e4ten und Erledigungen oder verlegen Sie diese in die k\u00fchleren Morgen- und Abendstunden.<\/li>\n<li>Halten Sie Ihre Wohnung und sich selbst m\u00f6glichst k\u00fchl.<\/li>\n<li>Trinken Sie ausreichend \u2013 am besten Wasser und unges\u00fc\u00dfte Tees, auch ohne Durst.<\/li>\n<li>Sorgen Sie f\u00fcr Sonnenschutz, wenn Sie ins Freie gehen.<\/li>\n<li>Achten Sie auf sich und andere, vor allem aber auf Kinder und \u00e4ltere Menschen.<\/li>\n<li>Wenn Sie Arzneimittel einnehmen, konsultieren Sie vor einer Hitzewelle Ihre \u00c4rztin oder Ihren Arzt, um diese auf Hitzevertr\u00e4glichkeit pr\u00fcfen zu lassen. Beachten Sie insbesondere bei Hitze die Aufbewahrungshinweise in der Packungsbeilage von Arzneimitteln.<\/li>\n<\/ul>\n<p id=\"absatz7\" class=\"em_text\">Weiterhin bietet die Stadt auf ihrer <a href=\"https:\/\/www.bielefeld.de\/hitzeportal\" rel=\"nofollow noopener\" target=\"_blank\">Homepage noch ein Hitzeportal <\/a>mit weiteren Tipps zum Umgang mit den extremen Temperaturen und den daraus resultierenden Belastungen f\u00fcr K\u00f6rper und Geist.<\/p>\n<p id=\"absatz8\"><b class=\"bold\">Sommer in Bielefeld:<\/b> <a href=\"https:\/\/www.nw.de\/lokal\/bielefeld\/mitte\/23901864_Sommer-in-Bielefeld-Diese-Orte-sind-perfekt-fuer-eine-Abkuehlung-an-Hitzetagen.html\" rel=\"nofollow noopener\" target=\"_blank\">Diese Bielefelder Orte sind perfekt f\u00fcr eine Abk\u00fchlung an Hitzetagen<\/a><\/p>\n<\/p>\n<p id=\"absatz9\"><b class=\"bold\">Zum Hintergund:<\/b> <a href=\"https:\/\/www.nw.de\/nachrichten\/wissenschaft\/24129271_Was-Hitze-mit-uns-Menschen-macht.html\" rel=\"noopener nofollow\" target=\"_blank\">Was Hitze mit uns Menschen macht<\/a><\/p>\n<p id=\"absatz10\">\ud83d\udcf1 <b class=\"TextRun SCXW206218448 BCX8 NormalTextRun SCXW206218448 BCX8 bold\">News direkt aufs Smartphone: <\/b><a href=\"https:\/\/whatsapp.com\/channel\/0029VaeYHJ40Qeam4DWyn109\" rel=\"noreferrer noopener nofollow\" target=\"_blank\">Hier finden Sie den kostenlosen Whatsapp-Kanal der NW-Bielefeld<\/a>  <\/p>\n","protected":false},"excerpt":{"rendered":"Bielefeld. Am Wochenanfang wird es erneut hei\u00df. Vom 3. August, 11 Uhr, bis 4. August, 19 Uhr, hat&hellip;\n","protected":false},"author":2,"featured_media":1215339,"comment_status":"","ping_status":"","sticky":false,"template":"","format":"standard","meta":{"footnotes":"","_share_on_mastodon":"0"},"categories":[1841],"tags":[33091,1605,3364,29,4906,30,19634,61775,18113,1611,1606,2379,9308,9310,1608,118550,198079,736,164252,68478,1613,1209,176,32438,6848,2257,252829],"class_list":["post-1215483","post","type-post","status-publish","format-standard","has-post-thumbnail","category-bielefeld","tag-abkuehlung","tag-bielefeld","tag-de","tag-deutschland","tag-dwd","tag-germany","tag-gewitter","tag-hitzewarnung","tag-hitzewelle","tag-label_informiere-mich","tag-label_m-80","tag-label_push","tag-label_republish","tag-label_social","tag-label_top-news","tag-label_whatsapp","tag-meta_artikelklasse_seo","tag-meta_copyrights_nw","tag-meta_eo_zusammenfassung","tag-meta_themen_wetter","tag-meta_userneeds_informieremich","tag-nordrhein-westfalen","tag-nrw","tag-sturmboee","tag-temperatur","tag-wetterlage","tag-wochenanfang"],"share_on_mastodon":{"url":"https:\/\/pubeurope.com\/@de\/117039000978264647","error":""},"_links":{"self":[{"href":"https:\/\/www.europesays.com\/de\/wp-json\/wp\/v2\/posts\/1215483","targetHints":{"allow":["GET"]}}],"collection":[{"href":"https:\/\/www.europesays.com\/de\/wp-json\/wp\/v2\/posts"}],"about":[{"href":"https:\/\/www.europesays.com\/de\/wp-json\/wp\/v2\/types\/post"}],"author":[{"embeddable":true,"href":"https:\/\/www.europesays.com\/de\/wp-json\/wp\/v2\/users\/2"}],"replies":[{"embeddable":true,"href":"https:\/\/www.europesays.com\/de\/wp-json\/wp\/v2\/comments?post=1215483"}],"version-history":[{"count":0,"href":"https:\/\/www.europesays.com\/de\/wp-json\/wp\/v2\/posts\/1215483\/revisions"}],"wp:featuredmedia":[{"embeddable":true,"href":"https:\/\/www.europesays.com\/de\/wp-json\/wp\/v2\/media\/1215339"}],"wp:attachment":[{"href":"https:\/\/www.europesays.com\/de\/wp-json\/wp\/v2\/media?parent=1215483"}],"wp:term":[{"taxonomy":"category","embeddable":true,"href":"https:\/\/www.europesays.com\/de\/wp-json\/wp\/v2\/categories?post=1215483"},{"taxonomy":"post_tag","embeddable":true,"href":"https:\/\/www.europesays.com\/de\/wp-json\/wp\/v2\/tags?post=1215483"}],"curies":[{"name":"wp","href":"https:\/\/api.w.org\/{rel}","templated":true}]}}