{"id":121551,"date":"2025-05-19T00:19:09","date_gmt":"2025-05-19T00:19:09","guid":{"rendered":"https:\/\/www.europesays.com\/de\/121551\/"},"modified":"2025-05-19T00:19:09","modified_gmt":"2025-05-19T00:19:09","slug":"diebstahl-im-chemnitz-center-haftbefehl-gegen-zwei-maenner","status":"publish","type":"post","link":"https:\/\/www.europesays.com\/de\/121551\/","title":{"rendered":"Diebstahl im Chemnitz Center: Haftbefehl gegen zwei M\u00e4nner"},"content":{"rendered":"<p class=\"bold\">\n\t\t\t\t\t\t\t\t\t\tEin Ladendetektiv erwischte die beiden T\u00e4ter. Nun sitzen beide in Haft.\t\t\t\t<\/p>\n<p>\t\t\t\t In einem Elektromarkt im Chemnitz Center sind einem Ladendetektiv zwei M\u00e4nner aufgefallen, die eine Konsole im Wert von 400 Euro in ihren Rucksack steckten. Der Sicherheitsmann verst\u00e4ndigte die Polizei und folgte den M\u00e4nnern. In einem anderen Laden nahmen sie mehrere Kopfh\u00f6rer (Wert: 300 Euro) mit. Nun wurde der Detektiv aktiv. Er stoppte das&#8230;<\/p>\n<p>\t\t<img decoding=\"async\" class=\"fp-plus-logo\" src=\"https:\/\/www.europesays.com\/de\/wp-content\/uploads\/2025\/04\/fpplus.svg.svg+xml\" alt=\"Freie Presse plus Logo\"\/><\/p>\n<p>Registrieren und testen.<\/p>\n<p>Jetzt mit Ihrer Registrierung 1 Monat gratis testen und alle Beitr\u00e4ge lesen.<\/p>\n<p>Schon Abonnent? Melden Sie sich mit ihren Zugangsdaten an.<\/p>\n","protected":false},"excerpt":{"rendered":"Ein Ladendetektiv erwischte die beiden T\u00e4ter. Nun sitzen beide in Haft. In einem Elektromarkt im Chemnitz Center sind&hellip;\n","protected":false},"author":2,"featured_media":121552,"comment_status":"","ping_status":"","sticky":false,"template":"","format":"standard","meta":{"footnotes":""},"categories":[1851],"tags":[2770,3364,29,548,663,3934,30,13,17318,14,15,859,12],"class_list":{"0":"post-121551","1":"post","2":"type-post","3":"status-publish","4":"format-standard","5":"has-post-thumbnail","7":"category-chemnitz","8":"tag-chemnitz","9":"tag-de","10":"tag-deutschland","11":"tag-eu","12":"tag-europa","13":"tag-europe","14":"tag-germany","15":"tag-headlines","16":"tag-kriminalitaet-verstoesse","17":"tag-nachrichten","18":"tag-news","19":"tag-sachsen","20":"tag-schlagzeilen"},"share_on_mastodon":{"url":"https:\/\/pubeurope.com\/@de\/114531635250149248","error":""},"_links":{"self":[{"href":"https:\/\/www.europesays.com\/de\/wp-json\/wp\/v2\/posts\/121551","targetHints":{"allow":["GET"]}}],"collection":[{"href":"https:\/\/www.europesays.com\/de\/wp-json\/wp\/v2\/posts"}],"about":[{"href":"https:\/\/www.europesays.com\/de\/wp-json\/wp\/v2\/types\/post"}],"author":[{"embeddable":true,"href":"https:\/\/www.europesays.com\/de\/wp-json\/wp\/v2\/users\/2"}],"replies":[{"embeddable":true,"href":"https:\/\/www.europesays.com\/de\/wp-json\/wp\/v2\/comments?post=121551"}],"version-history":[{"count":0,"href":"https:\/\/www.europesays.com\/de\/wp-json\/wp\/v2\/posts\/121551\/revisions"}],"wp:featuredmedia":[{"embeddable":true,"href":"https:\/\/www.europesays.com\/de\/wp-json\/wp\/v2\/media\/121552"}],"wp:attachment":[{"href":"https:\/\/www.europesays.com\/de\/wp-json\/wp\/v2\/media?parent=121551"}],"wp:term":[{"taxonomy":"category","embeddable":true,"href":"https:\/\/www.europesays.com\/de\/wp-json\/wp\/v2\/categories?post=121551"},{"taxonomy":"post_tag","embeddable":true,"href":"https:\/\/www.europesays.com\/de\/wp-json\/wp\/v2\/tags?post=121551"}],"curies":[{"name":"wp","href":"https:\/\/api.w.org\/{rel}","templated":true}]}}