{"id":1215544,"date":"2026-08-04T20:33:17","date_gmt":"2026-08-04T20:33:17","guid":{"rendered":"https:\/\/www.europesays.com\/de\/1215544\/"},"modified":"2026-08-04T20:33:17","modified_gmt":"2026-08-04T20:33:17","slug":"duesseldorf-feuer-in-oberbilker-dachwohnung","status":"publish","type":"post","link":"https:\/\/www.europesays.com\/de\/1215544\/","title":{"rendered":"D\u00fcsseldorf: Feuer in Oberbilker Dachwohnung"},"content":{"rendered":"<p class=\"text_ohne_einzug richtext text-em-55 !leading-serif mx-6 desktop:mx-0\"> Gro\u00dfeinsatz f\u00fcr die D\u00fcsseldorfer Feuerwehr: Die Einsatzkr\u00e4fte sind am Dienstagnachmittag zu einem Dachgeschossbrand in Oberbilk gerufen worden. Eine Person wurde leicht verletzt. <\/p>\n<p class=\"richtext text-em-55 !leading-serif mx-6 desktop:mx-0\">Die Einsatzkr\u00e4fte r\u00fcckten nach dem Alarm um 15.50 Uhr zum Haus an der Ecke Oberbilker Allee\/Kruppstra\u00dfe aus. Dichter Rauch quoll aus der betreffenden Wohnung. Durch das schnelle Eingreifen der Helfer konnte eine Ausbreitung der Flammen auf den Dachstuhl verhindert werden. Die Person, die in der Wohnung lebte, konnte sich selbst auf die Stra\u00dfe retten. Da sie Brandrauch eingeatmet hatte, wurde sie zur Kontrolle ins Krankenhaus gebracht. Sie gilt als leicht verletzt.<\/p>\n<p class=\"richtext text-em-55 !leading-serif mx-6 desktop:mx-0\">Die gute Kunde, dass das Feuer gel\u00f6scht werden konnte, kam um kurz nach 17\u2005Uhr. Die letzten der rund 30 Einsatzkr\u00e4fte kehrten nach etwa zwei Stunden zu ihren Standorten zur\u00fcck. Zur Ermittlung der Brandursache wurde die Einsatzstelle an die <a href=\"https:\/\/rp-online.de\/thema\/polizei\/\" rel=\"nofollow noopener\" target=\"_blank\">Polizei<\/a> \u00fcbergeben. Sp\u00e4ter f\u00fchrte die Wehr noch eine Brandnachschau durch, um sicherzustellen, dass das Feuer tats\u00e4chlich aus ist. <\/p>\n","protected":false},"excerpt":{"rendered":"Gro\u00dfeinsatz f\u00fcr die D\u00fcsseldorfer Feuerwehr: Die Einsatzkr\u00e4fte sind am Dienstagnachmittag zu einem Dachgeschossbrand in Oberbilk gerufen worden. Eine&hellip;\n","protected":false},"author":2,"featured_media":1215545,"comment_status":"","ping_status":"","sticky":false,"template":"","format":"standard","meta":{"footnotes":"","_share_on_mastodon":"0"},"categories":[1831],"tags":[3364,29,3405,30,1209,37707],"class_list":["post-1215544","post","type-post","status-publish","format-standard","has-post-thumbnail","category-duesseldorf","tag-de","tag-deutschland","tag-duesseldorf","tag-germany","tag-nordrhein-westfalen","tag-oberbilk"],"share_on_mastodon":{"url":"","error":""},"_links":{"self":[{"href":"https:\/\/www.europesays.com\/de\/wp-json\/wp\/v2\/posts\/1215544","targetHints":{"allow":["GET"]}}],"collection":[{"href":"https:\/\/www.europesays.com\/de\/wp-json\/wp\/v2\/posts"}],"about":[{"href":"https:\/\/www.europesays.com\/de\/wp-json\/wp\/v2\/types\/post"}],"author":[{"embeddable":true,"href":"https:\/\/www.europesays.com\/de\/wp-json\/wp\/v2\/users\/2"}],"replies":[{"embeddable":true,"href":"https:\/\/www.europesays.com\/de\/wp-json\/wp\/v2\/comments?post=1215544"}],"version-history":[{"count":0,"href":"https:\/\/www.europesays.com\/de\/wp-json\/wp\/v2\/posts\/1215544\/revisions"}],"wp:featuredmedia":[{"embeddable":true,"href":"https:\/\/www.europesays.com\/de\/wp-json\/wp\/v2\/media\/1215545"}],"wp:attachment":[{"href":"https:\/\/www.europesays.com\/de\/wp-json\/wp\/v2\/media?parent=1215544"}],"wp:term":[{"taxonomy":"category","embeddable":true,"href":"https:\/\/www.europesays.com\/de\/wp-json\/wp\/v2\/categories?post=1215544"},{"taxonomy":"post_tag","embeddable":true,"href":"https:\/\/www.europesays.com\/de\/wp-json\/wp\/v2\/tags?post=1215544"}],"curies":[{"name":"wp","href":"https:\/\/api.w.org\/{rel}","templated":true}]}}