{"id":1215599,"date":"2026-08-04T21:04:21","date_gmt":"2026-08-04T21:04:21","guid":{"rendered":"https:\/\/www.europesays.com\/de\/1215599\/"},"modified":"2026-08-04T21:04:21","modified_gmt":"2026-08-04T21:04:21","slug":"ermittlungen-gegen-afd-mann-angriff-auf-buergermeisterkandidat-war-keiner","status":"publish","type":"post","link":"https:\/\/www.europesays.com\/de\/1215599\/","title":{"rendered":"Ermittlungen gegen AfD-Mann: Angriff auf B\u00fcrgermeisterkandidat war keiner"},"content":{"rendered":"<p>Vorfall in Rosenheim <\/p>\n<p>Angriff war keiner: Jetzt wird gegen AfD-Kandidat ermittelt<\/p>\n<ul class=\"grid grid-flow-col gap-4\" aria-label=\"Autorenbilder\">\n<li class=\"leading-0\"><img data-tb-author-image=\"\"  loading=\"lazy\" src=\"https:\/\/www.europesays.com\/de\/wp-content\/uploads\/2025\/11\/1762370659_36_image.jpg\" alt=\"Lars Wienand\" title=\"Lars Wienand\" width=\"40\" height=\"40\" class=\"\" decoding=\"async\"\/><\/li>\n<\/ul>\n<p>04.08.2026 &#8211; 21:46 UhrLesedauer: 3 Min.<\/p>\n<p><a href=\"#focus-0\" class=\"transition-colors block text-current relative\" data-sctrack=\"FocusGalleryImage.Reference\"><img fetchpriority=\"high\" data-testid=\"Opener.Image\"   loading=\"eager\" src=\"https:\/\/www.europesays.com\/de\/wp-content\/uploads\/2026\/08\/am-boden-afd-buergermeister-kandidat-michael-maurer-ist-gestuerzt-landtagsabgeordneter-andreas-winha.png\" alt=\"Am Boden: AfD-B\u00fcrgermeister-Kandidat Michael Maurer ist gest\u00fcrzt,, Landtagsabgeordneter Andreas Winhart macht aus verschiedenen Perspektiven Fotos.\" title=\"Am Boden: AfD-B\u00fcrgermeister-Kandidat Michael Maurer ist gest\u00fcrzt,, Landtagsabgeordneter Andreas Winhart macht aus verschiedenen Perspektiven Fotos.\" width=\"603\" height=\"339\" class=\"bg-[url:var(--lqipURL)] bg-cover bg-center flex h-full w-full max-w-full\" style=\"--lqipURL:url('https:\/\/images.t-online.de\/2026\/03\/1MGnsX7gIMfB\/0x182:603x339\/fit-in\/150x0\/filters:blur(25)\/am-boden-afd-buergermeister-kandidat-michael-maurer-ist-gestuerzt-landtagsabgeordneter-andreas-winhart-macht-aus-verschiedenen-perspektiven-fotos.png')\" decoding=\"async\"\/><img loading=\"lazy\" src=\"https:\/\/www.t-online.de\/s\/paper\/_next\/static\/media\/zoom-in.f7dae02f.svg\" alt=\"Vergr\u00f6\u00dfern des Bildes\" title=\"Vergr\u00f6\u00dfern des Bildes\" class=\"block h-[calc(var(--height)_\/_16_*_1rem)] w-[calc(var(--width)_\/_16_*_1rem)] max-w-none absolute right-8 bottom-8 rounded-4 bg-snow p-8\" style=\"--width:32;--height:32\" decoding=\"async\"\/><\/a><\/p>\n<p>Am Boden: AfD-B\u00fcrgermeister-Kandidat Michael Maurer ist gest\u00fcrzt, Landtagsabgeordneter Andreas Winhart macht aus verschiedenen Perspektiven Fotos. (Quelle: Screenshot Blusky\/\/simmerl19)<\/p>\n<p><img loading=\"lazy\" src=\"https:\/\/www.t-online.de\/s\/paper\/_next\/static\/media\/audio-volume.6689034c.svg\" alt=\"\" title=\"\" class=\"block h-[calc(var(--height)_\/_16_*_1rem)] w-[calc(var(--width)_\/_16_*_1rem)] max-w-none group-hover:brightness-0 group-hover:invert\" style=\"--width:16;--height:16\" decoding=\"async\"\/>Vorlesen<\/p>\n<p>Aktuelle Zeit:0:00Gesamtdauer:0:00<\/p>\n<p>1x<\/p>\n<p class=\"text-center\">Jetzt neu bei t-online:<\/p>\n<p class=\"text-center\">Schriftgr\u00f6\u00dfe anpassen!<\/p>\n<p><img loading=\"lazy\" src=\"https:\/\/www.t-online.de\/s\/paper\/_next\/static\/media\/font-sizes.32942e33.svg\" alt=\"\" title=\"\" class=\"block h-[calc(var(--height)_\/_16_*_1rem)] w-[calc(var(--width)_\/_16_*_1rem)] max-w-none group-hover:hidden group-aria-expanded:hidden\" style=\"--width:16;--height:16\" decoding=\"async\"\/><img loading=\"lazy\" src=\"https:\/\/www.t-online.de\/s\/paper\/_next\/static\/media\/font-sizes-dark-mode.e382645c.svg\" alt=\"\" title=\"\" class=\"block h-[calc(var(--height)_\/_16_*_1rem)] w-[calc(var(--width)_\/_16_*_1rem)] max-w-none hidden group-hover:block group-aria-expanded:block\" style=\"--width:16;--height:16\" decoding=\"async\"\/><img loading=\"lazy\" src=\"https:\/\/www.t-online.de\/s\/paper\/_next\/static\/media\/sharing-menu-icon.1eb71368.svg\" alt=\"\" title=\"\" class=\"block h-[calc(var(--height)_\/_16_*_1rem)] w-[calc(var(--width)_\/_16_*_1rem)] max-w-none group-hover:brightness-0 group-hover:invert\" style=\"--width:16;--height:16\" decoding=\"async\"\/>Artikel teilen<\/p>\n<p class=\"font-bold text-18 leading-17 user-text-lg:text-22 user-text-xl:text-24\">F\u00fcnf Monate nach gro\u00dfer Aufregung im bayerischen Kommunalwahlkampf gibt es jetzt die Wende: Der vermeintliche linke \u00dcbergriff auf einen AfD-B\u00fcrgermeisterkandidaten war keiner \u2013 und die Staatsanwaltschaft ermittelt gegen den AfD-Mann.<\/p>\n<p class=\"text-18 leading-17 user-text-lg:text-22 user-text-xl:text-24\">Die Staatsanwaltschaft in Traunstein hat die Ermittlungen gegen drei Personen aus der linken Szene eingestellt, denen aus der <a href=\"https:\/\/www.t-online.de\/themen\/alternative-fuer-deutschland\/\" class=\"transition-colors cursor-pointer no-underline md:hover:text-magenta md:focus:text-magenta border-b border-solid border-current text-salemsfur md:hover:border-magenta\" data-tracking=\"{&quot;action&quot;:&quot;click&quot;,&quot;category&quot;:&quot;intextLink&quot;,&quot;label&quot;:&quot;\/themen\/alternative-fuer-deutschland\/&quot;}\" data-sctrack=\"BodyAnchor\" rel=\"nofollow noopener\" target=\"_blank\">AfD<\/a> ein \u00dcbergriff auf den B\u00fcrgermeisterkandidaten der AfD im bayerischen Rott am Inn vorgeworfen wurde. Die Personen sind nach den Feststellungen der Ermittler unschuldig \u2013 und jetzt wird gegen das anf\u00e4ngliche Opfer ermittelt.<\/p>\n<p class=\"text-18 leading-17 user-text-lg:text-22 user-text-xl:text-24\">Das Geschehen hatte sich am 1. M\u00e4rz in Rosenheim an einem Wahlkampfstand der AfD abgespielt: B\u00fcrgermeisterkandidat Michael Maurer ging bei einem Handgemenge zu Boden, der 70-J\u00e4hrige fiel aufs Kopfsteinpflaster. Sein Parteifreund, der AfD-Landtagsabgeordnete Andreas Winhart, fotografierte den am Boden liegenden Maurer und verbreitete die Nachricht von einem Angriff &#8222;ortsbekannter Linksextremisten&#8220;.<\/p>\n<p class=\"text-18 leading-17 user-text-lg:text-22 user-text-xl:text-24\">Maurer hatte zun\u00e4chst erkl\u00e4rt, Tritte zwischen die Beine bekommen zu haben, deshalb gest\u00fcrzt zu sein und dann am Boden liegend von einer jungen Frau und einem jungen Mann gegen Beine und Brust getreten worden zu sein.<\/p>\n<p><a href=\"#focus-1\" class=\"transition-colors block text-current relative\" data-sctrack=\"FocusGalleryImage.Reference\"><img   loading=\"lazy\" src=\"https:\/\/www.europesays.com\/de\/wp-content\/uploads\/2026\/08\/kuenstliche-aufregung-afd-bundespolitiker-goetz-froemming-forderte-einen-aufschrei-der-am-handgemeng.png\" alt=\"K\u00fcnstliche Aufregung: AfD-Bundespolitiker G\u00f6tz Fr\u00f6mming forderte einen Aufschrei, der am Handgemenge ma\u00dfgeblich beteiligte Landespolitiker Andreas Winhart retweete es.\" title=\"K\u00fcnstliche Aufregung: AfD-Bundespolitiker G\u00f6tz Fr\u00f6mming forderte einen Aufschrei, der am Handgemenge ma\u00dfgeblich beteiligte Landespolitiker Andreas Winhart retweete es.\" width=\"752\" height=\"516\" class=\"h-full w-full max-w-full rounded-8\" decoding=\"async\"\/><img loading=\"lazy\" src=\"https:\/\/www.t-online.de\/s\/paper\/_next\/static\/media\/zoom-in.f7dae02f.svg\" alt=\"Vergr\u00f6\u00dfern des Bildes\" title=\"Vergr\u00f6\u00dfern des Bildes\" class=\"block h-[calc(var(--height)_\/_16_*_1rem)] w-[calc(var(--width)_\/_16_*_1rem)] max-w-none absolute right-8 bottom-8 rounded-4 bg-snow p-8\" style=\"--width:32;--height:32\" decoding=\"async\"\/>K\u00fcnstliche Aufregung: AfD-Bundespolitiker G\u00f6tz Fr\u00f6mming forderte einen Aufschrei, der am Handgemenge ma\u00dfgeblich beteiligte Landespolitiker Andreas Winhart retweetete es. (Quelle: Screenshot twitter.com)<\/a><\/p>\n<p class=\"text-18 leading-17 user-text-lg:text-22 user-text-xl:text-24\">Winhart leitete einen ersten Medienbericht mit dieser Darstellung weiter, nachdem der AfD-Bundestagsabgeordnete G\u00f6tz Fr\u00f6mming ihn mit dem Kommentar &#8222;WO BLEIBT DER AUFSCHREI?&#8220; geteilt hatte. Die AfD-Europaabgeordnete Mary Khan beklagte: &#8222;Die <a href=\"https:\/\/www.t-online.de\/themen\/tagesschau\/\" class=\"transition-colors cursor-pointer no-underline md:hover:text-magenta md:focus:text-magenta border-b border-solid border-current text-salemsfur md:hover:border-magenta\" data-tracking=\"{&quot;action&quot;:&quot;click&quot;,&quot;category&quot;:&quot;intextLink&quot;,&quot;label&quot;:&quot;\/themen\/tagesschau\/&quot;}\" data-sctrack=\"BodyAnchor\" rel=\"nofollow noopener\" target=\"_blank\">Tagesschau<\/a> schweigt.&#8220; Linke Gewalt gegen die AfD werde kleingeredet, w\u00e4hrend die &#8222;Gefahr von rechts&#8220; in Dauerschleife gesendet werde.<\/p>\n<p>Langes Rangeln um Banner der Linken<\/p>\n<p class=\"text-18 leading-17 user-text-lg:text-22 user-text-xl:text-24\">Da waren bereits Videobilder aufgetaucht, die den Ablauf ganz anders zeigten. Zu sehen ist, dass es zu der Szene und einem Sturz kommt, weil pl\u00f6tzlich und minutenlang um ein Banner gerangelt wird.<\/p>\n<p class=\"text-18 leading-17 user-text-lg:text-22 user-text-xl:text-24\">Die Gruppe des &#8222;Offenen Antifaschistischen Plenums Rosenheim&#8220; (OAP) hatte mit dem zusammengefalteten Stoffst\u00fcck nah am AfD-Infostand vorbeigehen wollen. Winhart selbst war es, der dabei vom Stand vortrat und direkt danach griff, als ein Teil des Stoffs am Boden schleifte.<\/p>\n<p>Im Video | Video soll AfD-L\u00fcge aufdecken<\/p>\n<p><img loading=\"lazy\" src=\"https:\/\/www.t-online.de\/s\/paper\/_next\/static\/media\/loading-indicator-magenta.1f35d8de.svg\" alt=\"Video l\u00e4dt\" title=\"Video l\u00e4dt\" class=\"block h-[calc(var(--height)_\/_16_*_1rem)] w-[calc(var(--width)_\/_16_*_1rem)] max-w-none undefined\" style=\"--width:32;--height:32\" decoding=\"async\"\/>Player wird geladen<\/p>\n<p class=\"text-18 leading-17 user-text-lg:text-22 user-text-xl:text-24\">Es kam dann zu einem Gerangel und einer Art Tauziehen mit dem Stoff. Der B\u00fcrgermeisterkandidat, der der Presse sp\u00e4ter zun\u00e4chst sagte, er habe sich bewusst entfernt und sei umzingelt worden, griff auch nach dem Stoff und st\u00fcrzte ohne fremdes Zutun. Dennoch war ein Strafverfahren wegen K\u00f6rperverletzung gegen die jungen Demonstranten bereits eingeleitet. Maurer hatte nach Bekanntwerden des Videos zun\u00e4chst bei der Polizei angek\u00fcndigt, seinen Strafantrag zur\u00fccknehmen zu wollen. Davon hatte er dann jedoch wieder Abstand genommen und am Antrag festgehalten.<\/p>\n<p><script async src=\"https:\/\/platform.twitter.com\/widgets.js\" charset=\"utf-8\"><\/script><\/p>\n","protected":false},"excerpt":{"rendered":"Vorfall in Rosenheim Angriff war keiner: Jetzt wird gegen AfD-Kandidat ermittelt 04.08.2026 &#8211; 21:46 UhrLesedauer: 3 Min. Am&hellip;\n","protected":false},"author":2,"featured_media":1215600,"comment_status":"","ping_status":"","sticky":false,"template":"","format":"standard","meta":{"footnotes":"","_share_on_mastodon":"0"},"categories":[2],"tags":[3028,186,252865,2140,29,30,73052,13,32639,252868,252864,14,15,252867,15041,252866,12,1997,226,10,8,9,11,1055],"class_list":["post-1215599","post","type-post","status-publish","format-standard","has-post-thumbnail","category-deutschland","tag-3028","tag-afd","tag-andreas-winhart","tag-angriff","tag-deutschland","tag-germany","tag-goetz-froemming","tag-headlines","tag-kommunalwahlkampf","tag-mary-khan","tag-michael-maurer","tag-nachrichten","tag-news","tag-rainer-vietze","tag-rosenheim","tag-rott-am-inn","tag-schlagzeilen","tag-staatsanwaltschaft","tag-t-online","tag-top-news","tag-top-meldungen","tag-topmeldungen","tag-topnews","tag-traunstein"],"share_on_mastodon":{"url":"https:\/\/pubeurope.com\/@de\/117039273612293183","error":""},"_links":{"self":[{"href":"https:\/\/www.europesays.com\/de\/wp-json\/wp\/v2\/posts\/1215599","targetHints":{"allow":["GET"]}}],"collection":[{"href":"https:\/\/www.europesays.com\/de\/wp-json\/wp\/v2\/posts"}],"about":[{"href":"https:\/\/www.europesays.com\/de\/wp-json\/wp\/v2\/types\/post"}],"author":[{"embeddable":true,"href":"https:\/\/www.europesays.com\/de\/wp-json\/wp\/v2\/users\/2"}],"replies":[{"embeddable":true,"href":"https:\/\/www.europesays.com\/de\/wp-json\/wp\/v2\/comments?post=1215599"}],"version-history":[{"count":0,"href":"https:\/\/www.europesays.com\/de\/wp-json\/wp\/v2\/posts\/1215599\/revisions"}],"wp:featuredmedia":[{"embeddable":true,"href":"https:\/\/www.europesays.com\/de\/wp-json\/wp\/v2\/media\/1215600"}],"wp:attachment":[{"href":"https:\/\/www.europesays.com\/de\/wp-json\/wp\/v2\/media?parent=1215599"}],"wp:term":[{"taxonomy":"category","embeddable":true,"href":"https:\/\/www.europesays.com\/de\/wp-json\/wp\/v2\/categories?post=1215599"},{"taxonomy":"post_tag","embeddable":true,"href":"https:\/\/www.europesays.com\/de\/wp-json\/wp\/v2\/tags?post=1215599"}],"curies":[{"name":"wp","href":"https:\/\/api.w.org\/{rel}","templated":true}]}}