{"id":1215624,"date":"2026-08-04T21:26:15","date_gmt":"2026-08-04T21:26:15","guid":{"rendered":"https:\/\/www.europesays.com\/de\/1215624\/"},"modified":"2026-08-04T21:26:15","modified_gmt":"2026-08-04T21:26:15","slug":"kontakte-kino-kommunikation-verhuetungs-und-reproduktionsforschung-zwei-tage-lang-im-fokus","status":"publish","type":"post","link":"https:\/\/www.europesays.com\/de\/1215624\/","title":{"rendered":"Kontakte, Kino, Kommunikation: Verh\u00fctungs- und Reproduktionsforschung zwei Tage lang im Fokus"},"content":{"rendered":"<p>M\u00fcnster (mfm\/ajs) \u2013 Verh\u00fctung, Unfruchtbarkeit, Geburt: Reproduktive Gesundheit umfasst viele Themen und betrifft jeden Menschen. So erlebt nach Angaben der Weltgesundheitsorganisation (WHO) etwa jede sechste Person im reproduktiven Alter im Laufe ihres Lebens Unfruchtbarkeit. Beteiligte des Forschungsnetzwerks \u201eReproduction Alliance\u201c der Universit\u00e4t M\u00fcnster tauschten sich jetzt zwei Tage lang mit nationalen und internationalen Partnern \u00fcber Themen wie Verh\u00fctung und reproduktive Gesundheit aus.<\/p>\n<p>Gemeinsam mit dem Verein \u201eBetter Birth Control\u201c und der \u201eMale Contraceptive Initiative\u201c lud die Allianz zun\u00e4chst zu einem interaktiven Kinoabend ins voll besetzte Schlo\u00dftheater ein. Im Mittelpunkt standen zentrale Fragen zur Zukunft der Verh\u00fctung: Warum liegt die Verantwortung daf\u00fcr bis heute \u00fcberwiegend bei den Frauen? Wie weit ist die Forschung zu neuen Verh\u00fctungsmethoden? Und welche Perspektiven gibt es f\u00fcr die Entwicklung einer \u201ePille f\u00fcr den Mann\u201c? Nach einem Gru\u00dfwort der Bundestagsabgeordneten Svenja Schulze wurde der Dokumentarfilm \u201eIt\u2019s Different for Girls\u201c gezeigt. Anschlie\u00dfend diskutierten Prof. Timo Str\u00fcnker und Prof. Michael Zitzmann vom Centrum f\u00fcr Reproduktionsmedizin und Andrologie (CeRA), Heather Vahdat von der Male Contraceptive Initiative, Jana Pfenning von Better Birth Control und Mara Scherner von der Deutschen Stiftung Weltbev\u00f6lkerung mit dem Publikum \u00fcber aktuelle Entwicklungen, gesellschaftliche Herausforderungen und neue Ans\u00e4tze in der Verh\u00fctungsforschung.\u00a0<\/p>\n<p>Am zweiten Tag der Veranstaltungsreihe begr\u00fc\u00dfte das CeRA erneut Svenja Schulze, dazu die Bundestagsabgeordnete Dr. Tanja Machalet sowie weitere Expertinnen und Experten. Die G\u00e4ste erhielten Einblicke in aktuelle Forschungsaktivit\u00e4ten am Standort M\u00fcnster. Dabei ging es vor allem darum, welche Voraussetzungen erf\u00fcllt sein m\u00fcssen, damit wissenschaftliche Erkenntnisse aus dem Labor in die klinische Anwendung gelangen und so neue Verh\u00fctungsmethoden f\u00fcr M\u00e4nner erm\u00f6glichen. Die Gespr\u00e4chspartner waren sich einig, dass insbesondere ein kontinuierlicher Dialog zwischen Politik, Forschung, \u00c4rztinnen und \u00c4rzten sowie Betroffenen essenziell sei, um die Reproduktionsforschung weiterzuentwickeln und ihre gesellschaftliche Relevanz sichtbar zu machen.<\/p>\n","protected":false},"excerpt":{"rendered":"M\u00fcnster (mfm\/ajs) \u2013 Verh\u00fctung, Unfruchtbarkeit, Geburt: Reproduktive Gesundheit umfasst viele Themen und betrifft jeden Menschen. So erlebt nach&hellip;\n","protected":false},"author":2,"featured_media":916398,"comment_status":"","ping_status":"","sticky":false,"template":"","format":"standard","meta":{"footnotes":"","_share_on_mastodon":"0"},"categories":[1843],"tags":[3364,29,66388,30,2782,200641,8970,1209,5162,37960],"class_list":["post-1215624","post","type-post","status-publish","format-standard","has-post-thumbnail","category-muenster","tag-de","tag-deutschland","tag-fakultaet","tag-germany","tag-medizinische","tag-medizinische-fakultaet","tag-muenster","tag-nordrhein-westfalen","tag-universitaet","tag-universitaet-muenster"],"share_on_mastodon":{"url":"https:\/\/pubeurope.com\/@de\/117039358746618781","error":""},"_links":{"self":[{"href":"https:\/\/www.europesays.com\/de\/wp-json\/wp\/v2\/posts\/1215624","targetHints":{"allow":["GET"]}}],"collection":[{"href":"https:\/\/www.europesays.com\/de\/wp-json\/wp\/v2\/posts"}],"about":[{"href":"https:\/\/www.europesays.com\/de\/wp-json\/wp\/v2\/types\/post"}],"author":[{"embeddable":true,"href":"https:\/\/www.europesays.com\/de\/wp-json\/wp\/v2\/users\/2"}],"replies":[{"embeddable":true,"href":"https:\/\/www.europesays.com\/de\/wp-json\/wp\/v2\/comments?post=1215624"}],"version-history":[{"count":0,"href":"https:\/\/www.europesays.com\/de\/wp-json\/wp\/v2\/posts\/1215624\/revisions"}],"wp:featuredmedia":[{"embeddable":true,"href":"https:\/\/www.europesays.com\/de\/wp-json\/wp\/v2\/media\/916398"}],"wp:attachment":[{"href":"https:\/\/www.europesays.com\/de\/wp-json\/wp\/v2\/media?parent=1215624"}],"wp:term":[{"taxonomy":"category","embeddable":true,"href":"https:\/\/www.europesays.com\/de\/wp-json\/wp\/v2\/categories?post=1215624"},{"taxonomy":"post_tag","embeddable":true,"href":"https:\/\/www.europesays.com\/de\/wp-json\/wp\/v2\/tags?post=1215624"}],"curies":[{"name":"wp","href":"https:\/\/api.w.org\/{rel}","templated":true}]}}