{"id":1215767,"date":"2026-08-04T22:52:30","date_gmt":"2026-08-04T22:52:30","guid":{"rendered":"https:\/\/www.europesays.com\/de\/1215767\/"},"modified":"2026-08-04T22:52:30","modified_gmt":"2026-08-04T22:52:30","slug":"diebeslager-karlsruhe-polizei-beschlagnahmt-gestohlene-fahrraeder-und-e-scooter","status":"publish","type":"post","link":"https:\/\/www.europesays.com\/de\/1215767\/","title":{"rendered":"Diebeslager Karlsruhe Polizei beschlagnahmt gestohlene Fahrr\u00e4der und E-Scooter"},"content":{"rendered":"<p class=\"mb-6 text-xs-varying md:text-m lg:text-l font-serif group-[.font-sans]:font-sans \">\n    Nach Angaben der Staatsanwaltschaft Karlsruhe und des Polizeipr\u00e4sidiums <a href=\"https:\/\/www.ka-news.de\/karlsruhe\" target=\"_self\" class=\"underline \" rel=\"nofollow noopener\">Karlsruhe<\/a> nahmen Polizeibeamte am fr\u00fchen <strong class=\"font-bold\">Sonntagmorgen, 2. August<\/strong> 2026, in der Karlsruher Nordstadt drei Personen fest, gegen die der Verdacht der gewerbsm\u00e4\u00dfigen Hehlerei besteht. Ein Zeuge hatte die Polizei alarmiert.\n  <\/p>\n<p>            Festnahme am Kanalweg in Karlsruhe nach Zeugenhinweis<\/p>\n<p class=\"mb-6 text-xs-varying md:text-m lg:text-l font-serif group-[.font-sans]:font-sans \">\n    Der Zeuge beobachtete die drei Beschuldigten gegen 5.45 Uhr dabei, wie sie mehrere hochwertige Fahrr\u00e4der, Pedelecs und einen E-Scooter in der Stra\u00dfe \u201eKanalweg&#8220; in ein Fahrzeug luden. Alarmierte Streifenbesatzungen kontrollierten die Personen daraufhin vor Ort. Dabei stellten die Beamten <strong class=\"font-bold\">neben den Zweir\u00e4dern und dem E-Scooter auch diverse Parfums und Drogerieartikel sowie Bargeld im niedrigen vierstelligen Bereich <\/strong>und weiteres mutma\u00dfliches Diebesgut sicher.\n  <\/p>\n<p>            Ermittler sto\u00dfen auf Diebesgut in Karlsruhe<\/p>\n<p class=\"mb-6 text-xs-varying md:text-m lg:text-l font-serif group-[.font-sans]:font-sans \">\n    Nach ersten Erkenntnissen reichen die zugrunde liegenden Straftaten offenbar bis in das Jahr 2024 zur\u00fcck. Nach aktuellem Ermittlungsstand war das sichergestellte Diebesgut mutma\u00dflich zum Weiterverkauf bestimmt. Die drei rum\u00e4nischen Staatsangeh\u00f6rigen stehen im Verdacht, die Hehlerei gewerbsm\u00e4\u00dfig betrieben zu haben.\n  <\/p>\n<p class=\"mb-6 text-xs-varying md:text-m lg:text-l font-serif group-[.font-sans]:font-sans \">\n    Am Montag, 3. August 2026, f\u00fchrten die Ermittler die Beschuldigten einem Haftrichter des Amtsgerichts Karlsruhe vor. Auf Antrag der Staatsanwaltschaft erlie\u00df der Richter gegen alle drei Beschuldigten jeweils einen Haftbefehl. Gegen einen der Beschuldigten ordnete er zudem den Vollzug der Untersuchungshaft an.\n  <\/p>\n<p class=\"mb-6 text-xs-varying md:text-m lg:text-l font-serif group-[.font-sans]:font-sans \">\n    Quelle: Polizei<a href=\"https:\/\/www.presseportal.de\/blaulicht\/pm\/110972\/6327045\" rel=\"nofollow noopener\" target=\"_blank\" class=\"underline \">pr\u00e4sidium Karlsruhe. Hinwei<\/a>s: Diese Meldung wurde unterst\u00fctzt von KI erstellt.\n  <\/p>\n","protected":false},"excerpt":{"rendered":"Nach Angaben der Staatsanwaltschaft Karlsruhe und des Polizeipr\u00e4sidiums Karlsruhe nahmen Polizeibeamte am fr\u00fchen Sonntagmorgen, 2. August 2026, in&hellip;\n","protected":false},"author":2,"featured_media":788221,"comment_status":"","ping_status":"","sticky":false,"template":"","format":"standard","meta":{"footnotes":"","_share_on_mastodon":"0"},"categories":[1844],"tags":[1634,3364,29,25153,1234,980,30,8903,4803,27464,121,1997,136634,15522],"class_list":["post-1215767","post","type-post","status-publish","format-standard","has-post-thumbnail","category-karlsruhe","tag-baden-wuerttemberg","tag-de","tag-deutschland","tag-diebeslager","tag-fahrrad","tag-festnahme","tag-germany","tag-karlsruhe","tag-nordstadt","tag-pedelec","tag-polizei","tag-staatsanwaltschaft","tag-staatsanwaltschaft-karlsruhe","tag-zeugenhinweis"],"share_on_mastodon":{"url":"https:\/\/pubeurope.com\/@de\/117039696864676104","error":""},"_links":{"self":[{"href":"https:\/\/www.europesays.com\/de\/wp-json\/wp\/v2\/posts\/1215767","targetHints":{"allow":["GET"]}}],"collection":[{"href":"https:\/\/www.europesays.com\/de\/wp-json\/wp\/v2\/posts"}],"about":[{"href":"https:\/\/www.europesays.com\/de\/wp-json\/wp\/v2\/types\/post"}],"author":[{"embeddable":true,"href":"https:\/\/www.europesays.com\/de\/wp-json\/wp\/v2\/users\/2"}],"replies":[{"embeddable":true,"href":"https:\/\/www.europesays.com\/de\/wp-json\/wp\/v2\/comments?post=1215767"}],"version-history":[{"count":0,"href":"https:\/\/www.europesays.com\/de\/wp-json\/wp\/v2\/posts\/1215767\/revisions"}],"wp:featuredmedia":[{"embeddable":true,"href":"https:\/\/www.europesays.com\/de\/wp-json\/wp\/v2\/media\/788221"}],"wp:attachment":[{"href":"https:\/\/www.europesays.com\/de\/wp-json\/wp\/v2\/media?parent=1215767"}],"wp:term":[{"taxonomy":"category","embeddable":true,"href":"https:\/\/www.europesays.com\/de\/wp-json\/wp\/v2\/categories?post=1215767"},{"taxonomy":"post_tag","embeddable":true,"href":"https:\/\/www.europesays.com\/de\/wp-json\/wp\/v2\/tags?post=1215767"}],"curies":[{"name":"wp","href":"https:\/\/api.w.org\/{rel}","templated":true}]}}