{"id":1215990,"date":"2026-08-05T01:06:15","date_gmt":"2026-08-05T01:06:15","guid":{"rendered":"https:\/\/www.europesays.com\/de\/1215990\/"},"modified":"2026-08-05T01:06:15","modified_gmt":"2026-08-05T01:06:15","slug":"deutscher-staedtetag-oepnv-droht-rueckgang-um-mehr-als-zehn-prozent","status":"publish","type":"post","link":"https:\/\/www.europesays.com\/de\/1215990\/","title":{"rendered":"Deutscher St\u00e4dtetag: \u00d6PNV droht R\u00fcckgang um mehr als zehn Prozent &#8211; &#8230;"},"content":{"rendered":"<p class=\"date\">05.08.2026 \u2013 01:00<\/p>\n<p class=\"customer\">\n                        <a class=\"story-customer\" title=\"weiter zum newsroom von K\u00f6lner Stadt-Anzeiger\" href=\"https:\/\/www.presseportal.de\/nr\/66749\" rel=\"nofollow noopener\" target=\"_blank\">K\u00f6lner Stadt-Anzeiger<\/a>\n                    <\/p>\n<p><a data-category=\"citylink-story-view\" data-action=\"click\" data-label=\"Citylink in Meldungsansicht\" class=\"story-city event-trigger\" href=\"https:\/\/www.presseportal.de\/regional\/K%F6ln\" title=\"News aus K\u00f6ln \" rel=\"nofollow noopener\" target=\"_blank\">K\u00f6ln<\/a> (ots)<\/p>\n<p>Der Deutsche St\u00e4dtetag warnt vor einem deutlichen Einbruch beim \u00d6ffentlichen Personennahverkehr. &#8222;Wir rechnen damit, dass bundesweit in 2026\/27 \u00fcber zehn Prozent weniger \u00d6PNV angeboten wird&#8220;, sagte Hauptgesch\u00e4ftsf\u00fchrer Christian Schuchardt dem &#8222;K\u00f6lner Stadt-Anzeiger&#8220; (Mittwoch-Ausgabe). &#8222;St\u00e4dte d\u00fcnnen beispielsweise ihre Fahrpl\u00e4ne aus, bestellen ganze Strecken ab oder reduzieren zus\u00e4tzliche touristische Angebote.&#8220; Als Grund nannte der St\u00e4dtetag die Finanzmisere der Kommunen. &#8222;Mit den derzeit zur Verf\u00fcgung stehenden Mitteln f\u00fcr den \u00d6ffentlichen Nahverkehr ist das derzeitige Niveau nicht mehr zu halten&#8220;, beklagte Schuchardt. Schon jetzt fehlten 14 Milliarden Euro f\u00fcr die n\u00e4chsten f\u00fcnf Jahre im System. H\u00f6here Trassenpreise f\u00fcr den regionalen Schienenverkehr versch\u00e4rften die Situation.<\/p>\n<p>Der kommunale Spitzenverband nahm den neuen Bundesverkehrsminister Steffen Bilger in die Pflicht, der die Nachfolge des von Kanzler Friedrich Merz entlassenen Patrick Schnieder (alle CDU) antritt. Der Neustart im Verkehrsministerium sei &#8222;ein guter Zeitpunkt, den angek\u00fcndigten Modernisierungspakt f\u00fcr einen leistungsf\u00e4higen \u00d6PNV mit Leben zu erf\u00fcllen&#8220;. Im Koalitionsvertrag hatten Union und SPD vereinbart, die \u00d6PNV-Finanzierung auf eine neue gesetzliche Grundlage zu stellen und einen Mobilit\u00e4tspakt zu starten. Die Regionalisierungsmittel sollten vorrangig f\u00fcr den Schienen-Nahverkehr genutzt werden. Au\u00dferdem sagten die Koalitionspartner zu, die Mittel aus dem Gemeindeverkehrsfinanzierungsgesetz deutlich aufzustocken.<\/p>\n<p>Bund und L\u00e4nder m\u00fcssten Verantwortung \u00fcbernehmen, appellierte Schuchardt. Als erstes m\u00fcssten h\u00f6here Trassenpreise &#8211; der St\u00e4dtetag beziffert die zus\u00e4tzliche Belastung mit 400 Millionen Euro im Jahr &#8211; vom Tisch. &#8222;Dann k\u00f6nnen Bund und L\u00e4nder unter Beteiligung der Kommunen und der Branche im September in die Verhandlungen zum Modernisierungspakt f\u00fcr den \u00d6PNV starten.&#8220;<\/p>\n<p class=\"contact-headline\">Pressekontakt:<\/p>\n<p class=\"contact-text\">K\u00f6lner Stadt-Anzeiger<br \/>Newsdesk<br \/>Telefon: 0221 224 2080<\/p>\n<p class=\"originator\">Original-Content von: K\u00f6lner Stadt-Anzeiger, \u00fcbermittelt durch news aktuell<\/p>\n","protected":false},"excerpt":{"rendered":"05.08.2026 \u2013 01:00 K\u00f6lner Stadt-Anzeiger K\u00f6ln (ots) Der Deutsche St\u00e4dtetag warnt vor einem deutlichen Einbruch beim \u00d6ffentlichen Personennahverkehr.&hellip;\n","protected":false},"author":2,"featured_media":1184682,"comment_status":"","ping_status":"","sticky":false,"template":"","format":"standard","meta":{"footnotes":"","_share_on_mastodon":"0"},"categories":[1828],"tags":[29,30,1420,1209,16,178,180,179,181,21905],"class_list":["post-1215990","post","type-post","status-publish","format-standard","has-post-thumbnail","category-koeln","tag-deutschland","tag-germany","tag-koeln","tag-nordrhein-westfalen","tag-politik","tag-presse","tag-pressemeldung","tag-pressemitteilung","tag-pressemitteilungen","tag-presseschau"],"share_on_mastodon":{"url":"https:\/\/pubeurope.com\/@de\/117040223672146671","error":""},"_links":{"self":[{"href":"https:\/\/www.europesays.com\/de\/wp-json\/wp\/v2\/posts\/1215990","targetHints":{"allow":["GET"]}}],"collection":[{"href":"https:\/\/www.europesays.com\/de\/wp-json\/wp\/v2\/posts"}],"about":[{"href":"https:\/\/www.europesays.com\/de\/wp-json\/wp\/v2\/types\/post"}],"author":[{"embeddable":true,"href":"https:\/\/www.europesays.com\/de\/wp-json\/wp\/v2\/users\/2"}],"replies":[{"embeddable":true,"href":"https:\/\/www.europesays.com\/de\/wp-json\/wp\/v2\/comments?post=1215990"}],"version-history":[{"count":0,"href":"https:\/\/www.europesays.com\/de\/wp-json\/wp\/v2\/posts\/1215990\/revisions"}],"wp:featuredmedia":[{"embeddable":true,"href":"https:\/\/www.europesays.com\/de\/wp-json\/wp\/v2\/media\/1184682"}],"wp:attachment":[{"href":"https:\/\/www.europesays.com\/de\/wp-json\/wp\/v2\/media?parent=1215990"}],"wp:term":[{"taxonomy":"category","embeddable":true,"href":"https:\/\/www.europesays.com\/de\/wp-json\/wp\/v2\/categories?post=1215990"},{"taxonomy":"post_tag","embeddable":true,"href":"https:\/\/www.europesays.com\/de\/wp-json\/wp\/v2\/tags?post=1215990"}],"curies":[{"name":"wp","href":"https:\/\/api.w.org\/{rel}","templated":true}]}}