{"id":1216007,"date":"2026-08-05T01:17:20","date_gmt":"2026-08-05T01:17:20","guid":{"rendered":"https:\/\/www.europesays.com\/de\/1216007\/"},"modified":"2026-08-05T01:17:20","modified_gmt":"2026-08-05T01:17:20","slug":"union-berlin-trainingslager-und-testspiele-der-union-sommerfahrplan-2026","status":"publish","type":"post","link":"https:\/\/www.europesays.com\/de\/1216007\/","title":{"rendered":"Union Berlin Trainingslager und Testspiele: Der Union Sommerfahrplan 2026"},"content":{"rendered":"<p>Der Union Berlin Sommerfahrplan 2026 auf einen Blick<\/p>\n<ul>\n<li>29. Juni: Medizinische und sportliche Leistungstests<\/li>\n<li>1. Juli: Erstes Training unter Cheftrainer Mauro Lustrinelli<\/li>\n<li>4. Juli: Testspiel FSV Optik Rathenow \u2013 <a href=\"https:\/\/www.fussballdaten.de\/vereine\/1-fc-union-berlin\/\" title=\"Profil von 1. FC Union Berlin\" rel=\"nofollow noopener\" target=\"_blank\">Union Berlin<\/a> (2:12)<\/li>\n<li>5. Juli: Testspiel SV Gr\u00fcn-Wei\u00df L\u00fcbben \u2013 Union Berlin (0:16)<\/li>\n<li>9. Juli: Testspiel <a href=\"https:\/\/www.fussballdaten.de\/vereine\/chemnitzer-fc\/\" title=\"Profil von Chemnitzer FC\" rel=\"nofollow noopener\" target=\"_blank\">Chemnitzer FC<\/a> \u2013 Union Berlin (1:1)<\/li>\n<li>12. Juli: Testspiel <a href=\"https:\/\/www.fussballdaten.de\/vereine\/fc-carl-zeiss-jena\/\" title=\"Profil von FC Carl Zeiss Jena\" rel=\"nofollow noopener\" target=\"_blank\">FC Carl Zeiss Jena<\/a> \u2013 Union Berlin (2:0)<\/li>\n<li>17. Juli: Testspiel FC Winterthur \u2013 Union Berlin (1:1)<\/li>\n<li>18. Juli: Testspiel FC Aarau \u2013 Union Berlin (2:1)<\/li>\n<li>20. \u2013 26. Juli: Trainingsfreie Zeit<\/li>\n<li>1. August: Testspiel Dynamo Dresden \u2013 Union Berlin (2:1)<\/li>\n<li>2. August: Testspiel Union Berlin \u2013 Cagliari Calcio (2:2)<\/li>\n<li>9. August: Testspiel Aris Limassol \u2013 Union Berlin<\/li>\n<li>2.\u201310. August: Trainingslager in Aigen im Ennstal (\u00d6sterreich)<\/li>\n<li>15. August: Saisoner\u00f6ffnung und Testspiel gegen Inter Mailand<\/li>\n<li>23. August: 1. Runde DFB-Pokal gegen Eintracht Braunschweig<\/li>\n<li>29. August: Bundesliga-Auftakt 2026\/27 gegen Eintracht Frankfurt<\/li>\n<\/ul>\n<p>Union startet fr\u00fch in die Vorbereitung<\/p>\n<p class=\"mb20 mt30\">W\u00e4hrend viele Bundesligisten erst Mitte Juli ins Training eingestiegen sind, hat der neue Union-Trainer <a href=\"https:\/\/www.fussballdaten.de\/person\/mauro-lustrinelli\/\" target=\"_blank\" rel=\"nofollow noopener\">Mauro Lustrinelli<\/a> seine Mannschaft bereits am <b>29. Juni<\/b> zu den obligatorischen <b>Leistungstests <\/b>geladen. Zwei Tage sp\u00e4ter stand dann die erste offizielle Trainingseinheit auf dem Union Sommerfahrplan.<\/p>\n<p class=\"mb20 mt30\">F\u00fcr Lustrinelli ging es in der Anfangsphase vor allem darum, seine Spielidee zu vermitteln und die Mannschaft auf die kommenden Aufgaben vorzubereiten. Anders als in den vergangenen Jahren wartet ein besonders umfangreicher Testspielkalender auf die Berliner.<\/p>\n<p class=\"mb20 mt30\">Durchwachsene Bilanz f\u00fcr Union Testspiele<\/p>\n<p class=\"mb20 mt30\">Bereits am ersten Vorbereitungswochenende standen <b>zwei Testspiele<\/b> auf dem Programm. Gegen die Amateure vom <b>FSV Optik Rathenow (12:2) <\/b>und<b> SV Gr\u00fcn-Wei\u00df L\u00fcbben (16:0)<\/b> hatten die Eisernen keine gr\u00f6\u00dferen Probleme.<\/p>\n<p class=\"mb20 mt30\">Anders sah das hingegen schon in den beiden folgenden Testspielen gegen die Traditionsvereine <b>Chemnitzer FC <\/b>und <b>Carl Zeiss Jena<\/b>. Gegen den CFC ist der Bundesligist nicht \u00fcber ein 1:1 hinausgekommen und gegen Jena setzte es sogar eine 0:2-Niederlage.<\/p>\n<p>Union Berlin Testspiele in der Schweiz<\/p>\n<p class=\"mb20 mt30\">Noch w\u00e4hrend der letzten WM-Woche ging es f\u00fcr Union auf einen Kurztrip in die Schweiz, wo zwei Testspiele gegen die <b>Schweizer Zweitligisten FC Winterthur <\/b>und <b>FC Aarau anstanden<\/b>.<\/p>\n<p class=\"mb20 mt30\">Allerdings blieb Union auch hier ohne Erfolg. Nach dem 1:1 gegen Winterthur musste sich der Bundesligist einen Tag sp\u00e4ter dem FC Aarau mit 1:2 geschlagen geben. Anschlie\u00dfend erhielten die Spieler wie geplant vom<b> 20. bis 26. Juli <\/b>ein paar Tage frei.<\/p>\n<p>Union Trainingslager leitet die finale Vorbereitungsphase ein<\/p>\n<p class=\"mb20 mt30\">Die finale Phase der Vorbereitung begann bei Union am 1. August mit dem <b>Testspiel gegen Dynamo Dresden<\/b>. Doch auch bei der Generalprobe des Zweitligisten hatte Union mit 1:2 das Nachsehen.<\/p>\n<p class=\"mb20 mt30\">Einen Tag sp\u00e4ter folgte gegen den italienischen Erstligisten <b>Cagliari Calcio<\/b> im Stadion An der Alten F\u00f6rsterei der n\u00e4chste H\u00e4rtetest. Da die Eisernen erst in die Schlussphase aufwachten, reichte es nur zu einem <b>2:2<\/b>. Damit wartet man auch im sechsten Testspiel in Serie auf einen Erfolg.<\/p>\n<p class=\"mb20 mt30\">Direkt danach reist die Mannschaft ins einzige <b>Trainingslager <\/b>des Sommers. Bis zum 10. August arbeitet Union in Aigen im Ennstal in der Steiermark an der Integration der <a href=\"https:\/\/www.fussballdaten.de\/news\/offiziell-union-berlin-verpflichtet-21-millionen-stuermer-viel\/\" target=\"_blank\" rel=\"nofollow noopener\">Neuzug\u00e4nge <\/a>und den letzten Abstimmungen f\u00fcr die neue Saison.<\/p>\n<p class=\"mb20 mt30\">Neben \u00f6ffentlichen Trainingseinheiten und Fantreffen ist f\u00fcr den 9. August noch ein Testspiel gegen den griechischen Erstligisten <b>Aris Limassol<\/b> angesetzt.<\/p>\n<p>Saisoner\u00f6ffnung gegen internationalen Gegner<\/p>\n<p class=\"mb20 mt30\">Nach der R\u00fcckkehr aus \u00d6sterreich bleibt nur wenig Zeit bis zum letzten gro\u00dfen Test vor dem Pflichtspielstart. Am 15. August l\u00e4dt Union Berlin zur <b>offiziellen Saisoner\u00f6ffnung <\/b>ins Stadion An der Alten F\u00f6rsterei ein. Gegner ist kein Geringer als<b> Inter Mailand<\/b>.<\/p>\n<p class=\"mb20 mt30\">Das traditionelle Vorbereitungsspiel bildet gleichzeitig den Abschluss des Sommerfahrplans. Mit Inter Mailand wartet aber auch auf sportlicher Ebene ein echter H\u00e4rtetest auf die Eisernen.<\/p>\n<p>DFB-Pokal und Bundesliga-Auftakt<\/p>\n<p class=\"mb20 mt30\">Nach rund sieben Wochen Vorbereitung beginnt f\u00fcr Union Berlin die Saison 2026\/27 mit der ersten Runde des DFB-Pokals. Am <b>23. August <\/b>muss die Mannschaft bei <b>Eintracht Braunschweig<\/b> antreten.<\/p>\n<p class=\"mb20 mt30\">Eine Woche sp\u00e4ter startet die Bundesliga. Am<b> 29. August<\/b> empfangen die Eisernen <b>Eintracht Frankfurt<\/b> zum 1. Spieltag und sind damit von Beginn an gefordert.<\/p>\n<p><br class=\"mb20 mt30\"\/><\/p>\n","protected":false},"excerpt":{"rendered":"Der Union Berlin Sommerfahrplan 2026 auf einen Blick 29. Juni: Medizinische und sportliche Leistungstests 1. Juli: Erstes Training&hellip;\n","protected":false},"author":2,"featured_media":1216008,"comment_status":"","ping_status":"","sticky":false,"template":"","format":"standard","meta":{"footnotes":"","_share_on_mastodon":"0"},"categories":[1825],"tags":[297,104304,296,299,6178,29,12438,30,9007,220143],"class_list":["post-1216007","post","type-post","status-publish","format-standard","has-post-thumbnail","category-berlin","tag-1-fc-union-berlin","tag-aris-limassol","tag-berlin","tag-bundesliga","tag-chemnitzer-fc","tag-deutschland","tag-fc-carl-zeiss-jena","tag-germany","tag-inter-mailand","tag-mauro-lustrinelli"],"share_on_mastodon":{"url":"https:\/\/pubeurope.com\/@de\/117040267129052915","error":""},"_links":{"self":[{"href":"https:\/\/www.europesays.com\/de\/wp-json\/wp\/v2\/posts\/1216007","targetHints":{"allow":["GET"]}}],"collection":[{"href":"https:\/\/www.europesays.com\/de\/wp-json\/wp\/v2\/posts"}],"about":[{"href":"https:\/\/www.europesays.com\/de\/wp-json\/wp\/v2\/types\/post"}],"author":[{"embeddable":true,"href":"https:\/\/www.europesays.com\/de\/wp-json\/wp\/v2\/users\/2"}],"replies":[{"embeddable":true,"href":"https:\/\/www.europesays.com\/de\/wp-json\/wp\/v2\/comments?post=1216007"}],"version-history":[{"count":0,"href":"https:\/\/www.europesays.com\/de\/wp-json\/wp\/v2\/posts\/1216007\/revisions"}],"wp:featuredmedia":[{"embeddable":true,"href":"https:\/\/www.europesays.com\/de\/wp-json\/wp\/v2\/media\/1216008"}],"wp:attachment":[{"href":"https:\/\/www.europesays.com\/de\/wp-json\/wp\/v2\/media?parent=1216007"}],"wp:term":[{"taxonomy":"category","embeddable":true,"href":"https:\/\/www.europesays.com\/de\/wp-json\/wp\/v2\/categories?post=1216007"},{"taxonomy":"post_tag","embeddable":true,"href":"https:\/\/www.europesays.com\/de\/wp-json\/wp\/v2\/tags?post=1216007"}],"curies":[{"name":"wp","href":"https:\/\/api.w.org\/{rel}","templated":true}]}}