{"id":1216024,"date":"2026-08-05T01:30:25","date_gmt":"2026-08-05T01:30:25","guid":{"rendered":"https:\/\/www.europesays.com\/de\/1216024\/"},"modified":"2026-08-05T01:30:25","modified_gmt":"2026-08-05T01:30:25","slug":"wacken-bier-von-bekannter-marke-faellt-bei-vielen-durch-camper-verschenken-vorraete-8","status":"publish","type":"post","link":"https:\/\/www.europesays.com\/de\/1216024\/","title":{"rendered":"Wacken-Bier von bekannter Marke f\u00e4llt bei vielen durch, Camper verschenken Vorr\u00e4te"},"content":{"rendered":"<ol class=\"id-DonaldBreadcrumb lp_west_breadcrumb id-DonaldBreadcrumb--default\" data-k5a-pos=\"west_breadcrumb\">\n<li class=\"id-Breadcrumb-item\"><a href=\"https:\/\/www.merkur.de\/\" class=\"id-Breadcrumb-link\" data-id-ec=\"{\" shn=\"\" textlink=\"\" data-k5a-pos=\"1_startseite\" rel=\"nofollow noopener\" target=\"_blank\">Startseite<\/a><\/li>\n<li class=\"id-Breadcrumb-item\"><a href=\"https:\/\/www.merkur.de\/deutschland\/\" class=\"id-Breadcrumb-link\" data-id-ec=\"{\" shn=\"\" textlink=\"\" data-k5a-pos=\"2_deutschland\" rel=\"nofollow noopener\" target=\"_blank\">Deutschland<\/a><\/li>\n<\/ol>\n<p class=\"id-Story-timestamp id-Story-timestamp--default\">Stand: 04.08.2026, 18:56 Uhr<\/p>\n<p class=\"id-Story-authors id-Story-authors--default\">Von: <a class=\"id-Story-authors-link lp_west_author\" href=\"https:\/\/www.merkur.de\/autor\/armin-t-linder-xawko36mq.html\" title=\"Zur Autorenseite von Armin T. Linder\" data-id-ec=\"{\" shn=\"\" author-link=\"\" t.=\"\" linder=\"\" data-k5a-pos=\"west_author\" rel=\"nofollow noopener\" target=\"_blank\">Armin T. Linder<\/a><\/p>\n<p class=\"id-Story-interactionBar id-Story-interactionBar--default\">DruckenTeilen<\/p>\n<p><a href=\"https:\/\/profile.google.com\/cp\/CgsvZy8xODdjY3p3choA\" class=\"id-Story-googleFollowButton id-Story-googleFollowButton--default\" target=\"_blank\" data-id-ec=\"{\" shn=\"\" google-follow=\"\" auf=\"\" google=\"\" folgen=\"\" rel=\"nofollow noopener\">Uns auf Google folgen<\/a><\/p>\n<p class=\"id-StoryElement-leadText\">Beim Wacken Open Air 2026 wird eine andere Marke ausgeschenkt als zuvor \u2013 und die schmeckt nicht allen. Besucher verschenken sogar ihre Vorr\u00e4te.<\/p>\n<p class=\"id-StoryElement-paragraph\">Wacken \u2013 Einiges ist neu beim Wacken Open Air 2026, das am Sonntag (26.7.) f\u00fcr die Besucher ge\u00f6ffnet wurde und am Mittwoch (29.7.) ins Hauptprogramm gestartet ist. Was vielen Besuchern gleich aufgefallen sein d\u00fcrfte: Die Veranstalter haben nach eigenen Angaben deutlich mehr als 500.000 Euro in die Befestigung von Wegen investiert, unter anderem in einen 850 Meter langen Schotterweg, vor allem f\u00fcr Rettungskr\u00e4fte. Eine Ma\u00dfnahme, die sicherlich wohlwollend aufgenommen wird.<\/p>\n<p><img decoding=\"async\" class=\"id-RatioPlaceholder-element wv_story_el_image\" src=\"https:\/\/www.europesays.com\/de\/wp-content\/uploads\/2026\/07\/43533372-nicht-allen-wacken-besuchern-schmeckt-das-neue-bier-2lO5rhupcDBG.jpg\" loading=\"lazy\"   height=\"668\" width=\"1100\" alt=\"Nicht allen Wacken-Besuchern schmeckt das neue Bier.\"\/>Nicht allen Wacken-Besuchern schmeckt das neue Bier. \u00a9\u00a0IMAGO\/Dirk Jacobs<\/p>\n<p class=\"id-StoryElement-paragraph\">Auch neu ist die Biermarke, die in Wacken ausgeschenkt wird. 2025 wurde noch Krombacher serviert. 2026 machten die Metal-Fans mit etwas anderem Bekanntschaft: Das Bud von Anheuser-Busch steht oben auf der Getr\u00e4nkekarte \u2013 einer Weltmarke, seit vielen Jahren FIFA-Partner etwa f\u00fcr die Fu\u00dfball-Weltmeisterschaften. Doch bei Wacken kommt es nun gleich doppelt zu Diskussionen: <a href=\"https:\/\/www.merkur.de\/deutschland\/festival-kontert-wacken-fans-sauer-ueber-preisliste-zr-94418333.html\" class=\"id-import-Link\" data-id-ec=\"{&quot;sht&quot;:&quot;Container&quot;,&quot;shn&quot;:&quot;Story&quot;,&quot;p&quot;:{&quot;containerType&quot;:&quot;Paragraph&quot;,&quot;displayType&quot;:&quot;Paragraph InlineLink&quot;,&quot;type&quot;:&quot;INLINE_LINK&quot;,&quot;value&quot;:&quot;Die Preise machten einige stinksauer, auch wenn die Veranstalter die Kosten pro Liter sogar gesenkt haben&quot;,&quot;variant&quot;:&quot;standardLink&quot;,&quot;sponsored&quot;:false,&quot;linkHref&quot;:&quot;https:\/\/www.merkur.de\/deutschland\/festival-kontert-wacken-fans-sauer-ueber-preisliste-zr-94418333.html&quot;,&quot;storyElementPosition&quot;:11,&quot;storyElementCount&quot;:24}}\" rel=\"nofollow noopener\" target=\"_blank\">Die Preise machten einige stinksauer, auch wenn die Veranstalter die Kosten pro Liter sogar gesenkt haben<\/a> und diese auf dem Niveau anderer Gro\u00dffestivals liegen. F\u00fcr rege Meinungs\u00e4u\u00dferungen sorgt auch das Bier selbst.<\/p>\n<p>Anheuser-Busch Bud neu bei Wacken \u2013 Bier sorgt f\u00fcr gespaltene Reaktionen<\/p>\n<p class=\"id-StoryElement-paragraph\">Vielen wird das Anheuser-Busch Bud sicherlich schmecken \u2013 nur d\u00fcrften sich die weit weniger zu Wort melden als jene, denen es nicht mundet. Das gilt es im Hinterkopf zu beachten bei all dem Gemecker, das laut wird, etwa in einer gro\u00dfen Facebook-Gruppe zum Wacken Open Air. Dort wird es sogar in einem Posting skurril: Ein User zeigt eine Palette Dosen des Anheuser-Busch Bud, die er sich besorgt hat. Dazu schreibt er: \u201eZu verschenken, alle oder einzeln, einfach bedienen oder f\u00fcr eine kleine Spende z.B. Bembel, wie ihr m\u00f6gt. Hab\u2019s versucht aber die Pl\u00f6rre kann ich nicht trinken.\u201c Dazu nennt er den genauen Camping-Ort, an dem das ungeliebte Bier abzuholen ist.<\/p>\n<p><img decoding=\"async\" class=\"id-RatioPlaceholder-element wv_story_el_image\" src=\"https:\/\/www.europesays.com\/de\/wp-content\/uploads\/2026\/07\/43533214-das-posting-aus-einer-grossen-wacken-facebook-gruppe-2E8bT5DqiVBG.jpg\" loading=\"lazy\"   height=\"619\" width=\"1100\" alt=\"Das Posting aus einer gro&#xDF;en Wacken-Facebook-Gruppe.\"\/>Das Posting aus einer gro\u00dfen Wacken-Facebook-Gruppe. \u00a9\u00a0Facebook<\/p>\n<p class=\"id-StoryElement-paragraph\">Das sieht mancher als Anlass, sich \u00fcber den Geschmack des Biers auszulassen. \u201eDieses Bier schmeckt wie eingeschlafene F\u00fc\u00dfe. Unfassbar, wie man so ein Bier den Leuten versetzen kann\u201c, hei\u00dft es, au\u00dferdem \u201eGeschenkt noch zu teuer. Sorry\u201c, \u201eDas Bier ist Wacken-Untergang\u201c und \u201eSorry, das ist eine Frechheit. Ich hoffe, der Bierkonsum bricht ein\u201c. Andere bieten an, die Dosen kostenpflichtig zu entsorgen. Oder schlagen vor, eine Sammelstelle einzurichten. Auch bei anderen Postings wird der Unmut \u00fcber den Geschmack des Biers kundgetan.<\/p>\n<p>Wacken startet: So sah das Festival jedoch 1991 aus \u2013 die Bilder<img decoding=\"async\" class=\"id-RatioPlaceholder-element wv_story_el_interstitialImage\" src=\"https:\/\/www.europesays.com\/de\/wp-content\/uploads\/2026\/07\/43504159-eindruecke-vom-wacken-open-air-1991-1Cfe.jpg\" loading=\"lazy\"   height=\"1350\" width=\"2400\" alt=\"Eindr&#xFC;cke vom Wacken Open Air 1991\"\/><a href=\"https:\/\/www.kreiszeitung.de\/lokales\/schleswig-holstein\/wacken-startet-so-sah-das-festival-jedoch-1991-aus-die-bilder-93886611.html\" class=\"id-StoryElement-intestitialLink-link\" data-id-ec=\"{\" shn=\"\" ansehen=\"\" data-k5a-pos=\"west_story_17_photoGalleryLink\" title=\"Zur Fotostrecke: Wacken startet: So sah das Festival jedoch 1991 aus &#x2013; die Bilder\" rel=\"nofollow noopener\" target=\"_blank\">Fotostrecke ansehen<\/a><\/p>\n<p class=\"id-StoryElement-paragraph\">F\u00e4llt das neue Wacken-Bier bei allen durch? Nein! \u201eLeute das ist Jammern auf hohem Niveau. F\u00fcr mich war Krombacher die absolute Fehlentscheidung. Und es ging trotzdem weiter\u201c, so ein Kommentar. \u201eEs ist tausendmal besser als Krombacher\u201c ein weiterer. Und ein dritter: \u201eFind\u2018s ja funny, genau die gleichen Kommentare waren wegen Krombacher auch schon. H\u00f6rt auf zu meckern.\u201c<\/p>\n<p>Gemecker \u00fcber Wacken-Bier kommt wenig \u00fcberraschend<\/p>\n<p class=\"id-StoryElement-paragraph\">Insofern: Egal, welche Biermarke auf Krombacher gefolgt w\u00e4re, sie h\u00e4tte wohl Motzerei auf sich gezogen. Ein Experte von bierprobierer.com lobt das Bud von Anheuser-Busch zwar auch nicht in den h\u00f6chsten T\u00f6nen, f\u00e4llt aber ein neutrales Urteil. Er verkostete die FIFA-Edition und meint: \u201eEs ist das klassische Massenbier, das m\u00f6glichst viele Geschm\u00e4cker bedienen soll.\u201c Mit einem deutschen Hellen k\u00f6nne es nicht mithalten. \u201eDennoch muss ich zugeben: Es schmeckt besser als erwartet.\u201c<\/p>\n<p class=\"id-StoryElement-paragraph\">Auf tastingwithmatze.de kommt der Blogger zum Schluss, es sei \u201eein extrem unkomplizierter Durstl\u00f6scher mit maximaler Drinkability f\u00fcr Public Viewing, Grillen und Stadion-Atmosph\u00e4re .\u201c Das relativiert die Kritik einiger Wacken-Fans bei Facebook. Und so ein bisschen geh\u00f6rt das Meckern \u00fcbers Bier bei einem gro\u00dfen Festival auch zum guten Ton. <a href=\"https:\/\/www.merkur.de\/deutschland\/wacken-besucher-sauer-das-teuerste-fruehstueck-was-ich-je-bezahlt-habe-93861245.html\" class=\"id-import-Link\" data-id-ec=\"{&quot;sht&quot;:&quot;Container&quot;,&quot;shn&quot;:&quot;Story&quot;,&quot;p&quot;:{&quot;containerType&quot;:&quot;Paragraph&quot;,&quot;displayType&quot;:&quot;Paragraph InlineLink&quot;,&quot;type&quot;:&quot;INLINE_LINK&quot;,&quot;value&quot;:&quot;Im Vorjahr gab es skurrile Diskussionen zu einem Wacken-Fr&#xFC;hst&#xFC;ck&quot;,&quot;variant&quot;:&quot;standardLink&quot;,&quot;sponsored&quot;:false,&quot;linkHref&quot;:&quot;https:\/\/www.merkur.de\/deutschland\/wacken-besucher-sauer-das-teuerste-fruehstueck-was-ich-je-bezahlt-habe-93861245.html&quot;,&quot;storyElementPosition&quot;:24,&quot;storyElementCount&quot;:24}}\" rel=\"nofollow noopener\" target=\"_blank\">Im Vorjahr gab es skurrile Diskussionen zu einem Wacken-Fr\u00fchst\u00fcck<\/a>. (Quellen: Facebook, bierprobierer.com, tastingwithmatze.de) (lin)<\/p>\n","protected":false},"excerpt":{"rendered":"Startseite Deutschland Stand: 04.08.2026, 18:56 Uhr Von: Armin T. Linder DruckenTeilen Uns auf Google folgen Beim Wacken Open&hellip;\n","protected":false},"author":2,"featured_media":1203038,"comment_status":"","ping_status":"","sticky":false,"template":"","format":"standard","meta":{"footnotes":"","_share_on_mastodon":"0"},"categories":[155],"tags":[29,214,30,215],"class_list":["post-1216024","post","type-post","status-publish","format-standard","has-post-thumbnail","category-unterhaltung","tag-deutschland","tag-entertainment","tag-germany","tag-unterhaltung"],"share_on_mastodon":{"url":"https:\/\/pubeurope.com\/@de\/117040320886445402","error":""},"_links":{"self":[{"href":"https:\/\/www.europesays.com\/de\/wp-json\/wp\/v2\/posts\/1216024","targetHints":{"allow":["GET"]}}],"collection":[{"href":"https:\/\/www.europesays.com\/de\/wp-json\/wp\/v2\/posts"}],"about":[{"href":"https:\/\/www.europesays.com\/de\/wp-json\/wp\/v2\/types\/post"}],"author":[{"embeddable":true,"href":"https:\/\/www.europesays.com\/de\/wp-json\/wp\/v2\/users\/2"}],"replies":[{"embeddable":true,"href":"https:\/\/www.europesays.com\/de\/wp-json\/wp\/v2\/comments?post=1216024"}],"version-history":[{"count":0,"href":"https:\/\/www.europesays.com\/de\/wp-json\/wp\/v2\/posts\/1216024\/revisions"}],"wp:featuredmedia":[{"embeddable":true,"href":"https:\/\/www.europesays.com\/de\/wp-json\/wp\/v2\/media\/1203038"}],"wp:attachment":[{"href":"https:\/\/www.europesays.com\/de\/wp-json\/wp\/v2\/media?parent=1216024"}],"wp:term":[{"taxonomy":"category","embeddable":true,"href":"https:\/\/www.europesays.com\/de\/wp-json\/wp\/v2\/categories?post=1216024"},{"taxonomy":"post_tag","embeddable":true,"href":"https:\/\/www.europesays.com\/de\/wp-json\/wp\/v2\/tags?post=1216024"}],"curies":[{"name":"wp","href":"https:\/\/api.w.org\/{rel}","templated":true}]}}