{"id":1216060,"date":"2026-08-05T01:53:49","date_gmt":"2026-08-05T01:53:49","guid":{"rendered":"https:\/\/www.europesays.com\/de\/1216060\/"},"modified":"2026-08-05T01:53:49","modified_gmt":"2026-08-05T01:53:49","slug":"bielefelds-wohl-erstes-open-air-saunafest-aber-bitte-angezogen-kommen","status":"publish","type":"post","link":"https:\/\/www.europesays.com\/de\/1216060\/","title":{"rendered":"Bielefelds wohl erstes Open-Air-Saunafest \u2013 aber bitte angezogen kommen"},"content":{"rendered":"<p id=\"absatz1\" class=\"em_text\">Bielefeld-Hillegossen. Wer bei einem Saunafest automatisch an Bademantel, Schlappen und ein gro\u00dfes Handtuch denkt, kann all das am 8. August getrost zu Hause lassen. Beim vermutlich ersten Open-Air-Saunafest Bielefelds sollten die Besucher vollst\u00e4ndig bekleidet erscheinen. Aufg\u00fcsse sind ebenso wenig vorgesehen wie unbekleidete Saunag\u00e4nge. Stattdessen wollen Daniel und Dorina Heinzmann zeigen, was sich aus Holz, handwerklichem K\u00f6nnen und sehr individuellen Vorstellungen alles bauen l\u00e4sst.<\/p>\n<p id=\"absatz2\" class=\"em_text\">Von 13 bis 18 Uhr l\u00e4dt ihr Hillegosser Unternehmen Woodsense auf eine Wiese unmittelbar neben dem Betriebsgel\u00e4nde ein. Vier oder f\u00fcnf Saunen sowie zwei Pools sollen dort aufgebaut werden. Dazu gibt es Waffeln, Kaffee und Kaltgetr\u00e4nke. Fachvortr\u00e4ge sind dagegen nicht geplant. \u201eDer Hauptfokus liegt darauf, dass man zusammenkommt\u201c, sagt Daniel Heinzmann. Es solle kein gro\u00dfes Volksfest und kein Rummel werden, sondern eher ein \u201eComing together\u201c. Beratung zum Thema Sauna geh\u00f6rt dazu, Fachvortr\u00e4ge sind dagegen nicht geplant. Es soll famili\u00e4r werden \u2013 genau so, wie es das Unternehmen selbst auch ist.<\/p>\n<p id=\"absatz3\"><b class=\"bold\">Lesen Sie auch: <\/b><a href=\"https:\/\/www.nw.de\/nachrichten\/panorama\/23951521_Von-Schneekabine-bis-Finnische-Sauna-Die-neun-besten-Saunen-in-OWL-v1.html\" rel=\"nofollow noopener\" target=\"_blank\">Von der Finnischen Sauna bis zur Schneekabine: Die neun besten Saunen in OWL | nw.de<\/a><\/p>\n<p id=\"absatz4\" class=\"em_text\">Woodsense wurde 2016 gegr\u00fcndet und hat sich auf den individuellen Saunabau spezialisiert. Daniel Heinzmann ist gelernter Tischler und hat einen Masterabschluss im Bereich Holz- und Werkstofftechnologie. Klassischer M\u00f6belbau habe ihn nie sonderlich gereizt. \u201eIch hatte keinen Bock auf Spanplatten und Kleister\u201c, sagt er. Massivholz sei etwas anderes.<\/p>\n<p>\n        \u00d7\n    <\/p>\n<p>\n            Sie erhalten in wenigen Minuten eine E-Mail zur Best\u00e4tigung Ihrer Anmeldung.\n        <\/p>\n<p>Erst danach ist diese abgeschlossen.<\/p>\n<p>Bitte pr\u00fcfen Sie auch den Spam-Ordner.<\/p>\n<p>\n        \u00d7\n    <\/p>\n<p>\n            Sie haben bisher Ihre E-Mail-Adresse noch nicht best\u00e4tigt.\n        <\/p>\n<p>Erst danach ist diese abgeschlossen.<\/p>\n<p>Bitte pr\u00fcfen Sie auch den Spam-Ordner.<\/p>\n<p>\n        \u00d7\n    <\/p>\n<p>\n            Es ist einen Fehler aufgetreten\n        <\/p>\n<p>Bei Fragen hilft unser Newsletter-Support<\/p>\n<p> Newsletter<\/p>\n<p> Aus Bielefeld<\/p>\n<p>W\u00f6chentliche News direkt aus der Redaktion Bielefeld.<\/p>\n<p>                Jetzt anmelden<\/p>\n<p>Teuerste Sauna kostete rund 60.000 Euro<\/p>\n<p id=\"absatz5\" class=\"em_text\">Weil Heinzmann selbst gern sauniert, suchte er sich einen Bereich, der ihm Spa\u00df machte. Nach den ersten Projekten habe dann das eine das andere ergeben. Mittlerweile baut Woodsense Saunen f\u00fcr G\u00e4rten, Balkone, Dachterrassen und sogar f\u00fcr Bauwagen. \u201eWir haben schon tolle Projekte gemacht. Das Individuelle ist unsere St\u00e4rke.\u201cFast \u00fcberall lasse sich eine L\u00f6sung finden. Selbst eine nur einen mal einen Meter gro\u00dfe Sauna sei m\u00f6glich. Die Preise reichen laut Heinzmann von etwa 1.500 Euro bis weit nach oben. Im Durchschnitt kosteten die Anlagen rund 20.000 Euro, das bisher teuerste Projekt lag bei etwa 60.000 Euro.<\/p>\n<p id=\"absatz6\" class=\"em_text\">Zu den Referenzen geh\u00f6ren die VitaSol-Therme und die Mannschaftssauna von Arminia Bielefeld. Diese bietet Platz f\u00fcr 15 Personen und besitzt einen Vorraum sowie eine Wand aus Himalaya-Salzkristallen. Ein weiteres Projekt ist f\u00fcr den SC Verl geplant.<\/p>\n<p id=\"absatz7\"><b class=\"bold\">Lesen Sie auch: <\/b><a href=\"https:\/\/www.nw.de\/lokal\/bielefeld\/mitte\/24356768_Bielefelder-Saunafreunde-haben-drei-Monate-Zeit-Sauna-zu-retten-sonst-schliesst-sie.html\" rel=\"nofollow noopener\" target=\"_blank\">Bielefelder Saunafreunde haben drei Monate Zeit, Sauna zu retten \u2013 sonst schlie\u00dft sie | nw.de<\/a><\/p>\n<p id=\"absatz8\" class=\"em_text\">Die meisten Kunden kommen jedoch aus Bielefeld und der n\u00e4heren Umgebung. \u201eMan wundert sich, wie viele Menschen eine Sauna haben oder sich eine w\u00fcnschen\u201c, sagt Heinzmann. Mit Blick auf das Potenzial k\u00f6nnte Woodsense somit durchaus wachsen und expandieren. Darauf wird aber bewusst verzichtet: \u201eWir sind gerne ein kleines, gesundes und famili\u00e4res Unternehmen.\u201cDazu geh\u00f6rt auch der inklusive Ansatz. Das Unternehmen besch\u00e4ftigt Menschen mit Beeintr\u00e4chtigungen und will ihnen eine T\u00e4tigkeit im regul\u00e4ren Arbeitsleben erm\u00f6glichen. Arbeit, die Freude macht und Anerkennung schafft, sei f\u00fcr alle Menschen wichtig, sagen Daniel und Dorina Heinzmann.<\/p>\n<p>Saunatuch und Bademantel werden nicht ben\u00f6tigt<\/p>\n<p id=\"absatz9\" class=\"em_text\">Beim Saunafest k\u00f6nnen Besucher nun sehen, welche ungew\u00f6hnlichen Sauna-L\u00f6sungen in der Hillegosser Werkstatt entstehen. Saunatuch und Bademantel werden daf\u00fcr nicht ben\u00f6tigt: Normale Sommerkleidung d\u00fcrfte f\u00fcr Bielefelds wohl erstes Open-Air-Saunafest vollkommen ausreichen.<\/p>\n","protected":false},"excerpt":{"rendered":"Bielefeld-Hillegossen. Wer bei einem Saunafest automatisch an Bademantel, Schlappen und ein gro\u00dfes Handtuch denkt, kann all das am&hellip;\n","protected":false},"author":2,"featured_media":1216061,"comment_status":"","ping_status":"","sticky":false,"template":"","format":"standard","meta":{"footnotes":"","_share_on_mastodon":"0"},"categories":[1841],"tags":[71686,1605,252965,3364,29,252966,30,67986,72696,9311,1611,4280,198715,736,164252,9312,1613,1209,22059,14600,252963,252964],"class_list":["post-1216060","post","type-post","status-publish","format-standard","has-post-thumbnail","category-bielefeld","tag-bademantel","tag-bielefeld","tag-daniel-heinzmann","tag-de","tag-deutschland","tag-dorina-heinzmann","tag-germany","tag-hillegossen","tag-hochsommer","tag-label_familie-freizeit","tag-label_informiere-mich","tag-label_l-120","tag-meta_artikelklasse_nische","tag-meta_copyrights_nw","tag-meta_eo_zusammenfassung","tag-meta_themen_familie_bildung_freizeit","tag-meta_userneeds_informieremich","tag-nordrhein-westfalen","tag-owl","tag-sauna","tag-saunafest","tag-woodsense"],"share_on_mastodon":{"url":"https:\/\/pubeurope.com\/@de\/117040412468822610","error":""},"_links":{"self":[{"href":"https:\/\/www.europesays.com\/de\/wp-json\/wp\/v2\/posts\/1216060","targetHints":{"allow":["GET"]}}],"collection":[{"href":"https:\/\/www.europesays.com\/de\/wp-json\/wp\/v2\/posts"}],"about":[{"href":"https:\/\/www.europesays.com\/de\/wp-json\/wp\/v2\/types\/post"}],"author":[{"embeddable":true,"href":"https:\/\/www.europesays.com\/de\/wp-json\/wp\/v2\/users\/2"}],"replies":[{"embeddable":true,"href":"https:\/\/www.europesays.com\/de\/wp-json\/wp\/v2\/comments?post=1216060"}],"version-history":[{"count":0,"href":"https:\/\/www.europesays.com\/de\/wp-json\/wp\/v2\/posts\/1216060\/revisions"}],"wp:featuredmedia":[{"embeddable":true,"href":"https:\/\/www.europesays.com\/de\/wp-json\/wp\/v2\/media\/1216061"}],"wp:attachment":[{"href":"https:\/\/www.europesays.com\/de\/wp-json\/wp\/v2\/media?parent=1216060"}],"wp:term":[{"taxonomy":"category","embeddable":true,"href":"https:\/\/www.europesays.com\/de\/wp-json\/wp\/v2\/categories?post=1216060"},{"taxonomy":"post_tag","embeddable":true,"href":"https:\/\/www.europesays.com\/de\/wp-json\/wp\/v2\/tags?post=1216060"}],"curies":[{"name":"wp","href":"https:\/\/api.w.org\/{rel}","templated":true}]}}