{"id":1216086,"date":"2026-08-05T02:10:15","date_gmt":"2026-08-05T02:10:15","guid":{"rendered":"https:\/\/www.europesays.com\/de\/1216086\/"},"modified":"2026-08-05T02:10:15","modified_gmt":"2026-08-05T02:10:15","slug":"freizeit-circus-festival-startet-auf-dem-tempelhofer-feld-deutschland-welt","status":"publish","type":"post","link":"https:\/\/www.europesays.com\/de\/1216086\/","title":{"rendered":"Freizeit: \u00abCircus Festival\u00bb startet auf dem Tempelhofer Feld &#8211; Deutschland &#038; Welt"},"content":{"rendered":"<p>Berlin (dpa\/bb) \u2013 Auf dem Tempelhofer Feld startet zum zw\u00f6lften Mal das \u00abBerlin Circus Festival\u00bb. In diesem Jahr liegt ein Schwerpunkt auf Katalonien. Dabei sind auf dem Gel\u00e4nde des ehemaligen Flughafens am Platz der Luftbr\u00fccke vier Produktionen von K\u00fcnstlerinnen und K\u00fcnstlern aus der Region rund um Barcelona geplant, wie die Festivalveranstalter mitteilten.<\/p>\n<p>Die Kompanien F\u00e9mut, Eunoia Kolektiva, Totapedra und der Akrobat Manel Ros\u00e8s zeigen dann ihr K\u00f6nnen. Zu sehen sind unter anderem Trapezkunst, Akrobatik und Clownerie. Als akrobatisches Highlight gilt die Show \u00abTenet\u00bb, die vom 11. bis zum 13. August zu sehen sein soll. <\/p>\n<p>Insgesamt stehen beim \u00abBerlin Circus Festival\u00bb (5. bis 16. August) 20 Produktionen und insgesamt 53 Shows auf dem Programm. In vier Zelten und auf einer Open-Air-B\u00fchne sollen St\u00fccke aus gut einem Dutzend verschiedener L\u00e4nder gezeigt werden.<\/p>\n<p>\u00a9 dpa-infocom, dpa:260805-930-484870\/1<\/p>\n","protected":false},"excerpt":{"rendered":"Berlin (dpa\/bb) \u2013 Auf dem Tempelhofer Feld startet zum zw\u00f6lften Mal das \u00abBerlin Circus Festival\u00bb. In diesem Jahr&hellip;\n","protected":false},"author":2,"featured_media":1216087,"comment_status":"","ping_status":"","sticky":false,"template":"","format":"standard","meta":{"footnotes":"","_share_on_mastodon":"0"},"categories":[2],"tags":[331,3924,332,3922,296,3364,29,553,4532,2507,30,13,4823,14,3923,15,3921,12,6330],"class_list":["post-1216086","post","type-post","status-publish","format-standard","has-post-thumbnail","category-deutschland","tag-aktuelle-nachrichten","tag-aktuelle-nachrichten-aus-deutschland","tag-aktuelle-news","tag-aktuelle-news-aus-deutschland","tag-berlin","tag-de","tag-deutschland","tag-familie","tag-ferien","tag-freizeit","tag-germany","tag-headlines","tag-meldung","tag-nachrichten","tag-nachrichten-aus-deutschland","tag-news","tag-news-aus-deutschland","tag-schlagzeilen","tag-zirkus"],"share_on_mastodon":{"url":"","error":""},"_links":{"self":[{"href":"https:\/\/www.europesays.com\/de\/wp-json\/wp\/v2\/posts\/1216086","targetHints":{"allow":["GET"]}}],"collection":[{"href":"https:\/\/www.europesays.com\/de\/wp-json\/wp\/v2\/posts"}],"about":[{"href":"https:\/\/www.europesays.com\/de\/wp-json\/wp\/v2\/types\/post"}],"author":[{"embeddable":true,"href":"https:\/\/www.europesays.com\/de\/wp-json\/wp\/v2\/users\/2"}],"replies":[{"embeddable":true,"href":"https:\/\/www.europesays.com\/de\/wp-json\/wp\/v2\/comments?post=1216086"}],"version-history":[{"count":0,"href":"https:\/\/www.europesays.com\/de\/wp-json\/wp\/v2\/posts\/1216086\/revisions"}],"wp:featuredmedia":[{"embeddable":true,"href":"https:\/\/www.europesays.com\/de\/wp-json\/wp\/v2\/media\/1216087"}],"wp:attachment":[{"href":"https:\/\/www.europesays.com\/de\/wp-json\/wp\/v2\/media?parent=1216086"}],"wp:term":[{"taxonomy":"category","embeddable":true,"href":"https:\/\/www.europesays.com\/de\/wp-json\/wp\/v2\/categories?post=1216086"},{"taxonomy":"post_tag","embeddable":true,"href":"https:\/\/www.europesays.com\/de\/wp-json\/wp\/v2\/tags?post=1216086"}],"curies":[{"name":"wp","href":"https:\/\/api.w.org\/{rel}","templated":true}]}}