{"id":1216336,"date":"2026-08-05T04:50:15","date_gmt":"2026-08-05T04:50:15","guid":{"rendered":"https:\/\/www.europesays.com\/de\/1216336\/"},"modified":"2026-08-05T04:50:15","modified_gmt":"2026-08-05T04:50:15","slug":"ortsvorsteher-wissmann-wird-80-jahre-alt-ludwigshafen","status":"publish","type":"post","link":"https:\/\/www.europesays.com\/de\/1216336\/","title":{"rendered":"Ortsvorsteher Wi\u00dfmann wird 80 Jahre alt &#8211; Ludwigshafen"},"content":{"rendered":"<p class=\"rhp-dpa-teaser\"><b>Wilhelm Wi\u00dfmann, Ortsvorsteher von Rheing\u00f6nheim und Mitglied des Ludwigshafener Stadtrats, feiert am 5. August seinen 80. Geburtstag.<\/b><\/p>\n<p>Wi\u00dfmann ist seit 2014 Mitglied der CDU und seit Mai 2017 Ortsvorsteher in <a class=\"rtr-entity\" data-rtr-entity=\"Rheing\u00f6nheim\" data-rtr-id=\"7176624403b1127012d36b8ee495c728e2b89f1c\" data-rtr-score=\"98.46852517985612\" data-rtr-etype=\"location\" data-rtr-index=\"4\" href=\"https:\/\/www.rheinpfalz.de\/themen\/ludwigshafen-rheingoenheim\" rel=\"nofollow noopener\" target=\"_blank\">Rheing\u00f6nheim<\/a>. Dem Ludwigshafener Stadtrat geh\u00f6rt er seit 2024 an. Der gelernte G\u00e4rtnermeister stammt aus Rheing\u00f6nheim und lebt seit seiner Geburt dort. Nach einer G\u00e4rtnerlehre in Freising\/Weihenstephan legte er 1972 die Meisterpr\u00fcfung ab und erhielt 2022 den Goldenen Meisterbrief.<\/p>\n<p class=\"rhp-teaser\"><b>Wilhelm Wi\u00dfmann, Ortsvorsteher von Rheing\u00f6nheim und Mitglied des Ludwigshafener Stadtrats, feiert am 5. August seinen 80. Geburtstag.<\/b><\/p>\n","protected":false},"excerpt":{"rendered":"Wilhelm Wi\u00dfmann, Ortsvorsteher von Rheing\u00f6nheim und Mitglied des Ludwigshafener Stadtrats, feiert am 5. August seinen 80. Geburtstag. Wi\u00dfmann&hellip;\n","protected":false},"author":2,"featured_media":1216337,"comment_status":"","ping_status":"","sticky":false,"template":"","format":"standard","meta":{"footnotes":"","_share_on_mastodon":"0"},"categories":[1845],"tags":[1634,31,3364,29,548,663,3934,15139,94396,30,13,4060,25476,2096,14,15,44981,12,15138],"class_list":["post-1216336","post","type-post","status-publish","format-standard","has-post-thumbnail","category-mannheim","tag-baden-wuerttemberg","tag-cdu","tag-de","tag-deutschland","tag-eu","tag-europa","tag-europe","tag-freising","tag-germania-fluggesellschaft","tag-germany","tag-headlines","tag-lokal","tag-ludwigshafen","tag-mannheim","tag-nachrichten","tag-news","tag-rheingoenheim","tag-schlagzeilen","tag-weihenstephan"],"share_on_mastodon":{"url":"https:\/\/pubeurope.com\/@de\/117041105393688403","error":""},"_links":{"self":[{"href":"https:\/\/www.europesays.com\/de\/wp-json\/wp\/v2\/posts\/1216336","targetHints":{"allow":["GET"]}}],"collection":[{"href":"https:\/\/www.europesays.com\/de\/wp-json\/wp\/v2\/posts"}],"about":[{"href":"https:\/\/www.europesays.com\/de\/wp-json\/wp\/v2\/types\/post"}],"author":[{"embeddable":true,"href":"https:\/\/www.europesays.com\/de\/wp-json\/wp\/v2\/users\/2"}],"replies":[{"embeddable":true,"href":"https:\/\/www.europesays.com\/de\/wp-json\/wp\/v2\/comments?post=1216336"}],"version-history":[{"count":0,"href":"https:\/\/www.europesays.com\/de\/wp-json\/wp\/v2\/posts\/1216336\/revisions"}],"wp:featuredmedia":[{"embeddable":true,"href":"https:\/\/www.europesays.com\/de\/wp-json\/wp\/v2\/media\/1216337"}],"wp:attachment":[{"href":"https:\/\/www.europesays.com\/de\/wp-json\/wp\/v2\/media?parent=1216336"}],"wp:term":[{"taxonomy":"category","embeddable":true,"href":"https:\/\/www.europesays.com\/de\/wp-json\/wp\/v2\/categories?post=1216336"},{"taxonomy":"post_tag","embeddable":true,"href":"https:\/\/www.europesays.com\/de\/wp-json\/wp\/v2\/tags?post=1216336"}],"curies":[{"name":"wp","href":"https:\/\/api.w.org\/{rel}","templated":true}]}}