{"id":1216432,"date":"2026-08-05T05:50:19","date_gmt":"2026-08-05T05:50:19","guid":{"rendered":"https:\/\/www.europesays.com\/de\/1216432\/"},"modified":"2026-08-05T05:50:19","modified_gmt":"2026-08-05T05:50:19","slug":"spd-weit-abgeschlagen-umfrage-sieht-linke-in-berlin-vorn-cdu-auf-platz-zwei","status":"publish","type":"post","link":"https:\/\/www.europesays.com\/de\/1216432\/","title":{"rendered":"SPD weit abgeschlagen: Umfrage sieht Linke in Berlin vorn &#8211; CDU auf Platz zwei"},"content":{"rendered":"<p>SPD weit abgeschlagenUmfrage sieht Linke in Berlin vorn &#8211; CDU auf Platz zwei<\/p>\n<p>05.08.2026, 07:04 Uhr <\/p>\n<p>Artikel anh\u00f6ren(02:27 min)<\/p>\n<p><img decoding=\"async\" class=\"Image_img__fQCi0 Image_Img_16_9__4BLfH widget-picture-inline_maximizable__t_E7h\" loading=\"eager\" fetchpriority=\"high\" src=\"https:\/\/www.europesays.com\/de\/wp-content\/uploads\/2026\/08\/02-08-2026-Berlin-Elif-Eralp-Spitzenkandidatin-von-Die-Linke-fuer-die-Berliner-Abgeordnetenhauswahl-.webp\" alt=\"02-08-2026-Berlin-Elif-Eralp-Spitzenkandidatin-von-Die-Linke-fuer-die-Berliner-Abgeordnetenhauswahl-haengt-zum-Start-der-Wahlkampfplakatierung-fuer-die-Berliner-Abgeordnetenhauswahl-am-20-September-2026-an-der-Skalitzer-Strasse-in-Kreuzberg-ein-Plakat-auf\"\/>Linken-Spitzenkandidatin Elif Eralp h\u00e4ngt ein Wahlplakat von sich auf. (Foto: dpa)TeilenFolgen auf:<a href=\"https:\/\/www.whatsapp.com\/channel\/0029Va5cdVJD8SDp5YZgYF01\" title=\"Auf WhatsApp folgen\" target=\"_blank\" rel=\"nofollow noopener\"><img decoding=\"async\" src=\"https:\/\/www.n-tv.de\/socialIcons\/whatsapp.svg\" alt=\"whatsapp\" class=\"ArticleShare_icon__FsrC2\"\/><\/a><a href=\"https:\/\/www.google.com\/preferences\/source?q=n-tv.de\" title=\"ntv als bevorzugte Quelle auf Google hinzuf\u00fcgen\" target=\"_blank\" rel=\"nofollow noopener\"><img decoding=\"async\" src=\"https:\/\/www.n-tv.de\/socialIcons\/google.svg\" alt=\"whatsapp\" class=\"ArticleShare_icon__FsrC2\"\/><\/a><\/p>\n<p class=\"Typography_text-m__XI0da Typography_weight-bold__uT6mq storyline_lead_text_leadtext__q_wg8\">Die Abgeordnetenhauswahl in Berlin r\u00fcckt n\u00e4her, und es d\u00fcrfte spannend werden. Laut einer Umfrage liegt die Linke zwar auf Platz eins. Doch der Abstand zu anderen Parteien ist nicht so gro\u00df.<\/p>\n<p class=\"Typography_text-default__P3otY Typography_weight-normal__pqUbH storyline_paragraph_p__qSR5N\">Rund eineinhalb Monate vor der Abgeordnetenhauswahl liegt die Linke laut einer aktuellen repr\u00e4sentativen Umfrage vorn. Wenn am n\u00e4chsten Sonntag gew\u00e4hlt w\u00fcrde, k\u00e4me die Partei nach der Befragung des Meinungsforschungsinstituts Civey im Auftrag des &#8222;Tagesspiegel&#8220; auf 21 Prozent. Das sind 2 Prozentpunkte mehr als bei der Civey-Umfrage Anfang Juli. Die Berliner CDU landete mit unver\u00e4ndert 19 Prozent auf Platz zwei.<\/p>\n<p class=\"Typography_text-default__P3otY Typography_weight-normal__pqUbH storyline_paragraph_p__qSR5N\">Dahinter folgt mit 18 Prozent die AfD (plus 1 Prozentpunkt). Die Gr\u00fcnen kommen den Daten zufolge unver\u00e4ndert auf 17 Prozent. Mit 12 Prozent (minus 1 Prozentpunkt) liegt die Berliner SPD noch deutlich dahinter.<\/p>\n<p class=\"Typography_text-default__P3otY Typography_weight-normal__pqUbH storyline_paragraph_p__qSR5N\">Jeweils drei Prozent der Befragten w\u00fcrden FDP und BSW w\u00e4hlen, wenn am Sonntag Abgeordnetenhauswahl w\u00e4re. Beide Parteien w\u00fcrden damit nach derzeitigem Stand den Einzug ins Abgeordnetenhaus verpassen. An der Umfrage haben sich im Zeitraum vom 20. Juli bis 3. August den Angaben zufolge rund 3000 Personen beteiligt. Die maximale Fehlertoleranz liegt bei 3,5 Prozentpunkten.<\/p>\n<p class=\"Typography_text-default__P3otY Typography_weight-normal__pqUbH storyline_paragraph_p__qSR5N\">Bei einer ebenfalls repr\u00e4sentativen, am 23. Juli ver\u00f6ffentlichten Insa-Umfrage lag die AfD vorn. Sie kam bei der Sonntagsfrage auf 19 Prozent. CDU und Linke folgten mit jeweils 18 Prozent dicht dahinter. Die Gr\u00fcnen erreichten 16 Prozent, die SPD 13 Prozent, FDP und BSW jeweils 4 Prozent.<\/p>\n<p class=\"Typography_text-default__P3otY Typography_weight-normal__pqUbH storyline_paragraph_p__qSR5N\">Wahlumfragen sind generell immer mit Unsicherheiten behaftet. Unter anderem erschweren nachlassende Parteibindungen und immer kurzfristigere Wahlentscheidungen den Meinungsforschungsinstituten die Gewichtung der erhobenen Daten. Grunds\u00e4tzlich spiegeln Umfragen nur das Meinungsbild zum Zeitpunkt der Befragung wider und sind keine Prognosen f\u00fcr den Wahlausgang.<\/p>\n<p class=\"Typography_text-s__wu_cm Typography_weight-normal__pqUbH Typography_color-darkgrey__sZEnP article-detail-footer_source__KslPc\">Quelle: ntv.de, gh\u00f6\/dpa<\/p>\n","protected":false},"excerpt":{"rendered":"SPD weit abgeschlagenUmfrage sieht Linke in Berlin vorn &#8211; CDU auf Platz zwei 05.08.2026, 07:04 Uhr Artikel anh\u00f6ren(02:27&hellip;\n","protected":false},"author":2,"featured_media":1216433,"comment_status":"","ping_status":"","sticky":false,"template":"","format":"standard","meta":{"footnotes":"","_share_on_mastodon":"0"},"categories":[1825],"tags":[148707,186,296,10208,21,31,29,536,187,30,16,184,10563],"class_list":["post-1216432","post","type-post","status-publish","format-standard","has-post-thumbnail","category-berlin","tag-abgeordnetenhauswahl-berlin","tag-afd","tag-berlin","tag-bsw","tag-buendnis-90-die-gruenen","tag-cdu","tag-deutschland","tag-die-linke","tag-fdp","tag-germany","tag-politik","tag-spd","tag-umfragen"],"share_on_mastodon":{"url":"","error":""},"_links":{"self":[{"href":"https:\/\/www.europesays.com\/de\/wp-json\/wp\/v2\/posts\/1216432","targetHints":{"allow":["GET"]}}],"collection":[{"href":"https:\/\/www.europesays.com\/de\/wp-json\/wp\/v2\/posts"}],"about":[{"href":"https:\/\/www.europesays.com\/de\/wp-json\/wp\/v2\/types\/post"}],"author":[{"embeddable":true,"href":"https:\/\/www.europesays.com\/de\/wp-json\/wp\/v2\/users\/2"}],"replies":[{"embeddable":true,"href":"https:\/\/www.europesays.com\/de\/wp-json\/wp\/v2\/comments?post=1216432"}],"version-history":[{"count":0,"href":"https:\/\/www.europesays.com\/de\/wp-json\/wp\/v2\/posts\/1216432\/revisions"}],"wp:featuredmedia":[{"embeddable":true,"href":"https:\/\/www.europesays.com\/de\/wp-json\/wp\/v2\/media\/1216433"}],"wp:attachment":[{"href":"https:\/\/www.europesays.com\/de\/wp-json\/wp\/v2\/media?parent=1216432"}],"wp:term":[{"taxonomy":"category","embeddable":true,"href":"https:\/\/www.europesays.com\/de\/wp-json\/wp\/v2\/categories?post=1216432"},{"taxonomy":"post_tag","embeddable":true,"href":"https:\/\/www.europesays.com\/de\/wp-json\/wp\/v2\/tags?post=1216432"}],"curies":[{"name":"wp","href":"https:\/\/api.w.org\/{rel}","templated":true}]}}