{"id":1216442,"date":"2026-08-05T05:56:20","date_gmt":"2026-08-05T05:56:20","guid":{"rendered":"https:\/\/www.europesays.com\/de\/1216442\/"},"modified":"2026-08-05T05:56:20","modified_gmt":"2026-08-05T05:56:20","slug":"wegen-schlechter-quoten-ard-sender-beendet-bekanntes-magazin-endgueltig-nach-29-jahren","status":"publish","type":"post","link":"https:\/\/www.europesays.com\/de\/1216442\/","title":{"rendered":"Wegen schlechter Quoten: ARD-Sender beendet bekanntes Magazin endg\u00fcltig nach 29 Jahren"},"content":{"rendered":"<p>Der WDR beendet eines seiner bekanntesten Magazinformate. \u201eFrau tv\u201c verschwindet nach fast drei Jahrzehnten aus dem linearen Fernsehen.<\/p>\n<p>Wenn du \u00fcber diese Links einkaufst, erhalten wir eine Provision, die unsere<br \/>\nredaktionelle Arbeit unterst\u00fctzt. Der Preis f\u00fcr dich bleibt dabei<br \/>\nunver\u00e4ndert. Diese Affiliate-Links sind durch ein  Symbol<br \/>\ngekennzeichnet. \u00a0<a class=\"alice-affiliate-info__link\" href=\"https:\/\/www.kino.de\/erloesmodelle\/\" target=\"_blank\" rel=\"nofollow noopener\">Mehr erfahren.<\/a><\/p>\n<p>Der WDR zieht bei \u201eFrau tv\u201c den Schlussstrich. Wie der ARD-Sender jetzt bekanntgab, endet das Magazin nach mehreren Jahrzehnten im Fernsehen. Die letzte Ausgabe l\u00e4uft am <strong>19. November 2026<\/strong> um <strong>22:15 Uhr<\/strong>.<\/p>\n<p>Als Hauptgrund nennt der WDR die zuletzt deutlich gesunkenen Einschaltquoten.<\/p>\n<p>Quoten gingen zuletzt stark zur\u00fcck<\/p>\n<p>\u201eFrau tv\u201c startete 1997 mit dem Ziel, Frauenperspektiven sichtbar zu machen und gesellschaftliche Ungleichheiten zu thematisieren. \u00dcber viele Jahre war das Magazin ein fester Bestandteil des WDR\u2011Programms.<\/p>\n<p>Zuletzt erreichte die Sendung allerdings immer weniger Menschen vor den Bildschirmen. Laut WDR lag der durchschnittliche Marktanteil im Jahr 2025 nur noch bei <strong>3,4 %<\/strong>. Im NRW\u2011Sendegebiet schalteten durchschnittlich rund <strong>131.000 Menschen<\/strong> ein.<\/p>\n<p>Bereits 2026 reduzierte der Sender die Zahl der Ausgaben deutlich. Statt eines regelm\u00e4\u00dfigen Wochenrhythmus erschienen bislang nur noch zehn Folgen.<\/p>\n<p>Die \u00f6ffentlich-rechtlichen Sender setzen neben dem linearen TV-Programm immer st\u00e4rker auf ihr Online-Angebot. Wir haben hier mal n\u00e4her hingeschaut:<\/p>\n<p><img decoding=\"async\" class=\"alice-video-feed__placeholder-image\" fetchpriority=\"high\" alt=\"ARD und ZDF: So stark sind die kostenlosen Mediatheken\" title=\"ARD und ZDF: So stark sind die kostenlosen Mediatheken\" src=\"https:\/\/www.europesays.com\/de\/wp-content\/uploads\/2026\/07\/c4bdbc90155019181d0ffb0506_cmUgMTIwMCAwAzgyY2Q5NTE4MGIw.jpg\" \/>Inhalte sollen k\u00fcnftig digital stattfinden<\/p>\n<p>Ganz verschwinden sollen frauenpolitische Themen beim WDR allerdings nicht. Der Sender plant stattdessen eine st\u00e4rkere Verlagerung auf digitale Formate und die ARD-Mediathek.Die Social\u2011Media\u2011Kan\u00e4le von \u201eFrau tv\u201c sollen weitergef\u00fchrt und ausgebaut werden.<\/p>\n<p>WDR\u2011Programmdirektorin Andrea Schafarczyk erkl\u00e4rte dazu: \u201eMit \u201aFrau tv\u2018 verabschieden wir uns von einem langj\u00e4hrigen Fernsehformat, aber ganz ausdr\u00fccklich nicht von Angeboten f\u00fcr Frauen.\u201c<\/p>\n<p>Ziel sei es k\u00fcnftig, mit anderen Erz\u00e4hlformen und digitalen Verbreitungswegen mehr Menschen zu erreichen als mit einem klassischen TV\u2011Magazin. Als Beispiele nennt der WDR die Doku \u201eDie Wechseljahre: Zu hei\u00df f\u00fcr Deutschland?\u201c mit Sabine Heinrich, die im Oktober als \u201eARD Story\u201c erscheinen soll.<\/p>\n<p>Au\u00dferdem arbeitet der Sender an dem Social\u2011Reality\u2011Format \u201eVibes \u2013 Find Your Fire\u201c mit Motsi Mabuse. Im Mittelpunkt stehen neun Frauen, die sich w\u00e4hrend einer gemeinsamen Zeit am Meer mit Umbr\u00fcchen in ihrem Leben auseinandersetzen.<\/p>\n","protected":false},"excerpt":{"rendered":"Der WDR beendet eines seiner bekanntesten Magazinformate. \u201eFrau tv\u201c verschwindet nach fast drei Jahrzehnten aus dem linearen Fernsehen.&hellip;\n","protected":false},"author":2,"featured_media":1216443,"comment_status":"","ping_status":"","sticky":false,"template":"","format":"standard","meta":{"footnotes":"","_share_on_mastodon":"0"},"categories":[1773],"tags":[29,214,30,471,1780,215],"class_list":["post-1216442","post","type-post","status-publish","format-standard","has-post-thumbnail","category-serien","tag-deutschland","tag-entertainment","tag-germany","tag-serien","tag-series","tag-unterhaltung"],"share_on_mastodon":{"url":"https:\/\/pubeurope.com\/@de\/117041365807578182","error":""},"_links":{"self":[{"href":"https:\/\/www.europesays.com\/de\/wp-json\/wp\/v2\/posts\/1216442","targetHints":{"allow":["GET"]}}],"collection":[{"href":"https:\/\/www.europesays.com\/de\/wp-json\/wp\/v2\/posts"}],"about":[{"href":"https:\/\/www.europesays.com\/de\/wp-json\/wp\/v2\/types\/post"}],"author":[{"embeddable":true,"href":"https:\/\/www.europesays.com\/de\/wp-json\/wp\/v2\/users\/2"}],"replies":[{"embeddable":true,"href":"https:\/\/www.europesays.com\/de\/wp-json\/wp\/v2\/comments?post=1216442"}],"version-history":[{"count":0,"href":"https:\/\/www.europesays.com\/de\/wp-json\/wp\/v2\/posts\/1216442\/revisions"}],"wp:featuredmedia":[{"embeddable":true,"href":"https:\/\/www.europesays.com\/de\/wp-json\/wp\/v2\/media\/1216443"}],"wp:attachment":[{"href":"https:\/\/www.europesays.com\/de\/wp-json\/wp\/v2\/media?parent=1216442"}],"wp:term":[{"taxonomy":"category","embeddable":true,"href":"https:\/\/www.europesays.com\/de\/wp-json\/wp\/v2\/categories?post=1216442"},{"taxonomy":"post_tag","embeddable":true,"href":"https:\/\/www.europesays.com\/de\/wp-json\/wp\/v2\/tags?post=1216442"}],"curies":[{"name":"wp","href":"https:\/\/api.w.org\/{rel}","templated":true}]}}