{"id":1216451,"date":"2026-08-05T06:01:33","date_gmt":"2026-08-05T06:01:33","guid":{"rendered":"https:\/\/www.europesays.com\/de\/1216451\/"},"modified":"2026-08-05T06:01:33","modified_gmt":"2026-08-05T06:01:33","slug":"mallorca-michael-douglas-wird-ehrenbotschafter-tochter-begleitet-ihn","status":"publish","type":"post","link":"https:\/\/www.europesays.com\/de\/1216451\/","title":{"rendered":"Mallorca: Michael Douglas wird Ehrenbotschafter \u2013 Tochter begleitet ihn"},"content":{"rendered":"<p>&#8222;Ich k\u00f6nnte nicht stolzer sein&#8220; <\/p>\n<p>Ehrung auf Mallorca \u2013 Michael Douglas in besonderer Begleitung<\/p>\n<p>05.08.2026 &#8211; 04:18 UhrLesedauer: 2 Min.<\/p>\n<p><a href=\"#focus-0\" class=\"transition-colors block text-current relative\" data-sctrack=\"FocusGalleryImage.Reference\"><img fetchpriority=\"high\" data-testid=\"Opener.Image\"   loading=\"eager\" src=\"https:\/\/www.europesays.com\/de\/wp-content\/uploads\/2026\/08\/first-edition-of-the-mallorca-land-of-honor-awards-michael-douglas-and-his-daughter-carys-zeta-dougl.jpeg\" alt=\"imago images 0863292147\" title=\"imago images 0863292147\" width=\"3737\" height=\"2102\" class=\"bg-[url:var(--lqipURL)] bg-cover bg-center flex h-full w-full max-w-full\" style=\"--lqipURL:url('https:\/\/images.t-online.de\/2026\/08\/VM2TEvwrVFZQ\/1152x359:3737x2102\/fit-in\/150x0\/filters:blur(25)\/first-edition-of-the-mallorca-land-of-honor-awards-michael-douglas-and-his-daughter-carys-zeta-douglas-during-the-first-edition-of-the-mallorca-land-of-honor-awards-on-august-3-2026-in-mallorca-balearic-islands-spain-these-awards-were-created-to-recognize-various-personalities-for-their-careers-and-ties-to-the-island-august-3-2026-rau-mallorca-mallorca-spain-publicationxnotxinxesp-copyright-xraulxterrelx-7700833.jpg')\" decoding=\"async\"\/><img loading=\"lazy\" src=\"https:\/\/www.t-online.de\/s\/paper\/_next\/static\/media\/zoom-in.f7dae02f.svg\" alt=\"Vergr\u00f6\u00dfern des Bildes\" title=\"Vergr\u00f6\u00dfern des Bildes\" class=\"block h-[calc(var(--height)_\/_16_*_1rem)] w-[calc(var(--width)_\/_16_*_1rem)] max-w-none absolute right-8 bottom-8 rounded-4 bg-snow p-8\" style=\"--width:32;--height:32\" decoding=\"async\"\/><\/a><\/p>\n<p>Michael Douglas und seine Tochter Carys Zeta Douglas bei einer Veranstaltung auf Mallorca. (Quelle: IMAGO\/Ra\u00fal Terrel\/imago)<\/p>\n<p><img loading=\"lazy\" src=\"https:\/\/www.t-online.de\/s\/paper\/_next\/static\/media\/audio-volume.6689034c.svg\" alt=\"\" title=\"\" class=\"block h-[calc(var(--height)_\/_16_*_1rem)] w-[calc(var(--width)_\/_16_*_1rem)] max-w-none group-hover:brightness-0 group-hover:invert\" style=\"--width:16;--height:16\" decoding=\"async\"\/>Vorlesen<\/p>\n<p>Aktuelle Zeit:0:00Gesamtdauer:0:00<\/p>\n<p>1x<\/p>\n<p class=\"text-center\">Jetzt neu bei t-online:<\/p>\n<p class=\"text-center\">Schriftgr\u00f6\u00dfe anpassen!<\/p>\n<p><img loading=\"lazy\" src=\"https:\/\/www.t-online.de\/s\/paper\/_next\/static\/media\/font-sizes.32942e33.svg\" alt=\"\" title=\"\" class=\"block h-[calc(var(--height)_\/_16_*_1rem)] w-[calc(var(--width)_\/_16_*_1rem)] max-w-none group-hover:hidden group-aria-expanded:hidden\" style=\"--width:16;--height:16\" decoding=\"async\"\/><img loading=\"lazy\" src=\"https:\/\/www.t-online.de\/s\/paper\/_next\/static\/media\/font-sizes-dark-mode.e382645c.svg\" alt=\"\" title=\"\" class=\"block h-[calc(var(--height)_\/_16_*_1rem)] w-[calc(var(--width)_\/_16_*_1rem)] max-w-none hidden group-hover:block group-aria-expanded:block\" style=\"--width:16;--height:16\" decoding=\"async\"\/><img loading=\"lazy\" src=\"https:\/\/www.t-online.de\/s\/paper\/_next\/static\/media\/sharing-menu-icon.1eb71368.svg\" alt=\"\" title=\"\" class=\"block h-[calc(var(--height)_\/_16_*_1rem)] w-[calc(var(--width)_\/_16_*_1rem)] max-w-none group-hover:brightness-0 group-hover:invert\" style=\"--width:16;--height:16\" decoding=\"async\"\/>Artikel teilen<\/p>\n<p class=\"font-bold text-18 leading-17 user-text-lg:text-22 user-text-xl:text-24\">Bei einer Ehrung auf Mallorca erscheint Michael Douglas ohne seine Ehefrau Catherine Zeta-Jones. An seiner Seite ist seine 23-j\u00e4hrige Tochter Carys.<\/p>\n<p class=\"text-18 leading-17 user-text-lg:text-22 user-text-xl:text-24\">US-Hollywood-Star <a href=\"https:\/\/www.t-online.de\/themen\/michael-douglas\/\" class=\"transition-colors cursor-pointer no-underline md:hover:text-magenta md:focus:text-magenta border-b border-solid border-current text-salemsfur md:hover:border-magenta\" data-tracking=\"{&quot;action&quot;:&quot;click&quot;,&quot;category&quot;:&quot;intextLink&quot;,&quot;label&quot;:&quot;\/themen\/michael-douglas\/&quot;}\" data-sctrack=\"BodyAnchor\" rel=\"nofollow noopener\" target=\"_blank\">Michael Douglas<\/a> hat auf <a href=\"https:\/\/www.t-online.de\/themen\/mallorca\/\" class=\"transition-colors cursor-pointer no-underline md:hover:text-magenta md:focus:text-magenta border-b border-solid border-current text-salemsfur md:hover:border-magenta\" data-tracking=\"{&quot;action&quot;:&quot;click&quot;,&quot;category&quot;:&quot;intextLink&quot;,&quot;label&quot;:&quot;\/themen\/mallorca\/&quot;}\" data-sctrack=\"BodyAnchor\" rel=\"nofollow noopener\" target=\"_blank\">Mallorca<\/a> f\u00fcr Aufsehen gesorgt. Der zweifache Oscarpreistr\u00e4ger wurde am Montag zum Ehrenbotschafter der spanischen Insel ernannt. Beim Auftakt der j\u00e4hrlichen Verleihung in der Kulturst\u00e4tte Costa Nord in Valldemossa hatte Douglas allerdings nicht seine Ehefrau Catherine Zeta-Jones dabei. Er zeigte sich mit einer besonderen Begleitung: seiner 23-j\u00e4hrigen Tochter Carys Zeta Douglas. Die Familie kehrt jedes Jahr f\u00fcr den Sommer auf die Insel zur\u00fcck.<\/p>\n<p class=\"text-18 leading-17 user-text-lg:text-22 user-text-xl:text-24\">Douglas begr\u00fc\u00dfte die G\u00e4ste bei dem Event der spanischen Zeitung &#8222;El Mundo&#8220; zufolge freundlich. Er habe sich bem\u00fcht, Spanisch zu sprechen, wenn auch gebrochen, und wirke trotz seiner 81 Jahre erstaunlich r\u00fcstig.<\/p>\n<p class=\"text-18 leading-17 user-text-lg:text-22 user-text-xl:text-24\">Vater und Tochter hielten H\u00e4ndchen und l\u00e4chelten in die Kameras. Carys Zeta Douglas trug bei dem Event ein schlichtes schwarzes Outfit mit goldenen Sandaletten-Heels. Ihre welligen Haare trug sie offen. Michael Douglas kam im eleganten dunklen Anzug und offenem wei\u00dfem Hemd.<\/p>\n<p><a href=\"#focus-1\" class=\"transition-colors block text-current relative\" data-sctrack=\"FocusGalleryImage.Reference\"><img   loading=\"lazy\" src=\"https:\/\/www.europesays.com\/de\/wp-content\/uploads\/2026\/08\/first-edition-of-the-mallorca-land-of-honor-awards-michael-douglas-with-his-daughter-carys-zeta-doug.jpeg\" alt=\"imago images 0863292030\" title=\"imago images 0863292030\" width=\"6000\" height=\"4000\" class=\"h-full w-full max-w-full rounded-8\" decoding=\"async\"\/><img loading=\"lazy\" src=\"https:\/\/www.t-online.de\/s\/paper\/_next\/static\/media\/zoom-in.f7dae02f.svg\" alt=\"Vergr\u00f6\u00dfern des Bildes\" title=\"Vergr\u00f6\u00dfern des Bildes\" class=\"block h-[calc(var(--height)_\/_16_*_1rem)] w-[calc(var(--width)_\/_16_*_1rem)] max-w-none absolute right-8 bottom-8 rounded-4 bg-snow p-8\" style=\"--width:32;--height:32\" decoding=\"async\"\/>Michael Douglas und Tochter Carys Zeta Douglas gemeinsam bei dem Event auf Mallorca. (Quelle: IMAGO\/Ra\u00fal Terrel\/imago)<\/a><\/p>\n<p class=\"text-18 leading-17 user-text-lg:text-22 user-text-xl:text-24\">Mit der Auszeichnung &#8222;Mallorca, Terra d&#8217;honor&#8220; sollen laut &#8222;Mallorca Magazin&#8220; Menschen geehrt werden, die der Insel eng verbunden sind und durch ihr Engagement dazu beigetragen haben, das internationale Ansehen Mallorcas zu st\u00e4rken.<\/p>\n<p class=\"text-18 leading-17 user-text-lg:text-22 user-text-xl:text-24\">Neben dem US-Star wurden bei der Verleihung weitere bekannte Pers\u00f6nlichkeiten ausgezeichnet: darunter das ehemalige Model und langj\u00e4hrige Muse von Modesch\u00f6pfer Valentino, Rosario Nadal, die Schauspielerin und Moderatorin Norma Duval, die mit dem deutschen Immobilienmogul Matthias K\u00fchn verheiratet ist.<\/p>\n<p class=\"text-18 leading-17 user-text-lg:text-22 user-text-xl:text-24\">In seiner Dankesrede, aus der das &#8222;Mallorca Magazin&#8220; zitierte, w\u00fcrdigte der 81-j\u00e4hrige Schauspieler die Kulturst\u00e4tte, die er selbst mitgegr\u00fcndet hatte, als Ort f\u00fcr unvergessliche Momente: &#8222;Heute Abend hier zu sein, erinnert mich an die Zeit vor 25 Jahren, als Costa Nord noch lediglich eine Idee war. Ich k\u00f6nnte nicht stolzer sein auf das, was daraus geworden ist.&#8220; Besonders gefallen habe ihm ein Konzert des irischen Musikers Van Morrison.<\/p>\n<p><img loading=\"lazy\" src=\"https:\/\/www.t-online.de\/s\/paper\/_next\/static\/media\/video-carousel-play.6f25714b.svg\" alt=\"\" title=\"\" class=\"block h-[calc(var(--height)_\/_16_*_1rem)] w-[calc(var(--width)_\/_16_*_1rem)] max-w-none undefined\" style=\"--height:12\" decoding=\"async\"\/><\/p>\n<p>Douglas-Familie hat enge Verbindung zu Mallorca<\/p>\n<p class=\"text-18 leading-17 user-text-lg:text-22 user-text-xl:text-24\">Die Familie von Douglas hat eine enge Verbindung zu der balearischen Insel. Der US-Star l\u00e4sst sich auf Mallorca immer wieder bei offiziellen Anl\u00e4ssen und Festen blicken, bezeichnete die Insel in der Vergangenheit als seine zweite Heimat. Douglas besitzt das historische Promi-Anwesen S\u2019Estaca bei Valldemossa, das er 1990 f\u00fcr rund 3,5 Millionen <a href=\"https:\/\/www.t-online.de\/finanzen\/boerse\/waehrung\/eur-usd\/eu0009652759\/\" class=\"transition-colors cursor-pointer no-underline md:hover:text-magenta md:focus:text-magenta border-b border-solid border-current text-salemsfur md:hover:border-magenta\" data-tracking=\"{&quot;action&quot;:&quot;click&quot;,&quot;category&quot;:&quot;intextLink&quot;,&quot;label&quot;:&quot;\/finanzen\/boerse\/waehrung\/eur-usd\/eu0009652759\/&quot;}\" data-sctrack=\"BodyAnchor\" rel=\"nofollow noopener\" target=\"_blank\">US-Dollar<\/a> kaufte und als privaten R\u00fcckzugsort nutzt. Das luxuri\u00f6se Grundst\u00fcck umfasst \u00fcber 77 Hektar Fl\u00e4che, darauf liegen acht verschiedene Geb\u00e4ude, ein Schwimmbad, Fitnessstudio, eine Bibliothek und ein Spa.<\/p>\n<p class=\"text-18 leading-17 user-text-lg:text-22 user-text-xl:text-24\">Douglas und die Schauspielerin <a href=\"https:\/\/www.t-online.de\/themen\/catherine-zeta-jones\/\" class=\"transition-colors cursor-pointer no-underline md:hover:text-magenta md:focus:text-magenta border-b border-solid border-current text-salemsfur md:hover:border-magenta\" data-tracking=\"{&quot;action&quot;:&quot;click&quot;,&quot;category&quot;:&quot;intextLink&quot;,&quot;label&quot;:&quot;\/themen\/catherine-zeta-jones\/&quot;}\" data-sctrack=\"BodyAnchor\" rel=\"nofollow noopener\" target=\"_blank\">Catherine Zeta-Jones<\/a> feierten im November 2025 bereits ihren 25. Hochzeitstag. Ihre Tochter Carys Zeta Douglas hat ein Studium in Filmwissenschaft und internationalen Beziehungen an der Brown University absolviert. Zuletzt feierte sie ihr professionelles B\u00fchnendeb\u00fct in Anton Tschechows Theaterklassiker &#8222;Die M\u00f6we&#8220;, das in <a href=\"https:\/\/www.t-online.de\/themen\/new-york\/\" class=\"transition-colors cursor-pointer no-underline md:hover:text-magenta md:focus:text-magenta border-b border-solid border-current text-salemsfur md:hover:border-magenta\" data-tracking=\"{&quot;action&quot;:&quot;click&quot;,&quot;category&quot;:&quot;intextLink&quot;,&quot;label&quot;:&quot;\/themen\/new-york\/&quot;}\" data-sctrack=\"BodyAnchor\" rel=\"nofollow noopener\" target=\"_blank\">New York<\/a> aufgef\u00fchrt wurde.<\/p>\n","protected":false},"excerpt":{"rendered":"&#8222;Ich k\u00f6nnte nicht stolzer sein&#8220; Ehrung auf Mallorca \u2013 Michael Douglas in besonderer Begleitung 05.08.2026 &#8211; 04:18 UhrLesedauer:&hellip;\n","protected":false},"author":2,"featured_media":1216452,"comment_status":"","ping_status":"","sticky":false,"template":"","format":"standard","meta":{"footnotes":"","_share_on_mastodon":"0"},"categories":[155],"tags":[1217,83432,140381,29,11045,13488,214,30,683,474,4449,253015,31323,215,253014],"class_list":["post-1216451","post","type-post","status-publish","format-standard","has-post-thumbnail","category-unterhaltung","tag-1217","tag-begleitung","tag-catherine-zeta-jones","tag-deutschland","tag-ehrung","tag-el-mundo","tag-entertainment","tag-germany","tag-hollywood","tag-mallorca","tag-michael-douglas","tag-norma-duval","tag-spa","tag-unterhaltung","tag-valldemossa"],"share_on_mastodon":{"url":"https:\/\/pubeurope.com\/@de\/117041386171530300","error":""},"_links":{"self":[{"href":"https:\/\/www.europesays.com\/de\/wp-json\/wp\/v2\/posts\/1216451","targetHints":{"allow":["GET"]}}],"collection":[{"href":"https:\/\/www.europesays.com\/de\/wp-json\/wp\/v2\/posts"}],"about":[{"href":"https:\/\/www.europesays.com\/de\/wp-json\/wp\/v2\/types\/post"}],"author":[{"embeddable":true,"href":"https:\/\/www.europesays.com\/de\/wp-json\/wp\/v2\/users\/2"}],"replies":[{"embeddable":true,"href":"https:\/\/www.europesays.com\/de\/wp-json\/wp\/v2\/comments?post=1216451"}],"version-history":[{"count":0,"href":"https:\/\/www.europesays.com\/de\/wp-json\/wp\/v2\/posts\/1216451\/revisions"}],"wp:featuredmedia":[{"embeddable":true,"href":"https:\/\/www.europesays.com\/de\/wp-json\/wp\/v2\/media\/1216452"}],"wp:attachment":[{"href":"https:\/\/www.europesays.com\/de\/wp-json\/wp\/v2\/media?parent=1216451"}],"wp:term":[{"taxonomy":"category","embeddable":true,"href":"https:\/\/www.europesays.com\/de\/wp-json\/wp\/v2\/categories?post=1216451"},{"taxonomy":"post_tag","embeddable":true,"href":"https:\/\/www.europesays.com\/de\/wp-json\/wp\/v2\/tags?post=1216451"}],"curies":[{"name":"wp","href":"https:\/\/api.w.org\/{rel}","templated":true}]}}