{"id":121662,"date":"2025-05-19T01:22:09","date_gmt":"2025-05-19T01:22:09","guid":{"rendered":"https:\/\/www.europesays.com\/de\/121662\/"},"modified":"2025-05-19T01:22:09","modified_gmt":"2025-05-19T01:22:09","slug":"filmfestspiele-von-cannes-coronahorror-und-die-geburt-der-nouvelle-vague","status":"publish","type":"post","link":"https:\/\/www.europesays.com\/de\/121662\/","title":{"rendered":"Filmfestspiele von Cannes: Coronahorror und die Geburt der Nouvelle Vague"},"content":{"rendered":"<p>\n                        Wor\u00fcber spricht man in Cannes zur Festivalhalbzeit? \u00dcber Wes Andersons neue Filmheldin, Richard Linklaters Hommage an Godard \u2013 und einen deutschen Regisseur.\n                    <\/p>\n<p>        18. Mai 2025, 21:43 Uhr\n    <\/p>\n<p>    <a class=\"z-text-button\" href=\"#comments\" title=\"Kommentare anzeigen\" data-ct-row=\"comments\" data-ct-column=\"false\"><\/p>\n<p>            3<br \/>\n            Kommentare<br \/>\n        <\/a><br \/>\n            Zusammenfassen<\/p>\n<p>                Schlie\u00dfen<br \/>\n                Artikelzusammenfassung<\/p>\n<p>Wes Anderson pr\u00e4sentiert &#8222;Der ph\u00f6nizische Meisterstreich&#8220; mit einem Star-Ensemble an der Croisette, w\u00e4hrend Christian Petzolds &#8222;Miroirs No. 3&#8220; in der franz\u00f6sischen Presse als sein bester Film gefeiert wird. Ari Aster sorgt mit &#8222;Eddington&#8220; f\u00fcr verst\u00f6rende Faszination, w\u00e4hrend Richard Linklaters &#8222;Nouvelle Vague&#8220; die Entstehung der gleichnamigen Regiebewegung auf charmante Weise nachzeichnet.<\/p>\n<p>                Dies ist ein experimentelles Tool. Die Resultate k\u00f6nnen unvollst\u00e4ndig, veraltet oder sogar falsch sein.<\/p>\n<p class=\"summy__feedback-paragraph\">Fanden Sie die Zusammenfassung hilfreich? <\/p>\n<p>                        Gef\u00e4llt mir<\/p>\n<p>                        Gef\u00e4llt mir<\/p>\n<p>                        Gef\u00e4llt mir nicht<\/p>\n<p>                        Gef\u00e4llt mir nicht<\/p>\n<p>                        Send<\/p>\n<p class=\"paragraph\">Jedes Filmfestival der Welt w\u00fcrde das neue<br \/>\nWerk von <a class=\"rtr-entity\" href=\"https:\/\/www.zeit.de\/thema\/wes-anderson\" target=\"_blank\" rel=\"noopener\">Wes Anderson<\/a> zeigen, wie sonst bekommt man so leicht einen<br \/>\nEinkaufswagen voller Stars auf den roten Teppich gekippt? Tom Hanks, Bill<br \/>\nMurray und Scarlett Johansson stellten am Sonntagabend Der ph\u00f6nizische Meisterstreich an der Croisette vor \u2013 sowie die Hauptdarsteller Benicio del Toro und<br \/>\nMia Threapelson, die sozusagen den Doppelnamen &#8222;Tochter-von-Kate-Winslet&#8220;<br \/>\ntr\u00e4gt.\u00a0\n<\/p>\n<p class=\"paragraph\">Del Toro spielt Zsa-Zsa Korda, einen windigen Unternehmer. Er m\u00f6chte<br \/>\nseiner Tochter (Threapelton) ein Konglomerat aus Gro\u00dfprojekten und krummen<br \/>\nGesch\u00e4ften vererben. Diese m\u00f6chte jedoch Nonne werden, und f\u00fcr die diversen<br \/>\nUnternehmungen m\u00fcssen noch weltweit Investoren \u00fcberzeugt werden \u2013 das ist auch<br \/>\nschon die Handlung, die Vater und Tochter in einem stylishen Flugzeug<br \/>\n(Holzt\u00e4felung, karierte Gardinen, roter Teppich) an m\u00f6glichst viele liebevoll<br \/>\nausgestattete Schaupl\u00e4tze f\u00fchrt.\u00a0<\/p>\n","protected":false},"excerpt":{"rendered":"Wor\u00fcber spricht man in Cannes zur Festivalhalbzeit? \u00dcber Wes Andersons neue Filmheldin, Richard Linklaters Hommage an Godard \u2013&hellip;\n","protected":false},"author":2,"featured_media":121663,"comment_status":"","ping_status":"","sticky":false,"template":"","format":"standard","meta":{"footnotes":""},"categories":[1776],"tags":[46060,1801,46059,29,214,3184,46058,30,42952,80,1802,46061,215,16580],"class_list":{"0":"post-121662","1":"post","2":"type-post","3":"status-publish","4":"format-standard","5":"has-post-thumbnail","7":"category-prominente","8":"tag-ari-aster","9":"tag-celebrities","10":"tag-christian-petzold","11":"tag-deutschland","12":"tag-entertainment","13":"tag-filmfestival","14":"tag-filmfestspiele-von-cannes","15":"tag-germany","16":"tag-internationale-filmfestspiele-von-cannes","17":"tag-kultur","18":"tag-prominente","19":"tag-richard-linklater","20":"tag-unterhaltung","21":"tag-wes-anderson"},"share_on_mastodon":{"url":"https:\/\/pubeurope.com\/@de\/114531882932350046","error":""},"_links":{"self":[{"href":"https:\/\/www.europesays.com\/de\/wp-json\/wp\/v2\/posts\/121662","targetHints":{"allow":["GET"]}}],"collection":[{"href":"https:\/\/www.europesays.com\/de\/wp-json\/wp\/v2\/posts"}],"about":[{"href":"https:\/\/www.europesays.com\/de\/wp-json\/wp\/v2\/types\/post"}],"author":[{"embeddable":true,"href":"https:\/\/www.europesays.com\/de\/wp-json\/wp\/v2\/users\/2"}],"replies":[{"embeddable":true,"href":"https:\/\/www.europesays.com\/de\/wp-json\/wp\/v2\/comments?post=121662"}],"version-history":[{"count":0,"href":"https:\/\/www.europesays.com\/de\/wp-json\/wp\/v2\/posts\/121662\/revisions"}],"wp:featuredmedia":[{"embeddable":true,"href":"https:\/\/www.europesays.com\/de\/wp-json\/wp\/v2\/media\/121663"}],"wp:attachment":[{"href":"https:\/\/www.europesays.com\/de\/wp-json\/wp\/v2\/media?parent=121662"}],"wp:term":[{"taxonomy":"category","embeddable":true,"href":"https:\/\/www.europesays.com\/de\/wp-json\/wp\/v2\/categories?post=121662"},{"taxonomy":"post_tag","embeddable":true,"href":"https:\/\/www.europesays.com\/de\/wp-json\/wp\/v2\/tags?post=121662"}],"curies":[{"name":"wp","href":"https:\/\/api.w.org\/{rel}","templated":true}]}}