{"id":1216642,"date":"2026-08-05T08:01:19","date_gmt":"2026-08-05T08:01:19","guid":{"rendered":"https:\/\/www.europesays.com\/de\/1216642\/"},"modified":"2026-08-05T08:01:19","modified_gmt":"2026-08-05T08:01:19","slug":"konkurrenz-durch-usa-und-china-sap-chef-zu-ki-transformation-wollen-uns-alle-schlagen-wirtschaft","status":"publish","type":"post","link":"https:\/\/www.europesays.com\/de\/1216642\/","title":{"rendered":"Konkurrenz durch USA und China &#8211; SAP-Chef zu KI-Transformation: \u201eWollen uns alle schlagen\u201c &#8211; Wirtschaft"},"content":{"rendered":"<p data-manual=\"paragraph\" data-schema-org-speakable=\"true\" class=\"css-1eosz7k\">Walldorf (dpa) &#8211; <a href=\"https:\/\/www.sueddeutsche.de\/thema\/SAP\" rel=\"nofollow noopener\" target=\"_blank\">SAP<\/a>-Chef Christian Klein hat bei der Entwicklung eigener Produkte mit K\u00fcnstlicher Intelligenz (KI) Tempo gefordert. \u201eIch sp\u00fcre den Druck\u201c, sagte Klein der \u201eS\u00fcddeutschen Zeitung\u201c. Wenn das eigene KI-Werkzeug Gesch\u00e4ftsprozesse nicht besser verstehe als ein KI-Agent, den man mit Anthropic &#8211; einem US-KI-<a href=\"https:\/\/www.sueddeutsche.de\/thema\/Unternehmen\" rel=\"nofollow noopener\" target=\"_blank\">Unternehmen<\/a> &#8211; baut, dann habe SAP ein Problem. \u201eWir m\u00fcssen schnell agieren, niemand in den <a href=\"https:\/\/www.sueddeutsche.de\/thema\/USA\" rel=\"nofollow noopener\" target=\"_blank\">USA<\/a> oder <a href=\"https:\/\/www.sueddeutsche.de\/thema\/China\" rel=\"nofollow noopener\" target=\"_blank\">China<\/a> wartet auf uns. Sie wollen uns alle schlagen\u201c, sagte Klein.\u00a0<\/p>\n<p data-manual=\"paragraph\" data-schema-org-speakable=\"true\" class=\"css-1eosz7k\">Die SAP-Aktie ist in den vergangenen eineinhalb Jahren abgest\u00fcrzt. Klein sagte, das freue ihn nat\u00fcrlich nicht, jedoch m\u00fcsse man ein bisschen relativieren. Hier werde aktuell eine ganze Branche infrage gestellt. Die gro\u00dfe Frage sei, ob sich die Softwarebranche behaupten kann oder KI-Agenten neuer Anbieter die <a href=\"https:\/\/www.sueddeutsche.de\/thema\/Software\" rel=\"nofollow noopener\" target=\"_blank\">Software<\/a> ersetzen.\u00a0<\/p>\n<p>Klein: \u201eEine sehr, sehr gro\u00dfe Transformation\u201c\u00a0<\/p>\n<p data-manual=\"paragraph\" data-schema-org-speakable=\"true\" class=\"css-1eosz7k\">\u201eWie viele andere auch m\u00fcssen wir bei SAP jetzt beweisen, dass wir KI liefern k\u00f6nnen\u201c, sagte Klein. Eine KI, die Gesch\u00e4ftsprozesse verstehe. Er sei da sehr zuversichtlich, allerdings bedeute das f\u00fcr SAP auch \u201eeine sehr, sehr gro\u00dfe Transformation\u201c. Die KI-Transformation sei noch gr\u00f6\u00dfer als die Cloud-Transformation.\u00a0<\/p>\n<p data-manual=\"paragraph\" data-schema-org-speakable=\"true\" class=\"css-1eosz7k\">Mit der Cloud-Transformation verfolgte SAP in den letzten Jahren das Ziel, dass die Programme nicht mehr lokal auf den Servern der Kunden l\u00e4uft. Die Kunden sollen statt hoher Einmalzahlungen lieber im Abo f\u00fcr die Software bezahlen. Daf\u00fcr k\u00f6nnen sie dann einfacher und schneller Updates erhalten, zum Beispiel bei neuen KI-Anwendungen.\u00a0<\/p>\n<p data-manual=\"paragraph\" data-schema-org-speakable=\"true\" class=\"css-1eosz7k\">Der Softwarehersteller aus Walldorf in <a href=\"https:\/\/www.sueddeutsche.de\/thema\/Baden-W%C3%BCrttemberg\" rel=\"nofollow noopener\" target=\"_blank\">Baden-W\u00fcrttemberg<\/a> ist f\u00fcr seine Software zur Unternehmensteuerung bekannt. Ob Finanzen, Personal, Fertigung, Vertrieb oder Beschaffung &#8211; die Gesch\u00e4ftsprozesse k\u00f6nnen dar\u00fcber abgebildet werden.<\/p>\n<p data-manual=\"paragraph\" data-schema-org-speakable=\"true\" class=\"css-1eosz7k\">\u00a9 dpa-infocom, dpa:260805-930-485824\/1<\/p>\n","protected":false},"excerpt":{"rendered":"Walldorf (dpa) &#8211; SAP-Chef Christian Klein hat bei der Entwicklung eigener Produkte mit K\u00fcnstlicher Intelligenz (KI) Tempo gefordert.&hellip;\n","protected":false},"author":2,"featured_media":1216643,"comment_status":"","ping_status":"","sticky":false,"template":"","format":"standard","meta":{"footnotes":"","_share_on_mastodon":"0"},"categories":[3977],"tags":[331,332,147,1634,227,29,13,671,1256,14,15,10310,12,4585,149,425,4017,4018,173,4016,64,4019,4020,55],"class_list":["post-1216642","post","type-post","status-publish","format-standard","has-post-thumbnail","category-usa","tag-aktuelle-nachrichten","tag-aktuelle-news","tag-ausland","tag-baden-wuerttemberg","tag-china","tag-deutschland","tag-headlines","tag-ki","tag-kuenstliche-intelligenz","tag-nachrichten","tag-news","tag-sap","tag-schlagzeilen","tag-software","tag-sueddeutsche-zeitung","tag-technologie","tag-united-states","tag-united-states-of-america","tag-unternehmen","tag-us","tag-usa","tag-vereinigte-staaten","tag-vereinigte-staaten-von-amerika","tag-wirtschaft"],"share_on_mastodon":{"url":"https:\/\/pubeurope.com\/@de\/117041855729129650","error":""},"_links":{"self":[{"href":"https:\/\/www.europesays.com\/de\/wp-json\/wp\/v2\/posts\/1216642","targetHints":{"allow":["GET"]}}],"collection":[{"href":"https:\/\/www.europesays.com\/de\/wp-json\/wp\/v2\/posts"}],"about":[{"href":"https:\/\/www.europesays.com\/de\/wp-json\/wp\/v2\/types\/post"}],"author":[{"embeddable":true,"href":"https:\/\/www.europesays.com\/de\/wp-json\/wp\/v2\/users\/2"}],"replies":[{"embeddable":true,"href":"https:\/\/www.europesays.com\/de\/wp-json\/wp\/v2\/comments?post=1216642"}],"version-history":[{"count":0,"href":"https:\/\/www.europesays.com\/de\/wp-json\/wp\/v2\/posts\/1216642\/revisions"}],"wp:featuredmedia":[{"embeddable":true,"href":"https:\/\/www.europesays.com\/de\/wp-json\/wp\/v2\/media\/1216643"}],"wp:attachment":[{"href":"https:\/\/www.europesays.com\/de\/wp-json\/wp\/v2\/media?parent=1216642"}],"wp:term":[{"taxonomy":"category","embeddable":true,"href":"https:\/\/www.europesays.com\/de\/wp-json\/wp\/v2\/categories?post=1216642"},{"taxonomy":"post_tag","embeddable":true,"href":"https:\/\/www.europesays.com\/de\/wp-json\/wp\/v2\/tags?post=1216642"}],"curies":[{"name":"wp","href":"https:\/\/api.w.org\/{rel}","templated":true}]}}