{"id":1216693,"date":"2026-08-05T08:36:22","date_gmt":"2026-08-05T08:36:22","guid":{"rendered":"https:\/\/www.europesays.com\/de\/1216693\/"},"modified":"2026-08-05T08:36:22","modified_gmt":"2026-08-05T08:36:22","slug":"hier-laeuft-waldhof-mannheim-gegen-fortuna-duesseldorf-live-im-stream","status":"publish","type":"post","link":"https:\/\/www.europesays.com\/de\/1216693\/","title":{"rendered":"Hier l\u00e4uft Waldhof Mannheim gegen Fortuna D\u00fcsseldorf live im Stream"},"content":{"rendered":"<p>\tHier l\u00e4uft Waldhof Mannheim gegen Fortuna D\u00fcsseldorf live im Stream<\/p>\n<p>\t\t\t\t\t\t<a href=\"https:\/\/www.sport.de\/fussball\/deutschland-3-liga\/magazin\/\" rel=\"nofollow noopener\" target=\"_blank\"><img decoding=\"async\" onerror=\"this.style.display='none'\" src=\"https:\/\/www.europesays.com\/de\/wp-content\/uploads\/2025\/04\/1745090230_480_4.png\" alt=\"3. Liga\" title=\"3. Liga\"\/>3. Liga<\/a><\/p>\n<p>Artikel teilen<\/p>\n<p>\n\t\tDeutschland\u00a03. Liga\u00a0 News\n\t<\/p>\n<p>\t\t\t\t\t\t\t\t\t\t\t\t\t\t\t\t<img decoding=\"async\" src=\"https:\/\/www.europesays.com\/de\/wp-content\/uploads\/2026\/08\/vgzm.1820049-ne17033614.gif\" height=\"1\" width=\"1\" loading=\"eager\"\/>\t\t<\/p>\n<p>* Wir arbeiten in diesem Beitrag mit Affiliate-Links. Wenn Sie \u00fcber diese Links ein Produkt kaufen, erhalten wir vom Anbieter eine Provision. F\u00fcr Sie entstehen dabei keine Mehrkosten. Wo und wann Sie ein Produkt kaufen, bleibt nat\u00fcrlich Ihnen \u00fcberlassen.<\/p>\n","protected":false},"excerpt":{"rendered":"Hier l\u00e4uft Waldhof Mannheim gegen Fortuna D\u00fcsseldorf live im Stream 3. Liga Artikel teilen Deutschland\u00a03. Liga\u00a0 News *&hellip;\n","protected":false},"author":2,"featured_media":1216694,"comment_status":"","ping_status":"","sticky":false,"template":"","format":"standard","meta":{"footnotes":"","_share_on_mastodon":"0"},"categories":[1831],"tags":[995,3364,29,3405,3132,347,30,1209,863,887,17594],"class_list":["post-1216693","post","type-post","status-publish","format-standard","has-post-thumbnail","category-duesseldorf","tag-3-liga","tag-de","tag-deutschland","tag-duesseldorf","tag-fortuna-duesseldorf","tag-fussball","tag-germany","tag-nordrhein-westfalen","tag-sport-allgemein","tag-top-fussball","tag-waldhof-mannheim"],"share_on_mastodon":{"url":"https:\/\/pubeurope.com\/@de\/117041994983554109","error":""},"_links":{"self":[{"href":"https:\/\/www.europesays.com\/de\/wp-json\/wp\/v2\/posts\/1216693","targetHints":{"allow":["GET"]}}],"collection":[{"href":"https:\/\/www.europesays.com\/de\/wp-json\/wp\/v2\/posts"}],"about":[{"href":"https:\/\/www.europesays.com\/de\/wp-json\/wp\/v2\/types\/post"}],"author":[{"embeddable":true,"href":"https:\/\/www.europesays.com\/de\/wp-json\/wp\/v2\/users\/2"}],"replies":[{"embeddable":true,"href":"https:\/\/www.europesays.com\/de\/wp-json\/wp\/v2\/comments?post=1216693"}],"version-history":[{"count":0,"href":"https:\/\/www.europesays.com\/de\/wp-json\/wp\/v2\/posts\/1216693\/revisions"}],"wp:featuredmedia":[{"embeddable":true,"href":"https:\/\/www.europesays.com\/de\/wp-json\/wp\/v2\/media\/1216694"}],"wp:attachment":[{"href":"https:\/\/www.europesays.com\/de\/wp-json\/wp\/v2\/media?parent=1216693"}],"wp:term":[{"taxonomy":"category","embeddable":true,"href":"https:\/\/www.europesays.com\/de\/wp-json\/wp\/v2\/categories?post=1216693"},{"taxonomy":"post_tag","embeddable":true,"href":"https:\/\/www.europesays.com\/de\/wp-json\/wp\/v2\/tags?post=1216693"}],"curies":[{"name":"wp","href":"https:\/\/api.w.org\/{rel}","templated":true}]}}