{"id":1216695,"date":"2026-08-05T08:37:15","date_gmt":"2026-08-05T08:37:15","guid":{"rendered":"https:\/\/www.europesays.com\/de\/1216695\/"},"modified":"2026-08-05T08:37:15","modified_gmt":"2026-08-05T08:37:15","slug":"slaughter-to-prevail-live-in-stuttgart-lka-longhorn","status":"publish","type":"post","link":"https:\/\/www.europesays.com\/de\/1216695\/","title":{"rendered":"Slaughter To Prevail live in Stuttgart \u2013 LKA Longhorn"},"content":{"rendered":"<p class=\"wp-block-paragraph\">Mitten im Festivalsommer eine Clubshow besuchen? Das geht nat\u00fcrlich, denn die Bands wollen auch au\u00dferhalb von gro\u00dfen Menschenmassen m\u00f6glichst in jeder Stadt \u00fcberzeugen. So haben sich die seit Jahren immer bekannter werdenden\u00a0<strong>Slaughter To Prevail<\/strong>\u00a0entschieden, zwei exklusive Deutschland-Clubshows mit unterschiedlichen Support-Acts zu spielen. Wir waren beim zweiten Termin im\u00a0<strong>LKA Longhorn Stuttgart<\/strong>\u00a0vor Ort.<\/p>\n<p class=\"wp-block-paragraph\">Drau\u00dfen Temperaturen weit \u00fcber 30 Grad \u2013 drinnen sollte es an diesem Abend nicht k\u00fchler sein. Schon lange vor Einlass warteten viele Fans der Band in der Schlange, so dauerte es doch einige Zeit, bis alle in der Venue waren. Aber p\u00fcnktlich um 19:30 Uhr durfte der erste Support Act vor ausverkauftem Haus die B\u00fchne betreten.<\/p>\n<p class=\"wp-block-paragraph\"><strong>Chained Saint<\/strong>\u00a0nennen sich die vier Jungs aus Florida, die erst 2022 als Highschool-Sch\u00fcler die Band gr\u00fcndeten. Somit eine gro\u00dfe Ehre, solche B\u00fchnen spielen zu d\u00fcrfen. Von Beginn an war klar, hier wird die Betriebstemperatur schnell erreicht. Guter Oldschool-Thrash-Metal vom Feinsten begeisterte nach kurzer Zeit viele der Anwesenden, obwohl die Musik des Headliners doch ein ganzes St\u00fcck h\u00e4rter klingt. Mit knapp 30 Minuten Spielzeit gaben die vier Musiker alles und brachten gef\u00fchlt jeden in der Halle dazu, sich trotz der hohen Temperaturen zu bewegen.<\/p>\n<p><strong>Vended liefern eine kraftvolle Support-Show<\/strong><\/p>\n<p class=\"wp-block-paragraph\">Als N\u00e4chstes durften nach einer kurzen Umbaupause die ebenfalls aus Amerika stammenden Jungs von\u00a0<strong>Vended<\/strong>\u00a0die Stage betreten. Von ihnen hat man in den letzten Jahren doch so einiges geh\u00f6rt, denn S\u00e4nger und Drummer sind die S\u00f6hne der\u00a0<strong>Slipknot<\/strong>-Legenden\u00a0<strong>Corey Taylor<\/strong>\u00a0und\u00a0<strong>Shawn Crahan<\/strong>.<\/p>\n<p class=\"wp-block-paragraph\">Somit waren zwei Dinge von Anfang an klar: Es wird schnell, laut und wild, und der ein oder andere musikalische Part wird stark an\u00a0<strong>Slipknot<\/strong>\u00a0erinnern. Doch die Jungs haben trotzdem ihren komplett eigenen Stil und lieferten mit Songs wie\u00a0<strong>\u201eNihilism\u201c<\/strong>\u00a0und\u00a0<strong>\u201eDed To Me\u201c<\/strong>\u00a0richtig ab.<\/p>\n<p><strong>Slaughter To Prevail bringen das LKA Longhorn zum Kochen<\/strong><\/p>\n<p class=\"wp-block-paragraph\">Um 21:20 Uhr wurde die Stimmung d\u00fcster und unter lautem Jubel betraten nach und nach die maskierten Bandmitglieder von\u00a0<strong>Slaughter To Prevail<\/strong>\u00a0die B\u00fchne. Los ging es mit\u00a0<strong>\u201eBonebreaker\u201c<\/strong>, und ab da war das Innenleben des\u00a0<strong>LKA Longhorn<\/strong>\u00a0bereits am Kochen.<\/p>\n<p class=\"wp-block-paragraph\">Allerdings wurde diese kurze Zeit durch einen Komplettausfall der Technik unterbrochen. Trotz der Hitze und schwei\u00dfgebadetem Zustand gab es die ersten Moshpits, als die Band nochmals von vorne anfing.<\/p>\n<p class=\"wp-block-paragraph\">Nat\u00fcrlich waren viele Fans dort, um\u00a0<strong>Frontmann Alex Terrible<\/strong>\u00a0live zu erleben. Dieser hatte anfangs noch seine Maske auf, doch ab dem Song\u00a0<strong>\u201eViking\u201c<\/strong>\u00a0konnte man ihn auch ohne sehen und das ein oder andere L\u00e4cheln huschte \u00fcber sein Gesicht. Denn die Stimmung war ununterbrochen gut.<\/p>\n<p><strong>Moshpits, Drumsolo und ein kurzes, intensives Finale<\/strong><\/p>\n<p class=\"wp-block-paragraph\">Den H\u00f6hepunkt erreichte der Abend bei\u00a0<strong>\u201eDemolisher\u201c<\/strong>. Auch die restlichen Musiker waren in Topform. So gab es unter anderem ein kurzes, aber grandioses\u00a0<strong>Drumsolo<\/strong>\u00a0\u2013 was f\u00fcr eine Maschine an den Drums.<\/p>\n<p class=\"wp-block-paragraph\">Insgesamt war es ein relativ kurzes Set und nach einigen interessanten Geschichten aus dem Leben des Frontmannes gab es noch eine letzte Zugabe. Um kurz vor\u00a0<strong>22:30 Uhr<\/strong>\u00a0war das Konzert schlie\u00dflich auch schon vorbei.<\/p>\n<p class=\"wp-block-paragraph\">Text &amp; Fotos \u00a9 by Daniel Selke<\/p>\n<p>\t\t\t\t\t\t\t\t<img decoding=\"async\" src=\"data:image\/svg+xml,%3Csvg%20xmlns=\" http:=\"\" data-lazy-src=\"https:\/\/f7844402.delivery.rocketcdn.me\/wp-content\/plugins\/flickr-album-gallery-pro\/img\/5\"\/><\/p>\n","protected":false},"excerpt":{"rendered":"Mitten im Festivalsommer eine Clubshow besuchen? Das geht nat\u00fcrlich, denn die Bands wollen auch au\u00dferhalb von gro\u00dfen Menschenmassen&hellip;\n","protected":false},"author":2,"featured_media":1216696,"comment_status":"","ping_status":"","sticky":false,"template":"","format":"standard","meta":{"footnotes":"","_share_on_mastodon":"0"},"categories":[1830],"tags":[1634,3364,29,30,1441],"class_list":["post-1216695","post","type-post","status-publish","format-standard","has-post-thumbnail","category-stuttgart","tag-baden-wuerttemberg","tag-de","tag-deutschland","tag-germany","tag-stuttgart"],"share_on_mastodon":{"url":"https:\/\/pubeurope.com\/@de\/117041997075902387","error":""},"_links":{"self":[{"href":"https:\/\/www.europesays.com\/de\/wp-json\/wp\/v2\/posts\/1216695","targetHints":{"allow":["GET"]}}],"collection":[{"href":"https:\/\/www.europesays.com\/de\/wp-json\/wp\/v2\/posts"}],"about":[{"href":"https:\/\/www.europesays.com\/de\/wp-json\/wp\/v2\/types\/post"}],"author":[{"embeddable":true,"href":"https:\/\/www.europesays.com\/de\/wp-json\/wp\/v2\/users\/2"}],"replies":[{"embeddable":true,"href":"https:\/\/www.europesays.com\/de\/wp-json\/wp\/v2\/comments?post=1216695"}],"version-history":[{"count":0,"href":"https:\/\/www.europesays.com\/de\/wp-json\/wp\/v2\/posts\/1216695\/revisions"}],"wp:featuredmedia":[{"embeddable":true,"href":"https:\/\/www.europesays.com\/de\/wp-json\/wp\/v2\/media\/1216696"}],"wp:attachment":[{"href":"https:\/\/www.europesays.com\/de\/wp-json\/wp\/v2\/media?parent=1216695"}],"wp:term":[{"taxonomy":"category","embeddable":true,"href":"https:\/\/www.europesays.com\/de\/wp-json\/wp\/v2\/categories?post=1216695"},{"taxonomy":"post_tag","embeddable":true,"href":"https:\/\/www.europesays.com\/de\/wp-json\/wp\/v2\/tags?post=1216695"}],"curies":[{"name":"wp","href":"https:\/\/api.w.org\/{rel}","templated":true}]}}