{"id":1216725,"date":"2026-08-05T08:54:18","date_gmt":"2026-08-05T08:54:18","guid":{"rendered":"https:\/\/www.europesays.com\/de\/1216725\/"},"modified":"2026-08-05T08:54:18","modified_gmt":"2026-08-05T08:54:18","slug":"sehnsucht-nach-form-und-farbe","status":"publish","type":"post","link":"https:\/\/www.europesays.com\/de\/1216725\/","title":{"rendered":"\u201eSehnSucht nach Form und Farbe\u201c"},"content":{"rendered":"<ol class=\"id-DonaldBreadcrumb lp_west_breadcrumb id-DonaldBreadcrumb--default\" data-k5a-pos=\"west_breadcrumb\">\n<li class=\"id-Breadcrumb-item\"><a href=\"https:\/\/www.fnp.de\/\" class=\"id-Breadcrumb-link\" data-id-ec=\"{\" shn=\"\" textlink=\"\" data-k5a-pos=\"1_startseite\" rel=\"nofollow noopener\" target=\"_blank\">Startseite<\/a><\/li>\n<li class=\"id-Breadcrumb-item\"><a href=\"https:\/\/www.fnp.de\/lokales\/\" class=\"id-Breadcrumb-link\" data-id-ec=\"{\" shn=\"\" textlink=\"\" data-k5a-pos=\"2_region\" rel=\"nofollow noopener\" target=\"_blank\">Region<\/a><\/li>\n<li class=\"id-Breadcrumb-item\"><a href=\"https:\/\/www.fnp.de\/lokales\/wetteraukreis\/\" class=\"id-Breadcrumb-link\" data-id-ec=\"{\" shn=\"\" textlink=\"\" data-k5a-pos=\"3_wetteraukreis\" rel=\"nofollow noopener\" target=\"_blank\">Wetteraukreis<\/a><\/li>\n<li class=\"id-Breadcrumb-item\"><a href=\"https:\/\/www.fnp.de\/lokales\/wetteraukreis\/bad-nauheim-ort78877\/\" class=\"id-Breadcrumb-link\" data-id-ec=\"{\" shn=\"\" textlink=\"\" nauheim=\"\" data-k5a-pos=\"4_badNauheim\" rel=\"nofollow noopener\" target=\"_blank\">Bad Nauheim<\/a><\/li>\n<\/ol>\n<p class=\"id-Story-timestamp id-Story-timestamp--default\">Stand: 05.08.2026, 10:26 Uhr<\/p>\n<p class=\"id-Story-authors id-Story-authors--default\">Von: Sabine Bornemann<\/p>\n<p class=\"id-Story-interactionBar id-Story-interactionBar--default\">DruckenTeilen<\/p>\n<p><a href=\"https:\/\/profile.google.com\/cp\/CgsvZy8xMjB2ejBzORoA\" class=\"id-Story-googleFollowButton id-Story-googleFollowButton--default\" target=\"_blank\" data-id-ec=\"{\" shn=\"\" google-follow=\"\" auf=\"\" google=\"\" folgen=\"\" rel=\"nofollow noopener\">Uns auf Google folgen<\/a><img decoding=\"async\" class=\"id-RatioPlaceholder-element wv_story_el_image\" src=\"https:\/\/www.europesays.com\/de\/wp-content\/uploads\/2026\/08\/43589211-ingrid-friederike-collatz-stellt-eine-ausstellung-mit-werken-von-ihr-selbst-und-aus-dem-nac.jpeg\" loading=\"eager\" fetchpriority=\"high\"   height=\"792\" width=\"1408\" alt=\"Ingrid Friederike Collatz stellt eine Ausstellung mit Werken von ihr selbst und aus dem Nachlass von Helmut Beckmann zusammen\"\/>Ingrid Friederike Collatz stellt eine Ausstellung mit Werken von ihr selbst und aus dem Nachlass von Helmut Beckmann zusammen. \u00a9\u00a0hau<\/p>\n<p class=\"id-StoryElement-leadText\">Ingrid Friederike Collatz stellt ab heute ihre Bilder gemeinsam mit Gem\u00e4lden von Helmut Beckmann aus. Nach dessen Unfalltod 2010 konnte sie fast 14 Jahre nicht mehr malen.<\/p>\n<p class=\"id-StoryElement-paragraph\">Bad Nauheim \u2013 Das Leben schreibt seine eigene Choreografie. Auch f\u00fcr Ingrid Friederike Collatz. Eigentlich hatte sie ein Kunstbuch zum \u201eWalk of Fame\u201c im Bad Nauheimer Rosengarten fertigstellen und im ESNZ-Showroom pr\u00e4sentieren wollen. Bei der Recherche stolperte die gelernte \u00dcbersetzerin \u00fcber die Lebensgeschichte von Henri de P\u00e8ne und \u00fcbersetzte dessen Reisetagebuch \u201eUn mois en Allemagne, Nauheim\u201c aus dem Jahr 1859 ins Deutsche. Das Buch unter dem Titel \u201eWenn die Nacht zu den Sternen blickt\u201c (die WZ berichtete) wird bald erscheinen.<\/p>\n<p><img decoding=\"async\" class=\"id-RatioPlaceholder-element wv_story_el_image\" src=\"https:\/\/www.europesays.com\/de\/wp-content\/uploads\/2026\/08\/43589210-das-ist-ein-fruehes-werk-von-helmut-beckmann-PLBG.jpg\" loading=\"lazy\"   height=\"741\" width=\"1100\" alt=\"Das ist ein fr&#xFC;hes Werk von Helmut Beckmann.\"\/>Das Leben schreibt seine eigene Choreografie: Das ist ein fr\u00fches Werk von Helmut Beckmann. \u00a9\u00a0hauNach Trag\u00f6die kein Malen m\u00f6glich<\/p>\n<p class=\"id-StoryElement-paragraph\">Nun hatte Ingrid Collatz aber die Galerie in der Alicestra\u00dfe schon langfristig f\u00fcr die Pr\u00e4sentation des \u201eWork of Fame\u201c-Kunstbuchs angemietet. Aus der Not machte die vielseitig begabte K\u00fcnstlerin eine Tugend: Im August wird es eine Ausstellung mit einer Auswahl ihrer Bilder und Gem\u00e4lden von Helmut Beckmann geben. Dessen h\u00f6chst interessantes \u0152uvre aus den Jahren 1979 bis 2010 erbte Ingrid Collatz nach dem Unfalltod ihres langj\u00e4hrigen Freundes, Wegbegleiters und Mentors im Jahr 2010. Nach der Trag\u00f6die habe sie fast 14 Jahre nicht mehr malen k\u00f6nnen, erz\u00e4hlt Ingrid Collatz. Erst durch den Besuch einer Fauvismus-Ausstellung in Basel wurde sie inspiriert, den Pinsel wieder zur Hand zu nehmen. \u201eNun wird es diese Ausstellung geben, die wir zu Helmuts Lebzeiten schon geplant hatten, und f\u00fcr die unsere gemeinsame Zeit nicht ausgereicht hat.\u201c<\/p>\n<p class=\"id-StoryElement-paragraph\">Der zuletzt in Frankfurt lebende promovierte Wirtschaftswissenschaftler Helmut Beckmann fing schon als kleines Kind mit dem Malen und Zeichnen an. Collatz: \u201eSein K\u00f6nnen perfektionierte er \u00fcber viele Jahre an der St\u00e4del-Abendschule.\u201c Die faszinierende Werkschau ist untergruppiert in Portr\u00e4t, Themen aus der griechischen Mythologie, Akt und Surrealismus.<\/p>\n<p class=\"id-StoryElement-paragraph\">Ingrid Friederike Collatz fing Feuer im Kunstunterricht an der Bad Nauheimer St.-Lioba-Schule bei Schwester Canisa, die sie als gro\u00dfartige K\u00fcnstlerin sch\u00e4tzen lernte. \u201eVon ihr habe ich viel gelernt.\u201c Das Malen begleitete sie ihr Leben lang als Ventil im Alltag.<\/p>\n<p>DJ aus Frankfurt bei Er\u00f6ffnung<\/p>\n<p class=\"id-StoryElement-paragraph\">Dazu geh\u00f6ren diverse Kunstkurse, unter anderem an der Sommerakademie in Erfurt (Landschaftsmalerei, Pastell, \u00d6lpastell, Linolschnitt). Den \u201eDurchbruch\u201c erlebte sie mit der Entdeckung von Gouache-Farben. Ihre Bilder sind stark vom Fauvismus gepr\u00e4gt, von expressiven Pinselstrichen und intensiver Farbigkeit. Collatz\u2019 erster Ausstellung im Jahr 2003 und daraus resultierenden Kunstleasingprojekten folgten zahlreiche Gruppenausstellungen, so auch bei der \u201einside.art\u201c des Kunstvereins <a href=\"https:\/\/www.fnp.de\/lokales\/wetteraukreis\/bad-nauheim-ort78877\/\" class=\"id-import-Link\" title=\"Bad Nauheim\" data-id-ec=\"{&quot;sht&quot;:&quot;Container&quot;,&quot;shn&quot;:&quot;Story&quot;,&quot;p&quot;:{&quot;containerType&quot;:&quot;Paragraph&quot;,&quot;displayType&quot;:&quot;Paragraph InlineLink&quot;,&quot;type&quot;:&quot;INLINE_LINK&quot;,&quot;value&quot;:&quot;Bad Nauheim&quot;,&quot;variant&quot;:&quot;standardLink&quot;,&quot;sponsored&quot;:false,&quot;linkHref&quot;:&quot;https:\/\/www.fnp.de\/lokales\/wetteraukreis\/bad-nauheim-ort78877\/&quot;,&quot;storyElementPosition&quot;:18,&quot;storyElementCount&quot;:22}}\" rel=\"nofollow noopener\" target=\"_blank\">Bad Nauheim<\/a>.<\/p>\n<p class=\"id-StoryElement-paragraph\">Die Vernissage begleitet Hans Romanov musikalisch. Mit dem legend\u00e4ren Klubmacher aus Frankfurt (u. v. a. Ostklub, Yachtclub) ist Ingrid Collatz seit vielen Jahren befreundet und wei\u00df sein professionelles Feingef\u00fchl am Plattenteller hoch zu sch\u00e4tzen. So werden die Besucher der Vernissage im ESNZ-Showroom die kunstvolle Essenz auf einer tiefen Ebene erleben und in einen emotionalen Dialog mit der Kunst eintreten k\u00f6nnen. Ingrid Friederike Collatz freut sich auf einen Austausch mit den Besuchern auch w\u00e4hrend der Ausstellungszeit.<\/p>\n<p>Vernissage heute<\/p>\n<p class=\"id-StoryElement-paragraph\">Die Ausstellung \u201eSehenSucht nach Form und Farbe\u201c mit Werken von Ingrid Friederike Collatz und Helmut Beckmann wird am heutigen Mittwoch, 5. August, um 18 Uhr im ESNZ-Showroom in der Alicestra\u00dfe 13 er\u00f6ffnet. Platten fernab vom Mainstream legt der Frankfurter Klubmacher Hans Romanov bei der Vernissage auf. Die Werke sind zu sehen vom 6. bis 29. August immer Mo., Mi., Do. von 15 bis 18 Uhr, Sa. von 10 bis 14 Uhr sowie nach Vereinbarung.<\/p>\n","protected":false},"excerpt":{"rendered":"Startseite Region Wetteraukreis Bad Nauheim Stand: 05.08.2026, 10:26 Uhr Von: Sabine Bornemann DruckenTeilen Uns auf Google folgenIngrid Friederike&hellip;\n","protected":false},"author":2,"featured_media":1216726,"comment_status":"","ping_status":"","sticky":false,"template":"","format":"standard","meta":{"footnotes":"","_share_on_mastodon":"0"},"categories":[1775],"tags":[1793,29,214,30,1794,215],"class_list":["post-1216725","post","type-post","status-publish","format-standard","has-post-thumbnail","category-kunst-und-design","tag-art-and-design","tag-deutschland","tag-entertainment","tag-germany","tag-kunst-und-design","tag-unterhaltung"],"share_on_mastodon":{"url":"https:\/\/pubeurope.com\/@de\/117042065706530351","error":""},"_links":{"self":[{"href":"https:\/\/www.europesays.com\/de\/wp-json\/wp\/v2\/posts\/1216725","targetHints":{"allow":["GET"]}}],"collection":[{"href":"https:\/\/www.europesays.com\/de\/wp-json\/wp\/v2\/posts"}],"about":[{"href":"https:\/\/www.europesays.com\/de\/wp-json\/wp\/v2\/types\/post"}],"author":[{"embeddable":true,"href":"https:\/\/www.europesays.com\/de\/wp-json\/wp\/v2\/users\/2"}],"replies":[{"embeddable":true,"href":"https:\/\/www.europesays.com\/de\/wp-json\/wp\/v2\/comments?post=1216725"}],"version-history":[{"count":0,"href":"https:\/\/www.europesays.com\/de\/wp-json\/wp\/v2\/posts\/1216725\/revisions"}],"wp:featuredmedia":[{"embeddable":true,"href":"https:\/\/www.europesays.com\/de\/wp-json\/wp\/v2\/media\/1216726"}],"wp:attachment":[{"href":"https:\/\/www.europesays.com\/de\/wp-json\/wp\/v2\/media?parent=1216725"}],"wp:term":[{"taxonomy":"category","embeddable":true,"href":"https:\/\/www.europesays.com\/de\/wp-json\/wp\/v2\/categories?post=1216725"},{"taxonomy":"post_tag","embeddable":true,"href":"https:\/\/www.europesays.com\/de\/wp-json\/wp\/v2\/tags?post=1216725"}],"curies":[{"name":"wp","href":"https:\/\/api.w.org\/{rel}","templated":true}]}}