{"id":1216729,"date":"2026-08-05T08:57:19","date_gmt":"2026-08-05T08:57:19","guid":{"rendered":"https:\/\/www.europesays.com\/de\/1216729\/"},"modified":"2026-08-05T08:57:19","modified_gmt":"2026-08-05T08:57:19","slug":"roman-luft-nach-unten-was-der-mensch-im-jahr-2026-braucht","status":"publish","type":"post","link":"https:\/\/www.europesays.com\/de\/1216729\/","title":{"rendered":"Roman &#8222;Luft nach unten&#8220;: Was der Mensch im Jahr 2026 braucht"},"content":{"rendered":"<p>        <img decoding=\"async\" src=\"https:\/\/www.europesays.com\/de\/wp-content\/uploads\/2026\/08\/coverstajner-100.webp\" alt=\"Cover: Tamara \u0160tajner, \u201cLuft nach unten\u201c\" title=\"Cover: Tamara \u0160tajner, \u201cLuft nach unten\u201c | Zsolnay\" class=\"responsive\"\/><\/p>\n<p>AUDIO: &#8222;Luft nach unten&#8220; ein Roman \u00fcber M\u00fctter und Sehnsucht (4 Min)<\/p>\n<p>\n                Stand: 04.08.2026 15:28 Uhr<\/p>\n<p class=\"preface\">Eine neue Redensart ist im Anflug: &#8222;Och, da ist noch Luft nach unten.&#8220; Der lakonische Satz stammt aus \u00d6sterreich und ist zugleich der Titel von Tamara \u0160tajners zweitem Roman. Die Wiener Musikerin und Schriftstellerin erz\u00e4hlt darin von M\u00fcttern, den Lasten der Vergangenheit im zerfallenen Jugoslawien und der Sehnsucht nach einem parallelen Leben.<\/p>\n<p class=\"textauthor\">von <a href=\"https:\/\/www.ndr.de\/kultur\/alexander-solloch,solloch372.html\" rel=\"nofollow noopener\" target=\"_blank\">Alexander Solloch<\/a><\/p>\n<p class=\"\">Mami, warum warst du immer so w\u00fctend, immer so ungl\u00fccklich? Hast immer Unm\u00f6gliches verlangt von mir? Und gar nicht kapiert, dass ich gerade deshalb immer alles anders machen musste? Warum, Mami, warum?<\/p>\n<p class=\"\">Iva kann ihre Fragen nur in Gedanken stellen. Wenn sie auch sonst keinen Draht zu ihrer Mutter findet, sucht sie zumindest nach einer inneren Verbindung &#8211; und h\u00f6rt doch nicht auf zu hoffen \u2026<\/p>\n<blockquote><p>\n        Wenn ich zu dir komme, dann erz\u00e4hlst du. Ich will dich h\u00f6ren. Wer warst du, bevor du nur noch Dunkelheit sehen und Dunkelheit leben wolltest? Ich werde so lange bei dir bleiben, wie es dauert. Bis du alles aus dir herauserz\u00e4hlt hast.<\/p>\n<p>                Ausschnitt aus &#8222;Luft nach unten&#8220;<\/p>\n<\/blockquote>\n<p class=\"\">Tats\u00e4chlich ist es Iva selbst, die Tochter, die alles aus sich herauserz\u00e4hlt. Sie ist Ende drei\u00dfig, lebt als Musikerin in Wien &#8211; und kann ihre Mutter gar nicht anh\u00f6ren, weil sie es nie lange bei ihr aush\u00e4lt, im Elternhaus in Slowenien, wo die Mutter krank im eigenen Uringestank vor sich hin vegetiert und der Vater ermattet und stumpf dabei sitzt, beide erdr\u00fcckt von den Lasten der Vergangenheit. Ist es also das, worauf Elternschaft hinausl\u00e4uft? Dass am Ende alles in Scherben liegt?<\/p>\n<p>    Kinderwunsch und Konflikte<\/p>\n<p class=\"\">Das zu wissen ist gerade jetzt wichtig f\u00fcr Iva, weil sie selbst unbedingt Mutter werden m\u00f6chte &#8211; eigentlich. Allerdings scheint ihr Mann Felix trotz aller rhetorischen Bekenntnisse die Kinderwunsch-Behandlung hinterr\u00fccks zu torpedieren, immer wieder findet er Ausreden daf\u00fcr, warum gerade jetzt kein Spermiogramm m\u00f6glich sei, immer wieder bringt er die ohnehin in ihr lodernde Wut zum Ausbruch wie einen Vulkan.<\/p>\n<blockquote><p>\n        Einmal habe ich ihn in Rom die ganze lange Strecke die Via Flaminia entlang beschimpft, von der Milvischen Br\u00fccke bis zur Piazza del Popolo. So laut beschimpft habe ich ihn, dass selbst die Italiener verstummten, mit ihren Vespas anhielten oder langsamer an uns vorbeifuhren, die Fenster zumachten und uns in weiten B\u00f6gen auswichen. Dann ist er mir an einer Ampel sogar noch entwischt, hat sich in den umliegenden Gassen verstecken wollen, aber ich kannte ihn zu gut, wusste genau, welche Wege er nehmen w\u00fcrde, dieser Feigling, und fand ihn sofort.<\/p>\n<p>                Ausschnitt aus &#8222;Luft nach unten&#8220;<\/p>\n<\/blockquote>\n<p>    Ein paralleles Leben mit Gabriel<\/p>\n<p class=\"\">Sie allerdings ist auch nicht ehrlich zu ihm: In aller Heimlichkeit kn\u00f6pft sie dem Alltag einzelne Stunden ab und taumelt in den Liebesrausch mit einem anderen Mann, Gabriel: ein paralleles Leben.<\/p>\n<blockquote><p>\n        Das L\u00fcgen war grausam. Doch inzwischen f\u00fchlten sich meine Unwahrheiten gar nicht mehr wie L\u00fcgen an, eher wie Verwandlungen. Als w\u00e4re ich nicht blo\u00df eine. Ich schl\u00fcpfte von einer Rolle in die andere. Was eine tat, ging die andere nichts an.<\/p>\n<p>                Ausschnitt aus Tamara \u0160tajner, &#8222;Luft nach unten&#8220;<\/p>\n<\/blockquote>\n<p>    Die &#8222;unm\u00f6gliche M\u00f6glichkeitsform&#8220;<\/p>\n<p class=\"\">Sie nennt das die &#8222;unm\u00f6gliche M\u00f6glichkeitsform&#8220;. Die Grammatik des Lebens kennt n\u00e4mlich keine moralischen Regeln; sie setzt sich zusammen aus Umwegen, aus Verirrungen &#8211; und den Abgr\u00fcnden, in die sie f\u00fchren, aus denen aber vielleicht doch Verhei\u00dfungen werden.<\/p>\n<blockquote><p>\n        Merkst du\u2019s auch? Es wird was Neues. Anders. Zieht mich alles in eine unbekannte Richtung. Und wie gern gebe ich nach.<\/p>\n<p>                Ausschnitt aus Tamara \u0160tajner, &#8222;Luft nach unten&#8220;<\/p>\n<\/blockquote>\n<p class=\"\">Dieser Roman hat alles, was der Mensch im Jahr 2026 braucht: Liebe, Witz, Trost, Identifikation, Verst\u00f6rung, Halt &#8211; und Poesie. Literarisch gibt&#8217;s da kaum noch Luft nach oben.<\/p>\n<p>        <a href=\"https:\/\/www.europesays.com\/de\/wp-content\/uploads\/2026\/08\/coverstajner-100.webp\" class=\"zoomimage\" title=\"Bild vergr\u00f6\u00dfern\"><\/p>\n<p>        <img decoding=\"async\" src=\"https:\/\/www.europesays.com\/de\/wp-content\/uploads\/2026\/08\/coverstajner-100.webp\" alt=\"Cover: Tamara \u0160tajner, \u201cLuft nach unten\u201c\" title=\"Cover: Tamara \u0160tajner, \u201cLuft nach unten\u201c | Zsolnay\" class=\"responsive\" loading=\"lazy\"\/><\/p>\n<p>        <\/a><\/p>\n<p>      Luft nach unten<\/p>\n<p>von Tamara\u00a0\u0160tajner<\/p>\n<dl>\n<dt class=\"dtHidden\">Seitenzahl:<\/dt>\n<dd>336 Seiten<\/dd>\n<dt class=\"dtHidden\">Genre:<\/dt>\n<dd>Roman<\/dd>\n<dt>Verlag:<\/dt>\n<dd>Zsolnay<\/dd>\n<dt>ISBN:<\/dt>\n<dd>978-3-552-07582-5<\/dd>\n<dt>Preis:<\/dt>\n<dd>25 \u20ac<\/dd>\n<\/dl>\n<p>        Schlagw\u00f6rter zu diesem Artikel<\/p>\n<p>            <a href=\"https:\/\/www.ndr.de\/kultur\/buch\/Romane-Buch-Rezensionen-Lesungen-und-Podcasts,romane107.html\" rel=\"nofollow noopener\" target=\"_blank\">Romane<\/a><\/p>\n","protected":false},"excerpt":{"rendered":"AUDIO: &#8222;Luft nach unten&#8220; ein Roman \u00fcber M\u00fctter und Sehnsucht (4 Min) Stand: 04.08.2026 15:28 Uhr Eine neue&hellip;\n","protected":false},"author":2,"featured_media":1216730,"comment_status":"","ping_status":"","sticky":false,"template":"","format":"standard","meta":{"footnotes":"","_share_on_mastodon":"0"},"categories":[1772],"tags":[1797,29,214,30,253082,1779,810,118850,1803,1795,1800,253081,215],"class_list":["post-1216729","post","type-post","status-publish","format-standard","has-post-thumbnail","category-musik","tag-buch","tag-deutschland","tag-entertainment","tag-germany","tag-luft-nach-unten","tag-music","tag-musik","tag-neue-buecher","tag-rezension","tag-roman","tag-romane","tag-tamara-stajner","tag-unterhaltung"],"share_on_mastodon":{"url":"https:\/\/pubeurope.com\/@de\/117042077667384412","error":""},"_links":{"self":[{"href":"https:\/\/www.europesays.com\/de\/wp-json\/wp\/v2\/posts\/1216729","targetHints":{"allow":["GET"]}}],"collection":[{"href":"https:\/\/www.europesays.com\/de\/wp-json\/wp\/v2\/posts"}],"about":[{"href":"https:\/\/www.europesays.com\/de\/wp-json\/wp\/v2\/types\/post"}],"author":[{"embeddable":true,"href":"https:\/\/www.europesays.com\/de\/wp-json\/wp\/v2\/users\/2"}],"replies":[{"embeddable":true,"href":"https:\/\/www.europesays.com\/de\/wp-json\/wp\/v2\/comments?post=1216729"}],"version-history":[{"count":0,"href":"https:\/\/www.europesays.com\/de\/wp-json\/wp\/v2\/posts\/1216729\/revisions"}],"wp:featuredmedia":[{"embeddable":true,"href":"https:\/\/www.europesays.com\/de\/wp-json\/wp\/v2\/media\/1216730"}],"wp:attachment":[{"href":"https:\/\/www.europesays.com\/de\/wp-json\/wp\/v2\/media?parent=1216729"}],"wp:term":[{"taxonomy":"category","embeddable":true,"href":"https:\/\/www.europesays.com\/de\/wp-json\/wp\/v2\/categories?post=1216729"},{"taxonomy":"post_tag","embeddable":true,"href":"https:\/\/www.europesays.com\/de\/wp-json\/wp\/v2\/tags?post=1216729"}],"curies":[{"name":"wp","href":"https:\/\/api.w.org\/{rel}","templated":true}]}}