{"id":1216764,"date":"2026-08-05T09:17:12","date_gmt":"2026-08-05T09:17:12","guid":{"rendered":"https:\/\/www.europesays.com\/de\/1216764\/"},"modified":"2026-08-05T09:17:12","modified_gmt":"2026-08-05T09:17:12","slug":"himmel-hier-einfach-mal-zuhoeren-wie-eine-bank-in-augsburg-gegen-die-einsamkeit-hilft","status":"publish","type":"post","link":"https:\/\/www.europesays.com\/de\/1216764\/","title":{"rendered":"Himmel &#038; Hier: Einfach mal zuh\u00f6ren \u2013 wie eine Bank in Augsburg gegen die Einsamkeit hilft"},"content":{"rendered":"<p>Wir sind digital vernetzt wie nie, doch viele f\u00fchlen sich ungeh\u00f6rt. In der neuen Folge des Podcasts Himmel &amp; Hier treffen wir Caro Fellhauer auf einer Bank in Augsburg. Als Ehrenamtliche beim Projekt &#8222;Zeit zum Zuh\u00f6ren&#8220; stellt sie einen Wimpel auf und wartet. Die eiserne Regel: Nur zuh\u00f6ren, nichts bewerten.<\/p>\n<p>Der Wendepunkt: Zwei Wochen im Koma\u00a0<\/p>\n<p>Dass Caro das tut, hat einen tiefen Grund. Eine schwere Krankheit riss sie aus dem Leben, sie lag \u00fcber zwei Wochen im k\u00fcnstlichen Koma. Diese Grenzerfahrung ver\u00e4nderte alles: &#8222;Mir ist k\u00f6rperlich bewusst geworden, wie wertvoll Zeit und das Zwischenmenschliche sind.&#8220;<\/p>\n<p>Hinter die &#8222;Emotionsmaske&#8220; blicken\u00a0<\/p>\n<p>Auf der Bank erlebt Caro oft, dass Menschen zun\u00e4chst w\u00fctend wirken \u2013 sie tragen eine Art &#8222;Emotionsmaske&#8220;. Wer diese erste Welle aush\u00e4lt und echtes Interesse zeigt, entdeckt fast immer etwas zutiefst Menschliches.\u00a0<\/p>\n<p>Um die Welt ein bisschen besser zu machen, braucht es aber nicht zwingend eine Bank. Caros Rat f\u00fcr den Alltag: &#8222;Die 1-Prozent-L\u00f6sung ist: L\u00e4chle einfach mal andere Leute an.&#8220;<\/p>\n<p>Die ganze Geschichte h\u00f6rt ihr in der neuen Folge von &#8222;Himmel &amp; Hier&#8220; \u2013 \u00fcberall, wo es Podcasts gibt.<\/p>\n","protected":false},"excerpt":{"rendered":"Wir sind digital vernetzt wie nie, doch viele f\u00fchlen sich ungeh\u00f6rt. In der neuen Folge des Podcasts Himmel&hellip;\n","protected":false},"author":2,"featured_media":1216765,"comment_status":"","ping_status":"","sticky":false,"template":"","format":"standard","meta":{"footnotes":"","_share_on_mastodon":"0"},"categories":[1846],"tags":[680,772,3364,29,5393,40411,548,663,3934,30,13,14,15,12,38698],"class_list":["post-1216764","post","type-post","status-publish","format-standard","has-post-thumbnail","category-augsburg","tag-augsburg","tag-bayern","tag-de","tag-deutschland","tag-ehrenamt","tag-ehrenamtliche","tag-eu","tag-europa","tag-europe","tag-germany","tag-headlines","tag-nachrichten","tag-news","tag-schlagzeilen","tag-seelsorge"],"share_on_mastodon":{"url":"","error":""},"_links":{"self":[{"href":"https:\/\/www.europesays.com\/de\/wp-json\/wp\/v2\/posts\/1216764","targetHints":{"allow":["GET"]}}],"collection":[{"href":"https:\/\/www.europesays.com\/de\/wp-json\/wp\/v2\/posts"}],"about":[{"href":"https:\/\/www.europesays.com\/de\/wp-json\/wp\/v2\/types\/post"}],"author":[{"embeddable":true,"href":"https:\/\/www.europesays.com\/de\/wp-json\/wp\/v2\/users\/2"}],"replies":[{"embeddable":true,"href":"https:\/\/www.europesays.com\/de\/wp-json\/wp\/v2\/comments?post=1216764"}],"version-history":[{"count":0,"href":"https:\/\/www.europesays.com\/de\/wp-json\/wp\/v2\/posts\/1216764\/revisions"}],"wp:featuredmedia":[{"embeddable":true,"href":"https:\/\/www.europesays.com\/de\/wp-json\/wp\/v2\/media\/1216765"}],"wp:attachment":[{"href":"https:\/\/www.europesays.com\/de\/wp-json\/wp\/v2\/media?parent=1216764"}],"wp:term":[{"taxonomy":"category","embeddable":true,"href":"https:\/\/www.europesays.com\/de\/wp-json\/wp\/v2\/categories?post=1216764"},{"taxonomy":"post_tag","embeddable":true,"href":"https:\/\/www.europesays.com\/de\/wp-json\/wp\/v2\/tags?post=1216764"}],"curies":[{"name":"wp","href":"https:\/\/api.w.org\/{rel}","templated":true}]}}