{"id":1216788,"date":"2026-08-05T09:31:17","date_gmt":"2026-08-05T09:31:17","guid":{"rendered":"https:\/\/www.europesays.com\/de\/1216788\/"},"modified":"2026-08-05T09:31:17","modified_gmt":"2026-08-05T09:31:17","slug":"russlands-menschenjagd-per-drohne-in-ukraine-es-flog-auf-mich-zu","status":"publish","type":"post","link":"https:\/\/www.europesays.com\/de\/1216788\/","title":{"rendered":"Russlands &#8222;Menschenjagd&#8220; per Drohne in Ukraine: &#8222;Es flog auf mich zu\u201c"},"content":{"rendered":"<p>Ein 52-j\u00e4hriger Gem\u00fcseh\u00e4ndler aus Cherson in der Ukraine hat geschildert, was er erlebt hat. Eine russische Drohne verfolgte ihn und jagte ihn um seinen Verkaufswagen herum, bevor die Drohne direkt neben ihm explodierte.<\/p>\n<p>          <img decoding=\"async\" class=\"c-ad__placeholder__logo\" src=\"https:\/\/static.euronews.com\/website\/images\/logos\/logo-euronews-stacked-outlined-72x72-grey-9.svg\" width=\"72\" height=\"72\" alt=\"\" loading=\"lazy\"\/><br \/>\n          WERBUNG<\/p>\n<p>          <img decoding=\"async\" class=\"c-ad__placeholder__logo\" src=\"https:\/\/static.euronews.com\/website\/images\/logos\/logo-euronews-stacked-outlined-72x72-grey-9.svg\" width=\"72\" height=\"72\" alt=\"\" loading=\"lazy\"\/><br \/>\n          WERBUNG<\/p>\n<p>Der Angriff wurde von \u00dcberwachungskameras der Nationalpolizei aufgezeichnet. Ukrainische Stellen sprechen vom Teil eines gr\u00f6\u00dferen Musters von Angriffen nach dem Prinzip einer <a href=\"https:\/\/de.euronews.com\/my-europe\/2026\/08\/04\/schock-video-russische-drohne-jagt-zivilisten-auf-markt-in-cherson\" rel=\"nofollow noopener\" target=\"_blank\">&#8222;Menschenjagd&#8220; auf Zivilisten<\/a>.<\/p>\n<p>Jurij sagt, der Tag habe ganz gew\u00f6hnlich begonnen. Er und seine Frau fuhren in die Stadt, um ihren Stand aufzubauen, und stellten ihren Transporter auf einem Bauernmarkt ab.<\/p>\n<p>\u201eWir hatten gerade erst angefangen, das Gem\u00fcse auszulegen. Ich hatte nur die Sonnenschirme aufgestellt und begonnen, die Kisten herauszuholen. Meine Frau war auch da\u201c, berichtet der 52-J\u00e4hrige aus seinem Krankenhausbett.<\/p>\n<p>\u201eWir h\u00f6rten ein Summen, sehen konnte man nichts. Es kam von irgendwo hinter dem Markt, aus dem Geb\u00fcsch, und flog sehr niedrig.\u201c<\/p>\n<p>Auf sp\u00e4ter ver\u00f6ffentlichten Aufnahmen der ukrainischen Nationalpolizei ist eine kleine FPV-Drohne zu sehen, die \u00fcber dem Markt auftaucht. FPV steht f\u00fcr &#8222;First Person View&#8220;, bei der der Flug aus Ich-Perspektive der Drohne auf einer Kamera gezeigt wird. Die Drohne folgt einem Mann in dunkler Kleidung, der sich um seinen wei\u00dfen Transporter bewegt.<\/p>\n<p>Die Drohne geht immer wieder in den Sinkflug und \u00e4ndert die Richtung entsprechend seinen Bewegungen. Schlie\u00dflich st\u00fcrzt sie auf ihn zu und explodiert, sodass er zu Boden geht.<\/p>\n<p>Jurij erz\u00e4hlt, seine Frau sei losgerannt, sobald sie das Ger\u00e4usch geh\u00f6rt habe. Die Drohne habe sich dann nur noch auf ihn konzentriert.<\/p>\n<p>\u201eMeine Frau lief weg, und die Drohne begann, sich zu drehen und auf das Fahrzeug zuzuhalten\u201c, sagt der Gem\u00fcseh\u00e4ndler.<\/p>\n<p>&#8222;Ich hatte Knoblauch in der Hand&#8220;<\/p>\n<p>\u201eIch habe ihr Zeichen gegeben, so nach dem Motto: \u201aSchau, hier ist das Gem\u00fcse\u2018. Aber sie ging im Sturzflug auf mich los. Ich rannte los und prallte gegen das Fahrzeug. Am Ende standen wir genau in einer Linie, sie schlug ein, und ich st\u00fcrzte einfach zu Boden. Dann sah ich, dass das Fahrzeug besch\u00e4digt war.\u201c<\/p>\n<p>Jurij betont, dass es dort nichts gab, was man vern\u00fcnftigerweise f\u00fcr ein milit\u00e4risches Ziel halten konnte.<\/p>\n<p>\u201eIch habe sie nicht gefilmt oder so etwas. Ich hatte sogar Knoblauch in der Hand. Wenn Sie das Video anschauen, halte ich zwei Knoblauchknollen. Ich habe ihr gezeigt: \u201aSchau, das sind alles landwirtschaftliche Produkte\u2018\u201c, sagt er.<\/p>\n<p>\u201eSie haben im Video selbst gesehen: Ich lief von dieser Seite vor ihr davon, da senkte sie sich unter den Sonnenschirm. Der Bediener konnte erkennen, dass dort bereits Tomaten lagen, einige Gurken, Auberginen auf dem Boden. Es gab also nichts anderes dort.\u201c<\/p>\n<p>Der ukrainische Ombudsmann Dmytro Lubinets sagte, das \u201eVideo zeigt Russlands tats\u00e4chliche Taktik: unschuldige Menschen verfolgen und t\u00f6ten\u201c.<\/p>\n<p>\u201eDie Welt darf nicht wegsehen. So jagt Russland Zivilisten\u201c, erkl\u00e4rte Lubinets.<\/p>\n<p>F\u00fcr Jurij war es nicht der erste Drohnenangriff.<\/p>\n<p>\u201eDas ist schon das zweite Mal. Beim ersten Mal war ich auf dem Weg zu meiner Schwiegermutter. Damals konnten wir vor der Drohne davonlaufen\u201c, erz\u00e4hlt er. \u201eWir haben das Auto irgendwie wieder hergerichtet, denn wir haben nichts anderes, um unsere Ware zu transportieren.\u201c<\/p>\n<p>Diesmal gab es f\u00fcr ihn kein Entkommen. Dann detonierte die Munition der Drohne. Die Druckwelle riss das Heck des Transporters auf und schleuderte ihn zu Boden.<\/p>\n<p>Nach Angaben der Polizei und der Regionalbeh\u00f6rden erlitt er eine Gehirnersch\u00fctterung, ein Explosionstrauma sowie mehrere Splitterverletzungen an R\u00fccken und Beinen. Inzwischen ist sein Zustand stabil.<\/p>\n<p>Einzelne Zivilisten werden von russischen Drohnen verfolgt<\/p>\n<p>Die ukrainische Polizei und die \u00f6rtlichen Beh\u00f6rden betonen, das Opfer zeige \u201ekeinerlei Anzeichen eines K\u00e4mpfers\u201c. Sie beschreiben ihn schlicht als Gem\u00fcseh\u00e4ndler aus der Region Mykolajiw, der nach Cherson gekommen sei, um seine Produkte zu verkaufen.<\/p>\n<p>Der Angriff wird als weiteres mutma\u00dfliches Kriegsverbrechen russischer Truppen registriert. Die ukrainische Staatsanwaltschaft hat ein Verfahren eingeleitet.<\/p>\n<p>Beh\u00f6rdenvertreter sehen den Vorfall in Cherson als Teil einer breiteren Entwicklung. Niedrig fliegende FPV-Drohnen treffen nicht nur Stellungen an der Front, sondern verfolgen inzwischen einzelne Zivilisten in Stra\u00dfen und auf M\u00e4rkten nahe der s\u00fcdlichen Frontlinie.<\/p>\n<p>Beobachter der Vereinten Nationen melden in diesem Jahr einen starken Anstieg ziviler Opfer durch Drohnen. Solche Angriffe machen einen immer gr\u00f6\u00dferen Anteil der Verletzten und Toten aus.<\/p>\n","protected":false},"excerpt":{"rendered":"Ein 52-j\u00e4hriger Gem\u00fcseh\u00e4ndler aus Cherson in der Ukraine hat geschildert, was er erlebt hat. Eine russische Drohne verfolgte&hellip;\n","protected":false},"author":2,"featured_media":1216789,"comment_status":"","ping_status":"","sticky":false,"template":"","format":"standard","meta":{"footnotes":"","_share_on_mastodon":"0"},"categories":[4013],"tags":[331,332,10068,13,63595,1435,14,15,4043,4044,850,307,12,317,1712,107],"class_list":["post-1216788","post","type-post","status-publish","format-standard","has-post-thumbnail","category-russland","tag-aktuelle-nachrichten","tag-aktuelle-news","tag-drohnen","tag-headlines","tag-kherson","tag-krieg-in-der-ukraine","tag-nachrichten","tag-news","tag-russia","tag-russian-federation","tag-russische-foederation","tag-russland","tag-schlagzeilen","tag-ukraine","tag-ukraine-krieg","tag-wolodymyr-selenskyj"],"share_on_mastodon":{"url":"https:\/\/pubeurope.com\/@de\/117042211739034737","error":""},"_links":{"self":[{"href":"https:\/\/www.europesays.com\/de\/wp-json\/wp\/v2\/posts\/1216788","targetHints":{"allow":["GET"]}}],"collection":[{"href":"https:\/\/www.europesays.com\/de\/wp-json\/wp\/v2\/posts"}],"about":[{"href":"https:\/\/www.europesays.com\/de\/wp-json\/wp\/v2\/types\/post"}],"author":[{"embeddable":true,"href":"https:\/\/www.europesays.com\/de\/wp-json\/wp\/v2\/users\/2"}],"replies":[{"embeddable":true,"href":"https:\/\/www.europesays.com\/de\/wp-json\/wp\/v2\/comments?post=1216788"}],"version-history":[{"count":0,"href":"https:\/\/www.europesays.com\/de\/wp-json\/wp\/v2\/posts\/1216788\/revisions"}],"wp:featuredmedia":[{"embeddable":true,"href":"https:\/\/www.europesays.com\/de\/wp-json\/wp\/v2\/media\/1216789"}],"wp:attachment":[{"href":"https:\/\/www.europesays.com\/de\/wp-json\/wp\/v2\/media?parent=1216788"}],"wp:term":[{"taxonomy":"category","embeddable":true,"href":"https:\/\/www.europesays.com\/de\/wp-json\/wp\/v2\/categories?post=1216788"},{"taxonomy":"post_tag","embeddable":true,"href":"https:\/\/www.europesays.com\/de\/wp-json\/wp\/v2\/tags?post=1216788"}],"curies":[{"name":"wp","href":"https:\/\/api.w.org\/{rel}","templated":true}]}}