{"id":1216802,"date":"2026-08-05T09:40:17","date_gmt":"2026-08-05T09:40:17","guid":{"rendered":"https:\/\/www.europesays.com\/de\/1216802\/"},"modified":"2026-08-05T09:40:17","modified_gmt":"2026-08-05T09:40:17","slug":"landau-zu-ceuta-neue-debatte-ueber-legale-zuwanderung-noetig","status":"publish","type":"post","link":"https:\/\/www.europesays.com\/de\/1216802\/","title":{"rendered":"Landau zu Ceuta: Neue Debatte \u00fcber legale Zuwanderung n\u00f6tig"},"content":{"rendered":"<p>Der Pr\u00e4sident der Caritas Europa, Michael Landau, fordert eine neue Debatte \u00fcber legale Zuwanderung und das Recht, nicht auswandern zu m\u00fcssen. <\/p>\n<p>     <a href=\"https:\/\/www.vaticannews.va\/de\/kirche\/news\/2026-08\/migration-eu-ausgleich-solidaritaet-humanitaet-hein-papst-ceuta.html\" title=\"Migration und die EU: \u201eAusgleich, Solidarit\u00e4t, Humanit\u00e4t\u201c?\" rel=\"nofollow noopener\" target=\"_blank\"><\/p>\n<p>        <img decoding=\"async\" src=\"data:image\/gif;base64,R0lGODlhAQABAIAAAAAAAP\/\/\/yH5BAEAAAAALAAAAAABAAEAAAIBRAA7\" data-original=\"https:\/\/www.vaticannews.va\/content\/dam\/vaticannews\/agenzie\/images\/ansa\/2026\/08\/04\/12\/1785838817187.jpg\/_jcr_content\/renditions\/cq5dam.thumbnail.cropped.500.281.jpeg\" alt=\"Migration und die EU: \u201eAusgleich, Solidarit\u00e4t, Humanit\u00e4t\u201c?\"\/><\/p>\n<p>      <\/a><\/p>\n<p>\n      \u201eMigrationskrise\u201c, \u201emassiver Zustrom\u201c und \u201eNotma\u00dfnahmen\u201c: solche Begriffe pr\u00e4gen regelm\u00e4\u00dfig Debatten um Migration nach Europa, so auch aktuell im Fall Ceuta, das in der letzten &#8230;\n     <\/p>\n<p>Vor dem Hintergrund der Migrationskrise in der spanischen Nordafrika-Exklave Ceuta, wo Ende vergangener Woche rund 72.000 Menschen aus Marokko versuchten, die Grenze zu erreichen, pl\u00e4dierte Landau f\u00fcr eine europ\u00e4ische Migrationspolitik, die neben dem Schutz der Au\u00dfengrenzen und funktionierenden Asylverfahren auch regul\u00e4re Wege nach Europa er\u00f6ffnet. \u201eLegale Migration ist in der EU zum Tabuthema geworden\u201c, kritisierte Landau gegen\u00fcber der Nachrichtenagentur Kathpress.<\/p>\n<blockquote>\n<p>\u201ev\u00f6llig unterentwickelt und verk\u00fcmmert\u201c<\/p>\n<\/blockquote>\n<p>Er verstehe und teile den Wunsch, dass Europa wissen m\u00fcsse, \u201ewer kommt und bleibt\u201c, sagte Landau. Sichere Grenzen und rasche, qualit\u00e4tvolle Asylverfahren seien wichtige Voraussetzungen daf\u00fcr, M\u00f6glichkeiten zur legalen Arbeitsmigration zu schaffen. Doch gerade diese zweite Seite der Migrationspolitik sei \u201ev\u00f6llig unterentwickelt und verk\u00fcmmert\u201c.<\/p>\n<p>   Es geht um die wirtschaftliche Zukunft Europas <\/p>\n<p> <\/p>\n<p>Es gehe dabei nicht nur um Migration als humanit\u00e4re Frage, sondern auch um die wirtschaftliche Zukunft Europas, betonte Landau. Er verwies unter anderem auf den \u00f6sterreichischen EU-Kommissar Magnus Brunner, der davor warne, dass die europ\u00e4ischen Volkswirtschaften in 20 Jahren um neun bis 15 Prozent kleiner ausfallen k\u00f6nnten, sollte die legale Zuwanderung vollst\u00e4ndig gestoppt werden. Europa drohe dadurch wirtschaftlich hinter China, den USA sowie aufstrebenden Volkswirtschaften wie Brasilien und Indien zur\u00fcckzufallen.<\/p>\n<p>   Landau verbindet die Forderung nach legalen Wegen mit einer st\u00e4rkeren Bek\u00e4mpfung der Ursachen von Flucht und Migration. Er verwies dabei auf Papst Leo XIV. und dessen Forderung nach \u201epolitischen Ma\u00dfnahmen, die es jedem Menschen erm\u00f6glichen, in seiner Heimat in W\u00fcrde zu leben\u201c. Neben dem Recht, Zuflucht zu suchen, wenn das eigene Leben bedroht sei, m\u00fcsse daher auch das Recht gest\u00e4rkt werden, nicht auswandern zu m\u00fcssen. An dieses Recht, \u201ebleiben zu k\u00f6nnen, nicht fliehen zu m\u00fcssen\u201c, m\u00fcsse auch die Kirche erinnern. \u201eDiese Debatte, die bei den Ursachen ansetzt und dann menschengerechte L\u00f6sungen sucht, vermisse ich schmerzlich\u201c, so Landau.\n  <\/p>\n<p>Die EU-Innenminister betonten nach ihrem digitalen Austausch am Dienstag ihre Geschlossenheit und stellten sich hinter Spanien. Die Au\u00dfengrenzen seien gemeinsame Verantwortung, die Migrationsfrage erfordere eine einheitliche europ\u00e4ische Antwort, erkl\u00e4rte der irische Migrationsminister Jim O&#8217;Callaghan. Zugleich sollen Fr\u00fchwarnsysteme und die europ\u00e4ische Krisenkommunikation verbessert werden.\n  <\/p>\n<p>Nach j\u00fcngsten Angaben der Regionalbeh\u00f6rden starben mindestens 75 Menschen beim Versuch, Ceuta zu erreichen. Von den rund 72.000 Migranten sollen nach neuen Regierungsangaben aus Madrid 70.000 inzwischen nach Marokko zur\u00fcckgekehrt sein.\n  <\/p>\n<p>(kap \u2013 pr)\n <\/p>\n","protected":false},"excerpt":{"rendered":"Der Pr\u00e4sident der Caritas Europa, Michael Landau, fordert eine neue Debatte \u00fcber legale Zuwanderung und das Recht, nicht&hellip;\n","protected":false},"author":2,"featured_media":1216803,"comment_status":"","ping_status":"","sticky":false,"template":"","format":"standard","meta":{"footnotes":"","_share_on_mastodon":"0"},"categories":[3933],"tags":[331,332,2529,548,663,158,3934,3935,13,22677,14,15,16,12,10517,55],"class_list":["post-1216802","post","type-post","status-publish","format-standard","has-post-thumbnail","category-eu","tag-aktuelle-nachrichten","tag-aktuelle-news","tag-caritas","tag-eu","tag-europa","tag-europaeische-union","tag-europe","tag-european-union","tag-headlines","tag-migranten-und-fluechtlinge","tag-nachrichten","tag-news","tag-politik","tag-schlagzeilen","tag-solidaritaet","tag-wirtschaft"],"share_on_mastodon":{"url":"https:\/\/pubeurope.com\/@de\/117042244938351865","error":""},"_links":{"self":[{"href":"https:\/\/www.europesays.com\/de\/wp-json\/wp\/v2\/posts\/1216802","targetHints":{"allow":["GET"]}}],"collection":[{"href":"https:\/\/www.europesays.com\/de\/wp-json\/wp\/v2\/posts"}],"about":[{"href":"https:\/\/www.europesays.com\/de\/wp-json\/wp\/v2\/types\/post"}],"author":[{"embeddable":true,"href":"https:\/\/www.europesays.com\/de\/wp-json\/wp\/v2\/users\/2"}],"replies":[{"embeddable":true,"href":"https:\/\/www.europesays.com\/de\/wp-json\/wp\/v2\/comments?post=1216802"}],"version-history":[{"count":0,"href":"https:\/\/www.europesays.com\/de\/wp-json\/wp\/v2\/posts\/1216802\/revisions"}],"wp:featuredmedia":[{"embeddable":true,"href":"https:\/\/www.europesays.com\/de\/wp-json\/wp\/v2\/media\/1216803"}],"wp:attachment":[{"href":"https:\/\/www.europesays.com\/de\/wp-json\/wp\/v2\/media?parent=1216802"}],"wp:term":[{"taxonomy":"category","embeddable":true,"href":"https:\/\/www.europesays.com\/de\/wp-json\/wp\/v2\/categories?post=1216802"},{"taxonomy":"post_tag","embeddable":true,"href":"https:\/\/www.europesays.com\/de\/wp-json\/wp\/v2\/tags?post=1216802"}],"curies":[{"name":"wp","href":"https:\/\/api.w.org\/{rel}","templated":true}]}}