{"id":1217004,"date":"2026-08-05T11:41:17","date_gmt":"2026-08-05T11:41:17","guid":{"rendered":"https:\/\/www.europesays.com\/de\/1217004\/"},"modified":"2026-08-05T11:41:17","modified_gmt":"2026-08-05T11:41:17","slug":"oberlandesgericht-hamburg-mitglieder-der-letzten-verteidigungswelle-zu-haftstrafen-verurteilt","status":"publish","type":"post","link":"https:\/\/www.europesays.com\/de\/1217004\/","title":{"rendered":"Oberlandesgericht Hamburg: Mitglieder der \u00bbLetzten Verteidigungswelle\u00ab zu Haftstrafen verurteilt"},"content":{"rendered":"<p class=\"paragraph article__item\">Im <a href=\"https:\/\/www.zeit.de\/gesellschaft\/2026-03\/razzia-bundesanwaltschaft-rechtsextrem-terrorvereinigung-letzte-verteidigungswelle-gxe\" target=\"_blank\" rel=\"nofollow noopener\">Prozess<\/a> gegen sieben Mitglieder und einen Unterst\u00fctzer der<br \/>\n<a href=\"https:\/\/www.zeit.de\/thema\/rechtsextremismus\" target=\"_blank\" rel=\"nofollow noopener\">rechtsextremen<\/a> Terrorgruppe \u00bbLetzte Verteidigungswelle\u00ab hat das Hanseatische Oberlandesgericht Hamburg Haftstrafen zwischen anderthalb und f\u00fcnf<br \/>\nJahren verh\u00e4ngt. Die Schuldspr\u00fcche gegen die Angeklagten, die zur<br \/>\nTatzeit zwischen 14 und 21 Jahre alt waren, wurden unter anderem wegen<br \/>\nversuchten Mordes, Brandstiftung und gef\u00e4hrlicher K\u00f6rperverletzung<br \/>\ngef\u00e4llt.\n<\/p>\n<p class=\"paragraph article__item\">Die Verurteilungen nach den zur Tatzeit<br \/>\njugendlichen und heranwachsenden Angeklagten ergingen nach<br \/>\nJugendstrafrecht. Die Strafe f\u00fcr den j\u00fcngsten Angeklagten, anderthalb<br \/>\nJahre Haft, wurde zur Bew\u00e4hrung ausgesetzt.\n<\/p>\n<p class=\"paragraph article__item\">Nach \u00dcberzeugung des Gerichts ver\u00fcbte und<br \/>\nplante die Gruppe Brand- und Sprengstoffanschl\u00e4ge auf Asylbewerberheime<br \/>\nund linke Einrichtungen. Au\u00dferdem sollen Mitglieder Jagd auf Menschen, die sie f\u00fcr P\u00e4dophile hielten, gemacht haben. Der Vorsitzenden Richterin zufolge stellten die Taten den Versuch dar,<br \/>\n\u00bbChaos herbeizuf\u00fchren\u00ab.\u00a0Die Bezeichnung \u00bbbraune Kinderzimmer\u00ab sei<br \/>\n\u00bbdurchaus passend gew\u00e4hlt\u00ab, sagte sie.\n<\/p>\n<p>            Brandanschl\u00e4ge auf Asylunterk\u00fcnfte            <\/p>\n<p class=\"paragraph article__item\">Bei einem <a href=\"https:\/\/www.zeit.de\/thema\/brandanschlag\" target=\"_blank\" rel=\"nofollow noopener\">Brandanschlag<\/a> der Gruppe auf ein<br \/>\nKulturhaus im brandenburgischen Altd\u00f6bern waren im Oktober 2024 die dort<br \/>\n lebenden Menschen laut Anklage nur durch Zufall nicht verletzt worden.<br \/>\nDas Haus brannte vollst\u00e4ndig aus.\n<\/p>\n<p class=\"paragraph article__item\">Bei einem Anschlag auf eine<br \/>\nAsylbewerberunterkunft im th\u00fcringischen Schm\u00f6lln hatten zwei Mitglieder<br \/>\nder Gruppe im Januar vergangenen Jahres vergeblich versucht, das Geb\u00e4ude<br \/>\n mittels Pyrotechnik in Brand zu setzen. An der Fassade der Unterkunft<br \/>\nhatten sie unter anderem Hakenkreuze und Slogans wie <a href=\"https:\/\/www.zeit.de\/thema\/auslaenderfeindlichkeit\" target=\"_blank\" rel=\"nofollow noopener\">\u00bbAusl\u00e4nder raus\u00ab<\/a><br \/>\nhinterlassen.\n<\/p>\n<p>\n                                        Newsletter<br \/>\n                                        Was jetzt, im Osten?<\/p>\n<p class=\"newsletter-signup__text\">Anl\u00e4sslich der bevorstehenden Landtagswahlen erhalten Sie ab dem 15. Juli w\u00f6chentlich Nachrichten und Stimmungsbilder zum Wahlkampf sowie zum Alltagsleben und zur Kultur im Osten der Republik.<\/p>\n<p class=\"newsletter-signup__datapolicy\" hidden=\"\">\n            Mit Ihrer Registrierung nehmen Sie die <a href=\"https:\/\/datenschutz.zeit.de\/zon#Newsletter\" target=\"_blank\" rel=\"nofollow noopener\">Datenschutzerkl\u00e4rung<\/a> zur Kenntnis.\n        <\/p>\n<p>    Vielen Dank! Wir haben Ihnen eine E-Mail geschickt.<\/p>\n<p>Pr\u00fcfen Sie Ihr Postfach und best\u00e4tigen Sie das Newsletter-Abonnement.<\/p>\n<p class=\"paragraph article__item\">Drei Mitglieder der Gruppe hatten laut Anklage<br \/>\neinen Brandanschlag mit sogenannten Kugelbomben auf eine<br \/>\nAsylbewerberunterkunft im brandenburgischen Senftenberg geplant, der<br \/>\naber offenbar aufgrund von Hinweisen eines Reporterteams von Stern und<br \/>\n RTL verhindert werden konnte.\n<\/p>\n<p class=\"paragraph article__item\">F\u00fcnf der Angeklagten waren nach gro\u00df angelegten<br \/>\nRazzien in Mecklenburg-Vorpommern, Brandenburg und Hessen im Mai<br \/>\nvergangenen Jahres festgenommen worden. Drei weitere sa\u00dfen da schon in<br \/>\nUntersuchungshaft. Durchsuchungen hatte es zuvor schon in Sachsen und<br \/>\nTh\u00fcringen gegeben.\n<\/p>\n<p>                                    Ermittlungsverfahren gegen weitere Mitglieder der Gruppe            <\/p>\n<p class=\"paragraph article__item\">Aufgrund des jungen Alters der Angeklagten war<br \/>\ndie \u00d6ffentlichkeit nach der Anklageverlesung im M\u00e4rz bis zur<br \/>\nUrteilsverk\u00fcndung vom Prozess ausgeschlossen worden. Auch die Pl\u00e4doyers<br \/>\nvon Bundesanwaltschaft und Verteidigung wurden hinter verschlossenen<br \/>\nT\u00fcren gehalten.\n<\/p>\n<p class=\"paragraph article__item\">Noch immer sind vier der Verurteilten<br \/>\nminderj\u00e4hrig &#8211; der j\u00fcngste ist 15 Jahre alt. Drei Verurteilte sind heute<br \/>\n 17, zwei 19 und zwei 22 Jahre alt. Das Urteil ist noch nicht<br \/>\nrechtskr\u00e4ftig.\n<\/p>\n<p class=\"paragraph article__item\">Wenige Tage nach Prozessbeginn hatte die<br \/>\nBundesanwaltschaft bei einer Razzia gegen insgesamt zehn weitere<br \/>\nBeschuldigte R\u00e4umlichkeiten in Mecklenburg-Vorpommern,<br \/>\nNordrhein-Westfalen, Sachsen, Sachsen-Anhalt und Schleswig-Holstein<br \/>\ndurchsuchen lassen.\n<\/p>\n<p class=\"paragraph article__item\">Ende Juni waren in Th\u00fcringen zwei weitere<br \/>\nJugendliche als mutma\u00dfliche Mitglieder der \u00bbLetzten Verteidigungswelle\u00ab<br \/>\nverhaftet worden.\n<\/p>\n<p>Mehr zum Thema<\/p>\n<p>            Rechtsextremismus        <\/p>\n<p>                <a href=\"https:\/\/www.zeit.de\/politik\/2025-05\/terrorermittlungen-neonazis-bundesanwaltschaft-jugendliche-letzte-verteidigungswelle\" data-ct-label=\"&quot;Letzte Verteidigungswelle&quot;: Extrem jung, extrem schnell radikalisiert\" data-uuid=\"84910793-7b6f-49d0-b954-f7999f38a536\" rel=\"nofollow noopener\" target=\"_blank\"><\/p>\n<p>        Z+ (abopflichtiger Inhalt);<\/p>\n<p>    &#8222;Letzte Verteidigungswelle&#8220;:<br \/>\n                        Extrem jung, extrem schnell radikalisiert<\/p>\n<p>                <\/a><\/p>\n<p>                <a href=\"https:\/\/www.zeit.de\/politik\/deutschland\/2026-03\/letzte-verteidigungswelle-prozess-neonazis-terror-asylunterkunft\" data-ct-label=\"\u00bbLetzte Verteidigungswelle\u00ab: Er war 13 und sah sich als Leiter der Gestapo\" data-uuid=\"65628794-2ffe-4551-8fa0-a61601257bc2\" rel=\"nofollow noopener\" target=\"_blank\"><\/p>\n<p>        Z+ (abopflichtiger Inhalt);<\/p>\n<p>    \u00bbLetzte Verteidigungswelle\u00ab:<br \/>\n                        Er war 13 und sah sich als Leiter der Gestapo<\/p>\n<p>                <\/a><\/p>\n<p>                <a href=\"https:\/\/www.zeit.de\/2026\/07\/rechtsextreme-jugendkultur-schule-rechtsextremismus-statistik\" data-ct-label=\"Rechtsextreme Jugendkultur: &quot;Es gibt Tage, da h\u00f6re ich mehrmals pro Stunde das N-Wort&quot;\" data-uuid=\"7e64a344-95a7-4f0c-b9c3-8208f382dc1b\" rel=\"nofollow noopener\" target=\"_blank\"><\/p>\n<p>        Z+ (abopflichtiger Inhalt);<\/p>\n<p>    Rechtsextreme Jugendkultur:<br \/>\n                        &#8222;Es gibt Tage, da h\u00f6re ich mehrmals pro Stunde das N-Wort&#8220;<\/p>\n<p>                <\/a><\/p>\n","protected":false},"excerpt":{"rendered":"Im Prozess gegen sieben Mitglieder und einen Unterst\u00fctzer der rechtsextremen Terrorgruppe \u00bbLetzte Verteidigungswelle\u00ab hat das Hanseatische Oberlandesgericht Hamburg&hellip;\n","protected":false},"author":2,"featured_media":1217005,"comment_status":"","ping_status":"","sticky":false,"template":"","format":"standard","meta":{"footnotes":"","_share_on_mastodon":"0"},"categories":[1826],"tags":[29,30,5537,692,76852,16,193315],"class_list":["post-1217004","post","type-post","status-publish","format-standard","has-post-thumbnail","category-hamburg","tag-deutschland","tag-germany","tag-haftstrafe","tag-hamburg","tag-oberlandesgericht-hamburg","tag-politik","tag-verteidigungswelle"],"share_on_mastodon":{"url":"https:\/\/pubeurope.com\/@de\/117042720771622218","error":""},"_links":{"self":[{"href":"https:\/\/www.europesays.com\/de\/wp-json\/wp\/v2\/posts\/1217004","targetHints":{"allow":["GET"]}}],"collection":[{"href":"https:\/\/www.europesays.com\/de\/wp-json\/wp\/v2\/posts"}],"about":[{"href":"https:\/\/www.europesays.com\/de\/wp-json\/wp\/v2\/types\/post"}],"author":[{"embeddable":true,"href":"https:\/\/www.europesays.com\/de\/wp-json\/wp\/v2\/users\/2"}],"replies":[{"embeddable":true,"href":"https:\/\/www.europesays.com\/de\/wp-json\/wp\/v2\/comments?post=1217004"}],"version-history":[{"count":0,"href":"https:\/\/www.europesays.com\/de\/wp-json\/wp\/v2\/posts\/1217004\/revisions"}],"wp:featuredmedia":[{"embeddable":true,"href":"https:\/\/www.europesays.com\/de\/wp-json\/wp\/v2\/media\/1217005"}],"wp:attachment":[{"href":"https:\/\/www.europesays.com\/de\/wp-json\/wp\/v2\/media?parent=1217004"}],"wp:term":[{"taxonomy":"category","embeddable":true,"href":"https:\/\/www.europesays.com\/de\/wp-json\/wp\/v2\/categories?post=1217004"},{"taxonomy":"post_tag","embeddable":true,"href":"https:\/\/www.europesays.com\/de\/wp-json\/wp\/v2\/tags?post=1217004"}],"curies":[{"name":"wp","href":"https:\/\/api.w.org\/{rel}","templated":true}]}}