{"id":1217037,"date":"2026-08-05T12:01:18","date_gmt":"2026-08-05T12:01:18","guid":{"rendered":"https:\/\/www.europesays.com\/de\/1217037\/"},"modified":"2026-08-05T12:01:18","modified_gmt":"2026-08-05T12:01:18","slug":"haftstrafen-von-bis-zu-fuenf-jahren-gericht-verurteilt-mitglieder-rechtsextremer-terrorgruppe-letzte-verteidigungswelle","status":"publish","type":"post","link":"https:\/\/www.europesays.com\/de\/1217037\/","title":{"rendered":"Haftstrafen von bis zu f\u00fcnf Jahren: Gericht verurteilt Mitglieder rechtsextremer Terrorgruppe &#8222;Letzte Verteidigungswelle&#8220;"},"content":{"rendered":"<p>Haftstrafen von bis zu f\u00fcnf JahrenGericht verurteilt Mitglieder rechtsextremer Terrorgruppe &#8222;Letzte Verteidigungswelle&#8220;<\/p>\n<p>05.08.2026, 12:48 Uhr <\/p>\n<p>Artikel anh\u00f6ren(01:25 min)<\/p>\n<p><img decoding=\"async\" class=\"Image_img__fQCi0 Image_Img_16_9__4BLfH widget-picture-inline_maximizable__t_E7h\" loading=\"eager\" fetchpriority=\"high\" src=\"https:\/\/www.europesays.com\/de\/wp-content\/uploads\/2026\/08\/Die-Angeklagten-stehen-im-Sitzungssaal-im-Strafjustizgebaeude-zu-Beginn-des-Prozesses-gegen-die-rech.webp\" alt=\"Die-Angeklagten-stehen-im-Sitzungssaal-im-Strafjustizgebaeude-zu-Beginn-des-Prozesses-gegen-die-rechtsextreme-Terrorgruppe-Letzte-Verteidigungswelle-Die-zum-Teil-sehr-jungen-Beschuldigten-sollen-groesstenteils-Mitglied-in-einer-inlaendischen-terroristischen-Vereinigung-sein-und-wegen-versuchter-Mordes-Verabredung-zum-Mord-und-gefaehrliche-Koerperverletzung-angeklagt-sein\"\/>Die Angeklagten und ihrer Verteidiger bei einem Prozesstag im M\u00e4rz. (Foto: picture alliance\/dpa\/Pool dpa)TeilenFolgen auf:<a href=\"https:\/\/www.whatsapp.com\/channel\/0029Va5cdVJD8SDp5YZgYF01\" title=\"Auf WhatsApp folgen\" target=\"_blank\" rel=\"nofollow noopener\"><img decoding=\"async\" src=\"https:\/\/www.n-tv.de\/socialIcons\/whatsapp.svg\" alt=\"whatsapp\" class=\"ArticleShare_icon__FsrC2\"\/><\/a><a href=\"https:\/\/www.google.com\/preferences\/source?q=n-tv.de\" title=\"ntv als bevorzugte Quelle auf Google hinzuf\u00fcgen\" target=\"_blank\" rel=\"nofollow noopener\"><img decoding=\"async\" src=\"https:\/\/www.n-tv.de\/socialIcons\/google.svg\" alt=\"whatsapp\" class=\"ArticleShare_icon__FsrC2\"\/><\/a><\/p>\n<p class=\"Typography_text-m__XI0da Typography_weight-bold__uT6mq storyline_lead_text_leadtext__q_wg8\">Im Hamburger Prozess gegen acht mutma\u00dfliche Mitglieder und Unterst\u00fctzer der rechtsextremistischen Gruppierung &#8222;Letzte Verteidigungswelle&#8220; werden Haftstrafen zwischen anderthalb und f\u00fcnf Jahren verh\u00e4ngt. <\/p>\n<p class=\"Typography_text-default__P3otY Typography_weight-normal__pqUbH storyline_paragraph_p__qSR5N\">Im Prozess gegen sieben Mitglieder und einen Unterst\u00fctzer der rechtsextremen Terrorgruppe &#8222;Letzte Verteidigungswelle&#8220; hat das Hamburger Oberlandesgericht Haftstrafen zwischen anderthalb und f\u00fcnf Jahren verh\u00e4ngt. <\/p>\n<p class=\"Typography_text-default__P3otY Typography_weight-normal__pqUbH storyline_paragraph_p__qSR5N\">Die Schuldspr\u00fcche gegen die Angeklagten, die zur Tatzeit zwischen 14 und 21 Jahre alt waren, wurden neben Mitgliedschaft beziehungsweise Unterst\u00fctzung einer terroristischen Vereinigung unter anderem wegen versuchten Mordes, Brandstiftung und gef\u00e4hrlicher K\u00f6rperverletzung gef\u00e4llt. Die Verurteilungen nach den zur Tatzeit jugendlichen und heranwachsend Angeklagten ergingen nach Jugendstrafrecht. Die Strafe f\u00fcr den j\u00fcngsten Angeklagten, anderthalb Jahre Haft, wurde zur Bew\u00e4hrung ausgesetzt.<\/p>\n<p class=\"Typography_text-default__P3otY Typography_weight-normal__pqUbH storyline_paragraph_p__qSR5N\">Nach \u00dcberzeugung des Gerichts ver\u00fcbte und plante die Gruppe Brand- und Sprengstoffanschl\u00e4ge auf Asylbewerberheime und linke Einrichtungen. Au\u00dferdem sollen Mitglieder sogenanntes &#8222;P\u00e4do-Hunting&#8220; &#8211; also Jagd auf Menschen, die sie f\u00fcr P\u00e4dophile hielten &#8211; gemacht haben.<\/p>\n<p>Prozess unter Ausschluss der \u00d6ffentlichkeit<\/p>\n<p class=\"Typography_text-default__P3otY Typography_weight-normal__pqUbH storyline_paragraph_p__qSR5N\">Aufgrund des jungen Alters der Angeklagten war die \u00d6ffentlichkeit nach der Anklageverlesung im M\u00e4rz bis zur Urteilsverk\u00fcndung vom Prozess ausgeschlossen worden. Auch die Pl\u00e4doyers von Bundesanwaltschaft und Verteidigung wurden hinter verschlossenen T\u00fcren gehalten. Noch immer sind vier der Verurteilten minderj\u00e4hrig &#8211; der j\u00fcngste ist 15 Jahre alt. Drei Verurteilte sind heute 17, zwei 19 und zwei 22 Jahre alt. Das Urteil ist noch nicht rechtskr\u00e4ftig.<\/p>\n<p class=\"Typography_text-default__P3otY Typography_weight-normal__pqUbH storyline_paragraph_p__qSR5N\">Bei einem Brandanschlag der Gruppe auf ein Kulturhaus im brandenburgischen Altd\u00f6bern waren im Oktober 2024 die dort lebenden Menschen laut Anklage nur durch Zufall nicht verletzt worden. Das Haus brannte vollst\u00e4ndig aus.<\/p>\n<p class=\"Typography_text-default__P3otY Typography_weight-normal__pqUbH storyline_paragraph_p__qSR5N\">Bei einem Anschlag auf eine Asylbewerberunterkunft im th\u00fcringischen Schm\u00f6lln hatten zwei Mitglieder der Gruppe im Januar vergangenen Jahres vergeblich versucht, das Geb\u00e4ude mittels Pyrotechnik in Brand zu setzen. An der Fassade der Unterkunft hatten sie unter anderem Hakenkreuze und Slogans wie &#8222;Ausl\u00e4nder raus&#8220; hinterlassen.<\/p>\n<p>&#8222;Stern&#8220;\/RTL-Recherche deckt Gruppenaktivit\u00e4t auf<\/p>\n<p class=\"Typography_text-default__P3otY Typography_weight-normal__pqUbH storyline_paragraph_p__qSR5N\">Drei Mitglieder der Gruppe hatten laut Anklage einen Brandanschlag mit sogenannten Kugelbomben auf eine Asylbewerberunterkunft im brandenburgischen Senftenberg geplant, der aber offenbar aufgrund von Hinweisen eines Reporterteams von &#8222;Stern&#8220; und RTL verhindert werden konnte.<\/p>\n<p class=\"Typography_text-default__P3otY Typography_weight-normal__pqUbH storyline_paragraph_p__qSR5N\">F\u00fcnf der Angeklagten waren nach gro\u00dfangelegten Razzien in Mecklenburg-Vorpommern, Brandenburg und Hessen im Mai vergangenen Jahres festgenommen worden. Drei weitere sa\u00dfen da schon in Untersuchungshaft. Durchsuchungen hatte es zuvor schon in Sachsen und Th\u00fcringen gegeben.<\/p>\n<p class=\"Typography_text-default__P3otY Typography_weight-normal__pqUbH storyline_paragraph_p__qSR5N\">Wenige Tage nach Prozessbeginn hatte die Bundesanwaltschaft bei einer Razzia gegen insgesamt zehn weitere Beschuldigte R\u00e4umlichkeiten in Mecklenburg-Vorpommern, Nordrhein-Westfalen, Sachsen, Sachsen-Anhalt und Schleswig-Holstein durchsuchen lassen. Ende Juni waren in Th\u00fcringen zwei weitere Jugendliche als mutma\u00dfliche Mitglieder der &#8222;Letzten Verteidigungswelle&#8220; verhaftet worden.<\/p>\n<p class=\"Typography_text-s__wu_cm Typography_weight-normal__pqUbH Typography_color-darkgrey__sZEnP article-detail-footer_source__KslPc\">Quelle: ntv.de, als\/AFP<\/p>\n","protected":false},"excerpt":{"rendered":"Haftstrafen von bis zu f\u00fcnf JahrenGericht verurteilt Mitglieder rechtsextremer Terrorgruppe &#8222;Letzte Verteidigungswelle&#8220; 05.08.2026, 12:48 Uhr Artikel anh\u00f6ren(01:25 min)&hellip;\n","protected":false},"author":2,"featured_media":1216946,"comment_status":"","ping_status":"","sticky":false,"template":"","format":"standard","meta":{"footnotes":"","_share_on_mastodon":"0"},"categories":[2],"tags":[253140,29,30,13,14,15,16,505,770,12,10,8,9,11,11747],"class_list":["post-1217037","post","type-post","status-publish","format-standard","has-post-thumbnail","category-deutschland","tag-anschlaege-auf-fluechtlingsunterkuenfte","tag-deutschland","tag-germany","tag-headlines","tag-nachrichten","tag-news","tag-politik","tag-prozesse","tag-rechtsextremismus","tag-schlagzeilen","tag-top-news","tag-top-meldungen","tag-topmeldungen","tag-topnews","tag-urteile"],"share_on_mastodon":{"url":"https:\/\/pubeurope.com\/@de\/117042799702939044","error":""},"_links":{"self":[{"href":"https:\/\/www.europesays.com\/de\/wp-json\/wp\/v2\/posts\/1217037","targetHints":{"allow":["GET"]}}],"collection":[{"href":"https:\/\/www.europesays.com\/de\/wp-json\/wp\/v2\/posts"}],"about":[{"href":"https:\/\/www.europesays.com\/de\/wp-json\/wp\/v2\/types\/post"}],"author":[{"embeddable":true,"href":"https:\/\/www.europesays.com\/de\/wp-json\/wp\/v2\/users\/2"}],"replies":[{"embeddable":true,"href":"https:\/\/www.europesays.com\/de\/wp-json\/wp\/v2\/comments?post=1217037"}],"version-history":[{"count":0,"href":"https:\/\/www.europesays.com\/de\/wp-json\/wp\/v2\/posts\/1217037\/revisions"}],"wp:featuredmedia":[{"embeddable":true,"href":"https:\/\/www.europesays.com\/de\/wp-json\/wp\/v2\/media\/1216946"}],"wp:attachment":[{"href":"https:\/\/www.europesays.com\/de\/wp-json\/wp\/v2\/media?parent=1217037"}],"wp:term":[{"taxonomy":"category","embeddable":true,"href":"https:\/\/www.europesays.com\/de\/wp-json\/wp\/v2\/categories?post=1217037"},{"taxonomy":"post_tag","embeddable":true,"href":"https:\/\/www.europesays.com\/de\/wp-json\/wp\/v2\/tags?post=1217037"}],"curies":[{"name":"wp","href":"https:\/\/api.w.org\/{rel}","templated":true}]}}