{"id":1217067,"date":"2026-08-05T12:18:14","date_gmt":"2026-08-05T12:18:14","guid":{"rendered":"https:\/\/www.europesays.com\/de\/1217067\/"},"modified":"2026-08-05T12:18:14","modified_gmt":"2026-08-05T12:18:14","slug":"nrw-kreis-herford-caritas-fordert-hoehere-steuern-auf-alkohol","status":"publish","type":"post","link":"https:\/\/www.europesays.com\/de\/1217067\/","title":{"rendered":"NRW\/Kreis Herford: Caritas fordert h\u00f6here Steuern auf Alkohol"},"content":{"rendered":"<p>Die Caritas bei uns findet, der Staat sollte h\u00f6here Steuern auf Alkohol erheben. Er werde dadurch teurer und weniger attraktiv f\u00fcr Jugendliche oder auch Vieltrinker. Was wiederum gut f\u00fcr die Gesundheit sei. Die Caritas NRW lieb\u00e4ugelt aber offenbar auch mit h\u00f6heren Einnahmen.\u00a0<\/p>\n<p>Mehr Geld f\u00fcr Suchthilfe gefordert<\/p>\n<p>Die Mehreinnahmen durch eine erh\u00f6hte Alkoholsteuer k\u00f6nnten unter anderem in die Suchthilfe gesteckt werden, schl\u00e4gt sie vor. Die Politik m\u00fcsse Pr\u00e4vention, Gesundheitsf\u00f6rderung und Suchthilfe finanziell mehr unterst\u00fctzen.\u00a0<\/p>\n","protected":false},"excerpt":{"rendered":"Die Caritas bei uns findet, der Staat sollte h\u00f6here Steuern auf Alkohol erheben. Er werde dadurch teurer und&hellip;\n","protected":false},"author":2,"featured_media":1217068,"comment_status":"","ping_status":"","sticky":false,"template":"","format":"standard","meta":{"footnotes":"","_share_on_mastodon":"0"},"categories":[1841],"tags":[6789,1605,2529,3364,29,30,1209,2149],"class_list":["post-1217067","post","type-post","status-publish","format-standard","has-post-thumbnail","category-bielefeld","tag-alkohol","tag-bielefeld","tag-caritas","tag-de","tag-deutschland","tag-germany","tag-nordrhein-westfalen","tag-steuern"],"share_on_mastodon":{"url":"https:\/\/pubeurope.com\/@de\/117042866032236926","error":""},"_links":{"self":[{"href":"https:\/\/www.europesays.com\/de\/wp-json\/wp\/v2\/posts\/1217067","targetHints":{"allow":["GET"]}}],"collection":[{"href":"https:\/\/www.europesays.com\/de\/wp-json\/wp\/v2\/posts"}],"about":[{"href":"https:\/\/www.europesays.com\/de\/wp-json\/wp\/v2\/types\/post"}],"author":[{"embeddable":true,"href":"https:\/\/www.europesays.com\/de\/wp-json\/wp\/v2\/users\/2"}],"replies":[{"embeddable":true,"href":"https:\/\/www.europesays.com\/de\/wp-json\/wp\/v2\/comments?post=1217067"}],"version-history":[{"count":0,"href":"https:\/\/www.europesays.com\/de\/wp-json\/wp\/v2\/posts\/1217067\/revisions"}],"wp:featuredmedia":[{"embeddable":true,"href":"https:\/\/www.europesays.com\/de\/wp-json\/wp\/v2\/media\/1217068"}],"wp:attachment":[{"href":"https:\/\/www.europesays.com\/de\/wp-json\/wp\/v2\/media?parent=1217067"}],"wp:term":[{"taxonomy":"category","embeddable":true,"href":"https:\/\/www.europesays.com\/de\/wp-json\/wp\/v2\/categories?post=1217067"},{"taxonomy":"post_tag","embeddable":true,"href":"https:\/\/www.europesays.com\/de\/wp-json\/wp\/v2\/tags?post=1217067"}],"curies":[{"name":"wp","href":"https:\/\/api.w.org\/{rel}","templated":true}]}}