{"id":1217145,"date":"2026-08-05T13:06:30","date_gmt":"2026-08-05T13:06:30","guid":{"rendered":"https:\/\/www.europesays.com\/de\/1217145\/"},"modified":"2026-08-05T13:06:30","modified_gmt":"2026-08-05T13:06:30","slug":"nach-eigentuemerwechsel-neue-doppelspitze-bei-muenchner-institution","status":"publish","type":"post","link":"https:\/\/www.europesays.com\/de\/1217145\/","title":{"rendered":"Nach Eigent\u00fcmerwechsel: Neue Doppelspitze bei M\u00fcnchner Institution"},"content":{"rendered":"<p>Das Personalkarussell dreht sich weiter: Es ist noch nicht lange her, da verk\u00fcndete das M\u00fcnchner Modekaufhaus Ludwig Beck, dass sich der <a href=\"https:\/\/www.abendzeitung-muenchen.de\/muenchen\/nach-heftigen-attacken-immobilien-milliardaer-uebernimmt-traditionskaufhaus-am-marienplatz-art-1135154\" title=\"Nach heftigen Attacken: Immobilien-Milliard\u00e4r \u00fcbernimmt Traditionskaufhaus am Marienplatz\" rel=\"nofollow noopener\" target=\"_blank\">Immobilienunternehmer Alfons Doblinger eine Mehrheitsbeteiligung<\/a> an dem Unternehmen gesichert habe, dann gab es eine <a href=\"https:\/\/www.abendzeitung-muenchen.de\/muenchen\/mit-sofortiger-wirkung-bosse-beben-bei-ludwig-beck-art-1137935\" title=\"&quot;Mit sofortiger Wirkung&quot;: Bosse-Beben bei Ludwig Beck\" rel=\"nofollow noopener\" target=\"_blank\">Ver\u00e4nderung im Aufsichtsrat<\/a>. Jetzt gibt es eine neue Doppelspitze in der Gesch\u00e4ftsf\u00fchrung.<\/p>\n<p>Sebastian J\u00e4nisch \u00fcbernimmt Aufgaben von Christian Greiner<\/p>\n<p>Nach dem Ende Mai erfolgten Mehrheitswechsel bei Ludwig Beck mit seinem Stammhaus am Marienplatz habe Sebastian J\u00e4nisch Anfang Juli seine Funktion in der Gesch\u00e4ftsf\u00fchrung des M\u00fcnchner Traditionskaufhauses aufgenommen, teilt das Unternehmen mit.<\/p>\n<p>&#8222;J\u00e4nisch \u00fcbernimmt die bisherigen Agenden von Christian Greiner, der nach langj\u00e4hriger T\u00e4tigkeit aus dem Unternehmen ausscheiden wird&#8220;, hei\u00dft es weiter: &#8222;Die Gesch\u00e4ftsf\u00fchrung wird k\u00fcnftig gemeinsam mit dem amtierenden Vorstand Jens Schott wahrgenommen.&#8220;\u00a0<\/p>\n<p>      <img decoding=\"async\" loading=\"lazy\" src=\"https:\/\/www.europesays.com\/de\/wp-content\/uploads\/2026\/08\/1723655_dfgsdfgsdfg_artikelbild-100proz_1GsOWH_gyQ5Sr.jpg\" alt=\"In der neuen Doppelspitze verantwortet Sebastian J\u00e4nisch k\u00fcnftig das operative Gesch\u00e4ft, &#10;w\u00e4hrend Jens Schott die Bereiche Verwaltung und Finanzen f\u00fchrt.\" title=\"In der neuen Doppelspitze verantwortet Sebastian J\u00e4nisch k\u00fcnftig das operative Gesch\u00e4ft, &#10;w\u00e4hrend Jens Schott die Bereiche Verwaltung und Finanzen f\u00fchrt.\" width=\"812\" height=\"532\"\/><\/p>\n<p>      In der neuen Doppelspitze verantwortet Sebastian J\u00e4nisch k\u00fcnftig das operative Gesch\u00e4ft,<br \/>\nw\u00e4hrend Jens Schott die Bereiche Verwaltung und Finanzen f\u00fchrt.<br \/>\n      \u00a9 Raimo Rudi Rumpler<\/p>\n<p>    In der neuen Doppelspitze verantwortet Sebastian J\u00e4nisch k\u00fcnftig das operative Gesch\u00e4ft,<br \/>\nw\u00e4hrend Jens Schott die Bereiche Verwaltung und Finanzen f\u00fchrt.<\/p>\n<p>von Raimo Rudi Rumpler <\/p>\n<p>&#8222;}&#8220;&gt; <\/p>\n<p>Der F\u00fchrungswechsel stehe f\u00fcr die &#8222;konsequente Weiterentwicklung&#8220; von Ludwig Beck und den weiteren &#8222;Ausbau seiner Position im Premiumsegment&#8220;. \u00a0Sebastian J\u00e4nisch war 21 Jahre f\u00fcr Peek &amp; Cloppenburg als Manager t\u00e4tig. In den vergangenen f\u00fcnf Jahren verantwortete er als Gesch\u00e4ftsf\u00fchrer zwei Weltstadth\u00e4user von Peek &amp; Cloppenburg in Wien.<\/p>\n<p>  <img decoding=\"async\" loading=\"lazy\" src=\"https:\/\/www.europesays.com\/de\/wp-content\/uploads\/2026\/08\/1723792_jens-schott-ludwig-beck_artikelbild_1GsOUp_LbJvUy.jpg\" alt=\"Ist bereits im Vorstand:  Jens Schott f\u00fchrt die Bereiche Verwaltung und Finanzen.\" title=\"Ist bereits im Vorstand:  Jens Schott f\u00fchrt die Bereiche Verwaltung und Finanzen.\" width=\"812\" height=\"459\"\/><\/p>\n<p>      Ist bereits im Vorstand:  Jens Schott f\u00fchrt die Bereiche Verwaltung und Finanzen.<br \/>\n      \u00a9 Michael Gueth\/Dirk Koeberle<\/p>\n<p>    Ist bereits im Vorstand:  Jens Schott f\u00fchrt die Bereiche Verwaltung und Finanzen.<\/p>\n<p>von Michael Gueth\/Dirk Koeberle <\/p>\n<p>&#8222;}&#8220;&gt; <\/p>\n<p>In der neuen Doppelspitze verantwortet J\u00e4nisch k\u00fcnftig das operative Gesch\u00e4ft, w\u00e4hrend Jens Schott die Bereiche Verwaltung und Finanzen f\u00fchrt. Christian Greiner scheidet mit dem Wechsel an der Unternehmensspitze aus.<\/p>\n","protected":false},"excerpt":{"rendered":"Das Personalkarussell dreht sich weiter: Es ist noch nicht lange her, da verk\u00fcndete das M\u00fcnchner Modekaufhaus Ludwig Beck,&hellip;\n","protected":false},"author":2,"featured_media":1217146,"comment_status":"","ping_status":"","sticky":false,"template":"","format":"standard","meta":{"footnotes":"","_share_on_mastodon":"0"},"categories":[1827],"tags":[253176,772,29,30,68511,253174,350,253175,1268,12501,173,27822],"class_list":["post-1217145","post","type-post","status-publish","format-standard","has-post-thumbnail","category-muenchen","tag-alfons-doblinger","tag-bayern","tag-deutschland","tag-germany","tag-geschaeftsfuehrung","tag-ludwig-beck","tag-mode","tag-modekaufhaus","tag-muenchen","tag-personal","tag-unternehmen","tag-unternehmer"],"share_on_mastodon":{"url":"https:\/\/pubeurope.com\/@de\/117043057439716723","error":""},"_links":{"self":[{"href":"https:\/\/www.europesays.com\/de\/wp-json\/wp\/v2\/posts\/1217145","targetHints":{"allow":["GET"]}}],"collection":[{"href":"https:\/\/www.europesays.com\/de\/wp-json\/wp\/v2\/posts"}],"about":[{"href":"https:\/\/www.europesays.com\/de\/wp-json\/wp\/v2\/types\/post"}],"author":[{"embeddable":true,"href":"https:\/\/www.europesays.com\/de\/wp-json\/wp\/v2\/users\/2"}],"replies":[{"embeddable":true,"href":"https:\/\/www.europesays.com\/de\/wp-json\/wp\/v2\/comments?post=1217145"}],"version-history":[{"count":0,"href":"https:\/\/www.europesays.com\/de\/wp-json\/wp\/v2\/posts\/1217145\/revisions"}],"wp:featuredmedia":[{"embeddable":true,"href":"https:\/\/www.europesays.com\/de\/wp-json\/wp\/v2\/media\/1217146"}],"wp:attachment":[{"href":"https:\/\/www.europesays.com\/de\/wp-json\/wp\/v2\/media?parent=1217145"}],"wp:term":[{"taxonomy":"category","embeddable":true,"href":"https:\/\/www.europesays.com\/de\/wp-json\/wp\/v2\/categories?post=1217145"},{"taxonomy":"post_tag","embeddable":true,"href":"https:\/\/www.europesays.com\/de\/wp-json\/wp\/v2\/tags?post=1217145"}],"curies":[{"name":"wp","href":"https:\/\/api.w.org\/{rel}","templated":true}]}}