{"id":1217175,"date":"2026-08-05T13:24:19","date_gmt":"2026-08-05T13:24:19","guid":{"rendered":"https:\/\/www.europesays.com\/de\/1217175\/"},"modified":"2026-08-05T13:24:19","modified_gmt":"2026-08-05T13:24:19","slug":"schauspieler-jochen-horst-huendin-legt-tv-kommissar-um-unterhaltung","status":"publish","type":"post","link":"https:\/\/www.europesays.com\/de\/1217175\/","title":{"rendered":"Schauspieler Jochen Horst: H\u00fcndin legt TV-Kommissar um | Unterhaltung"},"content":{"rendered":"<p><a class=\"skip-content skip-content--link\" href=\"#in-content-skip-link-target-v-0-0\">TTS-Player \u00fcberspringen\u21b5<\/a><a id=\"in-content-skip-link-target-v-0-0\" class=\"skip-content--target-link-hidden skip-content skip-content--target-link\" href=\"#in-content-skip-link-target-v-0-0\">Artikel weiterlesen<\/a><\/p>\n<p data-32581ace=\"0-2386\">Berlin \u2013<b> Millionen TV-Zuschauer kennen Jochen Horst (64) als Kriminalkommissar Stefan Balko aus der RTL-Kultserie \u201eBalko\u201c. Zuletzt begeisterte der Schauspieler bei \u201ePromi Big Brother\u201c ein Millionenpublikum, belegte in der Reality-Show den zweiten Platz. Jetzt hat ihn seine eigene H\u00fcndin Gucci zu Fall gebracht \u2013 mit b\u00f6sen Folgen: B\u00e4nderriss, Kr\u00fccken und eine wochenlange Pause.<\/b><\/p>\n<p>Wie es zum Unfall kam<\/p>\n<p data-32581ace=\"0-2386\">Es passierte beim Gassigehen in der vergangenen Woche in Essen (NRW), wo er zu Besuch war. Zu BILD sagt Jochen Horst, der eigentlich in der Schweiz lebt: \u201eDie Leine hatte sich um meine Beine gewickelt. Als Gucci sich pl\u00f6tzlich erschreckte und losschoss, bin ich gest\u00fcrzt und habe mir dabei die B\u00e4nder im rechten Bein gerissen.\u201c Der Schauspieler weiter: \u201eGucci ist eine \u00e4u\u00dferst schreckhafte H\u00fcndin. Immer wieder reagiert sie panisch auf laute Ger\u00e4usche oder unerwartete Bewegungen. Dann springt sie zur\u00fcck oder schie\u00dft nach vorn. Dabei verf\u00e4ngt sich die Leine immer wieder um die Beine ihres Herrchens. Genauso passierte es auch an diesem Tag.\u201c<\/p>\n<p><img decoding=\"async\" width=\"992\" height=\"558\" alt=\"So kennen wir Jochen Horst, der als \u201eBalko\u201c bei RTL bekannt wurde\" loading=\"lazy\" src=\"https:\/\/www.europesays.com\/de\/wp-content\/uploads\/2026\/08\/3388d1fa943905fd5772aa7ad8b67c7e,8b57d468.jpeg\"   class=\"landscape\"\/><\/p>\n<p class=\"fig__caption__text\">Jochen Horst (Mitte) in seiner wohl bekanntesten Rolle als Kriminalhauptkommissar Stefan Balko, die er von 1995 bis 1998 in der gleichnamigen RTL-Krimiserie spielte<\/p>\n<p>Foto: picture alliance\/teutopress<\/p>\n<p>Gucci hat eine traurige Vergangenheit<\/p>\n<p data-32581ace=\"0-2386\">2025 fand die H\u00fcndin ein Zuhause bei <a href=\"https:\/\/www.bild.de\/unterhaltung\/stars-und-leute\/jochen-horst-im-steckbrief-was-macht-der-balko-star-heute-6704ddbdd8476a4127f49020\" class=\"text-link\" rel=\"nofollow noopener\" target=\"_blank\">Jochen Horst<\/a> und seiner Frau Tina (53). Sie nannten sie Gucci. Warum? \u201eAls wir sie bekamen, hatte mein <a href=\"https:\/\/www.bild.de\/unterhaltung\/stars-und-leute\/balko-sohn-startet-als-model-durch-ich-reise-viel-und-bin-mit-schoenen-frauen-zusammen-688331390e680a76f4e950de\" class=\"text-link\" rel=\"nofollow noopener\" target=\"_blank\">Sohn Chazz <\/a>seinen ersten Exklusiv-Vertrag mit Gucci in Mailand\u201c, sagt er zu BILD.  <\/p>\n<p>Mehr zum Thema<\/p>\n<p data-32581ace=\"0-2386\">Zuvor hatte sie bereits f\u00fcnf verschiedene Vorbesitzer. Die sechsj\u00e4hrige, reinrassige, spanische Wasserh\u00fcndin hat schon viel durchmachen m\u00fcssen. Sie landete auf dem spanischen Festland in einer T\u00f6tungsstation und kam \u00fcber eine Tierschutzorganisation nach Deutschland. Es wird vermutet, dass Gucci urspr\u00fcnglich einem J\u00e4ger geh\u00f6rte. Weil sie Tiere \u00fcber alles liebt und sich deshalb wohl nicht als Jagdhund eignete, soll sie ausgesetzt worden sein. Sie wanderte jahrelang von Besitzer zu Besitzer, bevor sie bei Familie Horst ankam.<\/p>\n<p><img decoding=\"async\" width=\"992\" height=\"558\" alt=\"Schauspieler Jochen Horst wurde 2024 Zweiter bei \u201ePromi Big Brother\u201c. Er ist Grimme-Preistr\u00e4ger, hat auch ein Buch geschrieben. Der Titel: \u201eWie geht man richtig fremd?\u201c\" loading=\"lazy\" src=\"https:\/\/www.europesays.com\/de\/wp-content\/uploads\/2026\/08\/eb2cb35dc206f6de8831fdd9259b7075,bc95e8d9.jpeg\"   class=\"landscape\"\/><\/p>\n<p class=\"fig__caption__text\">Schauspieler Jochen Horst wurde 2024 Zweiter bei \u201ePromi Big Brother\u201c. Er ist Grimme-Preistr\u00e4ger, hat auch ein Buch geschrieben. Der Titel: \u201eWie geht man richtig fremd?\u201c <\/p>\n<p>Foto: Joyn<\/p>\n<p data-32581ace=\"0-2386\">Die belastenden Erfahrungen haben Spuren hinterlassen. Gucci ist bis heute sehr \u00e4ngstlich und braucht viel Geduld, Vertrauen und Sicherheit. Genau das m\u00f6chten Jochen und Tina Horst ihr jeden Tag geben. <\/p>\n<p>\u201eIch mache Gucci keine Vorw\u00fcrfe\u201c<\/p>\n<p data-32581ace=\"0-2386\">Trotz des schmerzhaften Unfalls ist Jochen Horst seiner H\u00fcndin nicht b\u00f6se. F\u00fcr ihn steht fest: Gucci hat nicht aus Aggression gehandelt, sondern aus Angst. Auch wenn ihn der B\u00e4nderriss nun f\u00fcr mehrere Wochen au\u00dfer Gefecht setzt, bereut er die Entscheidung f\u00fcr den Tierschutzhund keine Sekunde.<\/p>\n","protected":false},"excerpt":{"rendered":"TTS-Player \u00fcberspringen\u21b5Artikel weiterlesen Berlin \u2013 Millionen TV-Zuschauer kennen Jochen Horst (64) als Kriminalkommissar Stefan Balko aus der RTL-Kultserie&hellip;\n","protected":false},"author":2,"featured_media":1217176,"comment_status":"","ping_status":"","sticky":false,"template":"","format":"standard","meta":{"footnotes":"","_share_on_mastodon":"0"},"categories":[155],"tags":[13522,29,214,30,604,12015,640,935,138370,2624,215],"class_list":["post-1217175","post","type-post","status-publish","format-standard","has-post-thumbnail","category-unterhaltung","tag-big-brother-promi","tag-deutschland","tag-entertainment","tag-germany","tag-hund","tag-reality-show","tag-rtl","tag-schauspieler","tag-team-first","tag-unfaelle","tag-unterhaltung"],"share_on_mastodon":{"url":"","error":""},"_links":{"self":[{"href":"https:\/\/www.europesays.com\/de\/wp-json\/wp\/v2\/posts\/1217175","targetHints":{"allow":["GET"]}}],"collection":[{"href":"https:\/\/www.europesays.com\/de\/wp-json\/wp\/v2\/posts"}],"about":[{"href":"https:\/\/www.europesays.com\/de\/wp-json\/wp\/v2\/types\/post"}],"author":[{"embeddable":true,"href":"https:\/\/www.europesays.com\/de\/wp-json\/wp\/v2\/users\/2"}],"replies":[{"embeddable":true,"href":"https:\/\/www.europesays.com\/de\/wp-json\/wp\/v2\/comments?post=1217175"}],"version-history":[{"count":0,"href":"https:\/\/www.europesays.com\/de\/wp-json\/wp\/v2\/posts\/1217175\/revisions"}],"wp:featuredmedia":[{"embeddable":true,"href":"https:\/\/www.europesays.com\/de\/wp-json\/wp\/v2\/media\/1217176"}],"wp:attachment":[{"href":"https:\/\/www.europesays.com\/de\/wp-json\/wp\/v2\/media?parent=1217175"}],"wp:term":[{"taxonomy":"category","embeddable":true,"href":"https:\/\/www.europesays.com\/de\/wp-json\/wp\/v2\/categories?post=1217175"},{"taxonomy":"post_tag","embeddable":true,"href":"https:\/\/www.europesays.com\/de\/wp-json\/wp\/v2\/tags?post=1217175"}],"curies":[{"name":"wp","href":"https:\/\/api.w.org\/{rel}","templated":true}]}}