{"id":121720,"date":"2025-05-19T01:55:33","date_gmt":"2025-05-19T01:55:33","guid":{"rendered":"https:\/\/www.europesays.com\/de\/121720\/"},"modified":"2025-05-19T01:55:33","modified_gmt":"2025-05-19T01:55:33","slug":"andreas-luthe-will-top-amt-beim-vfl-bochum","status":"publish","type":"post","link":"https:\/\/www.europesays.com\/de\/121720\/","title":{"rendered":"Andreas Luthe will Top-Amt beim VfL Bochum"},"content":{"rendered":"\n<p>Der ehemalige Torh\u00fcter Andreas Luthe will den VfL Bochum nach dem Abstieg aus der Fu\u00dfball-Bundesliga als Pr\u00e4sidiumsmitglied wieder nach oben f\u00fchren.<\/p>\n<p>&#8222;Ich habe mich entschieden, am 14. Juni auf der au\u00dferordentlichen Mitgliederversammlung f\u00fcr das Pr\u00e4sidium zu kandidieren. Dies mit Hans-Peter Villis und einem Team mit VfL-DNA und hoher Kompetenz&#8220;, sagte Luthe im Interview mit der &#8222;Funke Mediengruppe&#8220;.<\/p>\n<p>Nach dem Abstieg ben\u00f6tige der Verein jetzt &#8222;Stabilit\u00e4t, Qualit\u00e4t, aktives Handeln und einen positiven Impuls f\u00fcr den gemeinsamen Neuanfang&#8220;, erg\u00e4nzte Luthe. Die Neuwahl des Pr\u00e4sidiums ist n\u00f6tig geworden, weil sich das wichtigste Gremium des Vereins im Saisonverlauf stark zerstritten hatte. Gegen den langj\u00e4hrigen Pr\u00e4sidenten Villis gab es im Herbst des vergangenen Jahres einen De-facto-Putsch, woraufhin er sich offiziell wegen gesundheitlicher Probleme zur\u00fcckzog.<\/p>\n<p>Einige Wochen sp\u00e4ter wurde er abgew\u00e4hlt. Auf der Mitgliederversammlung im vergangenen Dezember verk\u00fcndete der derzeitige Pr\u00e4sident Uwe Tigges eine Neuwahl f\u00fcr den 14. Juni.<\/p>\n<p>Luthe hatte seine Karriere nach dem Klassenerhalt in der Saison 2023\/24 in der Relegation gegen Fortuna D\u00fcsseldorf beendet.<\/p>\n<p>&#8222;Wir haben es als Verein vers\u00e4umt, rechtzeitig die Strukturen anzupassen, klare Zust\u00e4ndigkeiten zu schaffen und die sportliche Entwicklung strategisch zu begleiten&#8220;, sagte er: &#8222;Die Quittung bekommt der VfL Bochum mit dem Abstieg. Wir m\u00fcssen jetzt die Wende einleiten, da wir sonst links und rechts \u00fcberholt werden. Das m\u00fcssen jetzt alle beim VfL Bochum verstehen.&#8220;<\/p>\n","protected":false},"excerpt":{"rendered":"Der ehemalige Torh\u00fcter Andreas Luthe will den VfL Bochum nach dem Abstieg aus der Fu\u00dfball-Bundesliga als Pr\u00e4sidiumsmitglied wieder&hellip;\n","protected":false},"author":2,"featured_media":121721,"comment_status":"","ping_status":"","sticky":false,"template":"","format":"standard","meta":{"footnotes":""},"categories":[1839],"tags":[46068,7507,299,3364,29,347,30,1209,887,8173],"class_list":{"0":"post-121720","1":"post","2":"type-post","3":"status-publish","4":"format-standard","5":"has-post-thumbnail","7":"category-bochum","8":"tag-andreas-luthe","9":"tag-bochum","10":"tag-bundesliga","11":"tag-de","12":"tag-deutschland","13":"tag-fussball","14":"tag-germany","15":"tag-nordrhein-westfalen","16":"tag-top-fussball","17":"tag-vfl-bochum"},"share_on_mastodon":{"url":"https:\/\/pubeurope.com\/@de\/114532012737874210","error":""},"_links":{"self":[{"href":"https:\/\/www.europesays.com\/de\/wp-json\/wp\/v2\/posts\/121720","targetHints":{"allow":["GET"]}}],"collection":[{"href":"https:\/\/www.europesays.com\/de\/wp-json\/wp\/v2\/posts"}],"about":[{"href":"https:\/\/www.europesays.com\/de\/wp-json\/wp\/v2\/types\/post"}],"author":[{"embeddable":true,"href":"https:\/\/www.europesays.com\/de\/wp-json\/wp\/v2\/users\/2"}],"replies":[{"embeddable":true,"href":"https:\/\/www.europesays.com\/de\/wp-json\/wp\/v2\/comments?post=121720"}],"version-history":[{"count":0,"href":"https:\/\/www.europesays.com\/de\/wp-json\/wp\/v2\/posts\/121720\/revisions"}],"wp:featuredmedia":[{"embeddable":true,"href":"https:\/\/www.europesays.com\/de\/wp-json\/wp\/v2\/media\/121721"}],"wp:attachment":[{"href":"https:\/\/www.europesays.com\/de\/wp-json\/wp\/v2\/media?parent=121720"}],"wp:term":[{"taxonomy":"category","embeddable":true,"href":"https:\/\/www.europesays.com\/de\/wp-json\/wp\/v2\/categories?post=121720"},{"taxonomy":"post_tag","embeddable":true,"href":"https:\/\/www.europesays.com\/de\/wp-json\/wp\/v2\/tags?post=121720"}],"curies":[{"name":"wp","href":"https:\/\/api.w.org\/{rel}","templated":true}]}}